{"id":54048,"date":"2026-01-26T22:35:44","date_gmt":"2026-01-27T01:35:44","guid":{"rendered":"https:\/\/labestiadeportiva.com\/lbd\/?p=54048"},"modified":"2026-01-26T22:36:16","modified_gmt":"2026-01-27T01:36:16","slug":"muy-conforme-con-la-semana-transcurrida-audio","status":"publish","type":"post","link":"http:\/\/labestiadeportiva.com\/lbd\/muy-conforme-con-la-semana-transcurrida-audio\/","title":{"rendered":"\u00abMuy conforme con la semana transcurrida\u00bb (Audio)"},"content":{"rendered":"\n<figure class=\"wp-block-image size-large\"><a href=\"https:\/\/labestiadeportiva.com\/lbd\/wp-content\/uploads\/2026\/01\/IMG-20260126-WA0040-scaled.jpg\"><img loading=\"lazy\" width=\"1024\" height=\"768\" src=\"https:\/\/labestiadeportiva.com\/lbd\/wp-content\/uploads\/2026\/01\/IMG-20260126-WA0040-1024x768.jpg\" alt=\"\" class=\"wp-image-54049\" srcset=\"http:\/\/labestiadeportiva.com\/lbd\/wp-content\/uploads\/2026\/01\/IMG-20260126-WA0040-1024x768.jpg 1024w, http:\/\/labestiadeportiva.com\/lbd\/wp-content\/uploads\/2026\/01\/IMG-20260126-WA0040-300x225.jpg 300w, http:\/\/labestiadeportiva.com\/lbd\/wp-content\/uploads\/2026\/01\/IMG-20260126-WA0040-768x576.jpg 768w, http:\/\/labestiadeportiva.com\/lbd\/wp-content\/uploads\/2026\/01\/IMG-20260126-WA0040-1536x1152.jpg 1536w, http:\/\/labestiadeportiva.com\/lbd\/wp-content\/uploads\/2026\/01\/IMG-20260126-WA0040-2048x1536.jpg 2048w, http:\/\/labestiadeportiva.com\/lbd\/wp-content\/uploads\/2026\/01\/IMG-20260126-WA0040-640x480.jpg 640w\" sizes=\"(max-width: 1024px) 100vw, 1024px\" \/><\/a><\/figure>\n\n\n\n<figure class=\"wp-block-image size-full\"><a href=\"http:\/\/labestiadeportiva.com\/lbd\/wp-content\/uploads\/2022\/11\/CARA_PEREZ-2.jpg\"><img loading=\"lazy\" width=\"600\" height=\"124\" src=\"http:\/\/labestiadeportiva.com\/lbd\/wp-content\/uploads\/2022\/11\/CARA_PEREZ-2.jpg\" alt=\"\" class=\"wp-image-43576\" srcset=\"http:\/\/labestiadeportiva.com\/lbd\/wp-content\/uploads\/2022\/11\/CARA_PEREZ-2.jpg 600w, http:\/\/labestiadeportiva.com\/lbd\/wp-content\/uploads\/2022\/11\/CARA_PEREZ-2-300x62.jpg 300w\" sizes=\"(max-width: 600px) 100vw, 600px\" \/><\/a><\/figure>\n\n\n\n<p>Nuevo contacto desde Polonia con la entrenadora del equipo nacional de Esqu\u00ed de Fondo Adaptado, Mar\u00eda Gir\u00f3.<\/p>\n\n\n\n<p>Resumen de la hist\u00f3rica participaci\u00f3n de Omar Lorenzo en el Para Biatlon y detalles de lo que vendr\u00e1 con el inicio de \u00abNico\u00bb Lima en competencia.<\/p>\n\n\n\n<p>Ser\u00e1n 4 fechas en 5 d\u00edas en el marco de la Copa del Mundo de la especialidad .<\/p>\n\n\n\n<p>Compartimos la entrevista lograda este lunes en la 99.9 Radio Provincia.<\/p>\n\n\n\n<!--more-->\n\n\n\n<figure class=\"wp-block-embed is-type-video is-provider-youtube wp-block-embed-youtube wp-embed-aspect-9-16 wp-has-aspect-ratio\"><div class=\"wp-block-embed__wrapper\">\n<iframe loading=\"lazy\" title=\"Audio Mar\u00eda Gir\u00f3 \/ Esqu\u00ed de Fondo Adaptado \/ Polonia 2026\" width=\"400\" height=\"711\" src=\"https:\/\/www.youtube.com\/embed\/oEwlkTYMNfU?feature=oembed\" frameborder=\"0\" allow=\"accelerometer; autoplay; clipboard-write; encrypted-media; gyroscope; picture-in-picture; web-share\" referrerpolicy=\"strict-origin-when-cross-origin\" allowfullscreen><\/iframe>\n<\/div><\/figure>\n<div class='epvc-post-count'><span class='epvc-eye'><\/span>  <span class=\"epvc-count\"> 317<\/span><span class='epvc-label'> veces le\u00edda<\/span><\/div>\n<div class=\"jwsharethis\">\nShare this: \n<br \/>\n<a href=\"mailto:?subject=%C2%ABMuy%20conforme%20con%20la%20semana%20transcurrida%C2%BB%20%28Audio%29&amp;body=http%3A%2F%2Flabestiadeportiva.com%2Flbd%2Fmuy-conforme-con-la-semana-transcurrida-audio%2F\">\n<img src=\"http:\/\/labestiadeportiva.com\/lbd\/wp-content\/plugins\/jw-share-this\/email.png\" alt=\"Share this page via Email\" \/>\n<\/a>\n<a target=\"_blank\" href=\"http:\/\/www.stumbleupon.com\/submit?url=http%3A%2F%2Flabestiadeportiva.com%2Flbd%2Fmuy-conforme-con-la-semana-transcurrida-audio%2F&amp;title=%C2%ABMuy+conforme+con+la+semana+transcurrida%C2%BB+%28Audio%29\">\n<img src=\"http:\/\/labestiadeportiva.com\/lbd\/wp-content\/plugins\/jw-share-this\/su.png\" alt=\"Share this page via Stumble Upon\" \/>\n<\/a>\n<a target=\"_blank\" href=\"http:\/\/digg.com\/submit?url=http%3A%2F%2Flabestiadeportiva.com%2Flbd%2Fmuy-conforme-con-la-semana-transcurrida-audio%2F&amp;title=%C2%ABMuy+conforme+con+la+semana+transcurrida%C2%BB+%28Audio%29\">\n<img src=\"http:\/\/labestiadeportiva.com\/lbd\/wp-content\/plugins\/jw-share-this\/digg.png\" alt=\"Share this page via Digg this\" \/>\n<\/a>\n<a target=\"_blank\" href=\"http:\/\/www.facebook.com\/sharer.php?u=http%3A%2F%2Flabestiadeportiva.com%2Flbd%2Fmuy-conforme-con-la-semana-transcurrida-audio%2F&amp;t=%C2%ABMuy+conforme+con+la+semana+transcurrida%C2%BB+%28Audio%29\">\n<img src=\"http:\/\/labestiadeportiva.com\/lbd\/wp-content\/plugins\/jw-share-this\/fb.png\" alt=\"Share this page via Facebook\" \/>\n<\/a>\n<a target=\"_blank\" href=\"http:\/\/twitter.com\/intent\/tweet?text=I+like+http%3A%2F%2Flabestiadeportiva.com%2Flbd%2Fmuy-conforme-con-la-semana-transcurrida-audio%2F&amp;title=%C2%ABMuy+conforme+con+la+semana+transcurrida%C2%BB+%28Audio%29\">\n<img src=\"http:\/\/labestiadeportiva.com\/lbd\/wp-content\/plugins\/jw-share-this\/twitter.png\" alt=\"Share this page via Twitter\" \/>\n<\/a>\n<\/div>\n","protected":false},"excerpt":{"rendered":"<p>Nuevo contacto desde Polonia con la entrenadora del equipo nacional de Esqu\u00ed de Fondo Adaptado, Mar\u00eda Gir\u00f3. Resumen de la hist\u00f3rica participaci\u00f3n de Omar Lorenzo en el Para Biatlon y detalles de lo que vendr\u00e1 con el inicio de \u00abNico\u00bb Lima en competencia. Ser\u00e1n 4 fechas en 5 d\u00edas en el marco de la Copa &hellip; <a href=\"http:\/\/labestiadeportiva.com\/lbd\/muy-conforme-con-la-semana-transcurrida-audio\/\" class=\"more-link\">Seguir leyendo <span class=\"screen-reader-text\">\u00abMuy conforme con la semana transcurrida\u00bb (Audio)<\/span> <span class=\"meta-nav\">&rarr;<\/span><\/a><\/p>\n","protected":false},"author":1,"featured_media":0,"comment_status":"open","ping_status":"open","sticky":false,"template":"","format":"standard","meta":[],"categories":[5,4,6,60,4433,1],"tags":[442,4434,5214,83,5820],"_links":{"self":[{"href":"http:\/\/labestiadeportiva.com\/lbd\/wp-json\/wp\/v2\/posts\/54048"}],"collection":[{"href":"http:\/\/labestiadeportiva.com\/lbd\/wp-json\/wp\/v2\/posts"}],"about":[{"href":"http:\/\/labestiadeportiva.com\/lbd\/wp-json\/wp\/v2\/types\/post"}],"author":[{"embeddable":true,"href":"http:\/\/labestiadeportiva.com\/lbd\/wp-json\/wp\/v2\/users\/1"}],"replies":[{"embeddable":true,"href":"http:\/\/labestiadeportiva.com\/lbd\/wp-json\/wp\/v2\/comments?post=54048"}],"version-history":[{"count":1,"href":"http:\/\/labestiadeportiva.com\/lbd\/wp-json\/wp\/v2\/posts\/54048\/revisions"}],"predecessor-version":[{"id":54050,"href":"http:\/\/labestiadeportiva.com\/lbd\/wp-json\/wp\/v2\/posts\/54048\/revisions\/54050"}],"wp:attachment":[{"href":"http:\/\/labestiadeportiva.com\/lbd\/wp-json\/wp\/v2\/media?parent=54048"}],"wp:term":[{"taxonomy":"category","embeddable":true,"href":"http:\/\/labestiadeportiva.com\/lbd\/wp-json\/wp\/v2\/categories?post=54048"},{"taxonomy":"post_tag","embeddable":true,"href":"http:\/\/labestiadeportiva.com\/lbd\/wp-json\/wp\/v2\/tags?post=54048"}],"curies":[{"name":"wp","href":"https:\/\/api.w.org\/{rel}","templated":true}]}}