{"id":54051,"date":"2026-01-27T16:17:42","date_gmt":"2026-01-27T19:17:42","guid":{"rendered":"https:\/\/labestiadeportiva.com\/lbd\/?p=54051"},"modified":"2026-01-27T18:40:32","modified_gmt":"2026-01-27T21:40:32","slug":"es-una-actividad-que-realizamos-cuando-las-condiciones-climaticas-lo-permiten-audio","status":"publish","type":"post","link":"http:\/\/labestiadeportiva.com\/lbd\/es-una-actividad-que-realizamos-cuando-las-condiciones-climaticas-lo-permiten-audio\/","title":{"rendered":"\u00abEs una actividad que realizamos cuando las condiciones clim\u00e1ticas lo permiten\u00bb (Audio)"},"content":{"rendered":"\n<figure class=\"wp-block-image size-large\"><a href=\"https:\/\/labestiadeportiva.com\/lbd\/wp-content\/uploads\/2026\/01\/IMG-20260127-WA0038.jpg\"><img loading=\"lazy\" width=\"531\" height=\"1024\" src=\"https:\/\/labestiadeportiva.com\/lbd\/wp-content\/uploads\/2026\/01\/IMG-20260127-WA0038-531x1024.jpg\" alt=\"\" class=\"wp-image-54053\" srcset=\"http:\/\/labestiadeportiva.com\/lbd\/wp-content\/uploads\/2026\/01\/IMG-20260127-WA0038-531x1024.jpg 531w, http:\/\/labestiadeportiva.com\/lbd\/wp-content\/uploads\/2026\/01\/IMG-20260127-WA0038-156x300.jpg 156w, http:\/\/labestiadeportiva.com\/lbd\/wp-content\/uploads\/2026\/01\/IMG-20260127-WA0038-768x1481.jpg 768w, http:\/\/labestiadeportiva.com\/lbd\/wp-content\/uploads\/2026\/01\/IMG-20260127-WA0038-796x1536.jpg 796w, http:\/\/labestiadeportiva.com\/lbd\/wp-content\/uploads\/2026\/01\/IMG-20260127-WA0038-640x1234.jpg 640w, http:\/\/labestiadeportiva.com\/lbd\/wp-content\/uploads\/2026\/01\/IMG-20260127-WA0038.jpg 829w\" sizes=\"(max-width: 531px) 100vw, 531px\" \/><\/a><\/figure>\n\n\n\n<figure class=\"wp-block-image size-full is-resized\"><a href=\"http:\/\/labestiadeportiva.com\/lbd\/wp-content\/uploads\/2022\/11\/CARA_PEREZ-2.jpg\"><img loading=\"lazy\" src=\"http:\/\/labestiadeportiva.com\/lbd\/wp-content\/uploads\/2022\/11\/CARA_PEREZ-2.jpg\" alt=\"\" class=\"wp-image-43576\" width=\"408\" height=\"81\"\/><\/a><\/figure>\n\n\n\n<p>Contacto con el practicante local Juan Balbas luego que se viralizara uno de sus vuelos que inclu\u00eda una ca\u00edda libre y descenso final en paraca\u00eddas.<\/p>\n\n\n\n<p>Aprovechamos la oportunidad para conocer detalles sobre el Parapente, disciplina aeron\u00e1utica de vuelo libre.<\/p>\n\n\n\n<p>Compartimos la entrevista lograda este martes en la 99.9 Radio Provincia.<\/p>\n\n\n\n<figure class=\"wp-block-image size-large\"><a href=\"https:\/\/labestiadeportiva.com\/lbd\/wp-content\/uploads\/2026\/01\/Screenshot_20260127-110919.jpg\"><img loading=\"lazy\" width=\"687\" height=\"1024\" src=\"https:\/\/labestiadeportiva.com\/lbd\/wp-content\/uploads\/2026\/01\/Screenshot_20260127-110919-687x1024.jpg\" alt=\"\" class=\"wp-image-54052\" srcset=\"http:\/\/labestiadeportiva.com\/lbd\/wp-content\/uploads\/2026\/01\/Screenshot_20260127-110919-687x1024.jpg 687w, http:\/\/labestiadeportiva.com\/lbd\/wp-content\/uploads\/2026\/01\/Screenshot_20260127-110919-201x300.jpg 201w, http:\/\/labestiadeportiva.com\/lbd\/wp-content\/uploads\/2026\/01\/Screenshot_20260127-110919-768x1145.jpg 768w, http:\/\/labestiadeportiva.com\/lbd\/wp-content\/uploads\/2026\/01\/Screenshot_20260127-110919-640x954.jpg 640w, http:\/\/labestiadeportiva.com\/lbd\/wp-content\/uploads\/2026\/01\/Screenshot_20260127-110919.jpg 941w\" sizes=\"(max-width: 687px) 100vw, 687px\" \/><\/a><\/figure>\n\n\n\n<!--more-->\n\n\n\n<figure class=\"wp-block-embed is-type-video is-provider-youtube wp-block-embed-youtube wp-embed-aspect-4-3 wp-has-aspect-ratio\"><div class=\"wp-block-embed__wrapper\">\n<iframe loading=\"lazy\" title=\"Audio Juan Balbas\" width=\"474\" height=\"356\" src=\"https:\/\/www.youtube.com\/embed\/xTUZRMCK80Q?feature=oembed\" frameborder=\"0\" allow=\"accelerometer; autoplay; clipboard-write; encrypted-media; gyroscope; picture-in-picture; web-share\" referrerpolicy=\"strict-origin-when-cross-origin\" allowfullscreen><\/iframe>\n<\/div><\/figure>\n<div class='epvc-post-count'><span class='epvc-eye'><\/span>  <span class=\"epvc-count\"> 281<\/span><span class='epvc-label'> veces le\u00edda<\/span><\/div>\n<div class=\"jwsharethis\">\nShare this: \n<br \/>\n<a href=\"mailto:?subject=%C2%ABEs%20una%20actividad%20que%20realizamos%20cuando%20las%20condiciones%20clim%C3%A1ticas%20lo%20permiten%C2%BB%20%28Audio%29&amp;body=http%3A%2F%2Flabestiadeportiva.com%2Flbd%2Fes-una-actividad-que-realizamos-cuando-las-condiciones-climaticas-lo-permiten-audio%2F\">\n<img src=\"http:\/\/labestiadeportiva.com\/lbd\/wp-content\/plugins\/jw-share-this\/email.png\" alt=\"Share this page via Email\" \/>\n<\/a>\n<a target=\"_blank\" href=\"http:\/\/www.stumbleupon.com\/submit?url=http%3A%2F%2Flabestiadeportiva.com%2Flbd%2Fes-una-actividad-que-realizamos-cuando-las-condiciones-climaticas-lo-permiten-audio%2F&amp;title=%C2%ABEs+una+actividad+que+realizamos+cuando+las+condiciones+clim%C3%A1ticas+lo+permiten%C2%BB+%28Audio%29\">\n<img src=\"http:\/\/labestiadeportiva.com\/lbd\/wp-content\/plugins\/jw-share-this\/su.png\" alt=\"Share this page via Stumble Upon\" \/>\n<\/a>\n<a target=\"_blank\" href=\"http:\/\/digg.com\/submit?url=http%3A%2F%2Flabestiadeportiva.com%2Flbd%2Fes-una-actividad-que-realizamos-cuando-las-condiciones-climaticas-lo-permiten-audio%2F&amp;title=%C2%ABEs+una+actividad+que+realizamos+cuando+las+condiciones+clim%C3%A1ticas+lo+permiten%C2%BB+%28Audio%29\">\n<img src=\"http:\/\/labestiadeportiva.com\/lbd\/wp-content\/plugins\/jw-share-this\/digg.png\" alt=\"Share this page via Digg this\" \/>\n<\/a>\n<a target=\"_blank\" href=\"http:\/\/www.facebook.com\/sharer.php?u=http%3A%2F%2Flabestiadeportiva.com%2Flbd%2Fes-una-actividad-que-realizamos-cuando-las-condiciones-climaticas-lo-permiten-audio%2F&amp;t=%C2%ABEs+una+actividad+que+realizamos+cuando+las+condiciones+clim%C3%A1ticas+lo+permiten%C2%BB+%28Audio%29\">\n<img src=\"http:\/\/labestiadeportiva.com\/lbd\/wp-content\/plugins\/jw-share-this\/fb.png\" alt=\"Share this page via Facebook\" \/>\n<\/a>\n<a target=\"_blank\" href=\"http:\/\/twitter.com\/intent\/tweet?text=I+like+http%3A%2F%2Flabestiadeportiva.com%2Flbd%2Fes-una-actividad-que-realizamos-cuando-las-condiciones-climaticas-lo-permiten-audio%2F&amp;title=%C2%ABEs+una+actividad+que+realizamos+cuando+las+condiciones+clim%C3%A1ticas+lo+permiten%C2%BB+%28Audio%29\">\n<img src=\"http:\/\/labestiadeportiva.com\/lbd\/wp-content\/plugins\/jw-share-this\/twitter.png\" alt=\"Share this page via Twitter\" \/>\n<\/a>\n<\/div>\n","protected":false},"excerpt":{"rendered":"<p>Contacto con el practicante local Juan Balbas luego que se viralizara uno de sus vuelos que inclu\u00eda una ca\u00edda libre y descenso final en paraca\u00eddas. Aprovechamos la oportunidad para conocer detalles sobre el Parapente, disciplina aeron\u00e1utica de vuelo libre. Compartimos la entrevista lograda este martes en la 99.9 Radio Provincia. 281 veces le\u00edda Share this:<\/p>\n","protected":false},"author":1,"featured_media":0,"comment_status":"open","ping_status":"open","sticky":false,"template":"","format":"standard","meta":[],"categories":[5,60,1,5825],"tags":[5824,4838,83,5823],"_links":{"self":[{"href":"http:\/\/labestiadeportiva.com\/lbd\/wp-json\/wp\/v2\/posts\/54051"}],"collection":[{"href":"http:\/\/labestiadeportiva.com\/lbd\/wp-json\/wp\/v2\/posts"}],"about":[{"href":"http:\/\/labestiadeportiva.com\/lbd\/wp-json\/wp\/v2\/types\/post"}],"author":[{"embeddable":true,"href":"http:\/\/labestiadeportiva.com\/lbd\/wp-json\/wp\/v2\/users\/1"}],"replies":[{"embeddable":true,"href":"http:\/\/labestiadeportiva.com\/lbd\/wp-json\/wp\/v2\/comments?post=54051"}],"version-history":[{"count":3,"href":"http:\/\/labestiadeportiva.com\/lbd\/wp-json\/wp\/v2\/posts\/54051\/revisions"}],"predecessor-version":[{"id":54056,"href":"http:\/\/labestiadeportiva.com\/lbd\/wp-json\/wp\/v2\/posts\/54051\/revisions\/54056"}],"wp:attachment":[{"href":"http:\/\/labestiadeportiva.com\/lbd\/wp-json\/wp\/v2\/media?parent=54051"}],"wp:term":[{"taxonomy":"category","embeddable":true,"href":"http:\/\/labestiadeportiva.com\/lbd\/wp-json\/wp\/v2\/categories?post=54051"},{"taxonomy":"post_tag","embeddable":true,"href":"http:\/\/labestiadeportiva.com\/lbd\/wp-json\/wp\/v2\/tags?post=54051"}],"curies":[{"name":"wp","href":"https:\/\/api.w.org\/{rel}","templated":true}]}}