{"id":5464,"date":"2013-07-08T13:32:45","date_gmt":"2013-07-08T13:32:45","guid":{"rendered":"http:\/\/labestiadeportiva.com\/lbd\/?p=5464"},"modified":"2013-07-08T13:32:45","modified_gmt":"2013-07-08T13:32:45","slug":"vettel-profeta-en-su-tierra","status":"publish","type":"post","link":"http:\/\/labestiadeportiva.com\/lbd\/vettel-profeta-en-su-tierra\/","title":{"rendered":"Vettel, profeta en su tierra"},"content":{"rendered":"<p class=\"MsoNormal\"><span lang=\"ES\">Por Daniel Campos (Corresponsal LBD en Palma de Mallorca, Espa\u00f1a)<\/span><\/p>\n<p class=\"MsoNormal\"><span lang=\"ES\"><a href=\"http:\/\/labestiadeportiva.com\/lbd\/wp-content\/uploads\/2013\/07\/rb9-ale.jpg\"><img loading=\"lazy\" class=\"alignleft size-medium wp-image-5465\" title=\"rb9 ale\" src=\"http:\/\/labestiadeportiva.com\/lbd\/wp-content\/uploads\/2013\/07\/rb9-ale-300x199.jpg\" alt=\"\" width=\"300\" height=\"199\" srcset=\"http:\/\/labestiadeportiva.com\/lbd\/wp-content\/uploads\/2013\/07\/rb9-ale-300x199.jpg 300w, http:\/\/labestiadeportiva.com\/lbd\/wp-content\/uploads\/2013\/07\/rb9-ale.jpg 640w\" sizes=\"(max-width: 300px) 100vw, 300px\" \/><\/a>El alem\u00e1n Sebasti\u00e1n Vettel, con Red Bull, gan\u00f3 ayer por primera vez el Gran Premio de Alemania. El triunfo como local se le resist\u00eda y no pudo llegar en mejor momento justo antes de viajar a Hungr\u00eda en la mitad del torneo. <\/span><\/p>\n<p class=\"MsoNormal\"><span lang=\"ES\">De esta manera el vigente campe\u00f3n se afianza en el liderato del Mundial, Alonso su m\u00e1s inmediato perseguidor lleg\u00f3 en cuarto lugar. Tras un fin de semana donde los principales animadores de la temporada se dedicaron a esconder las cartas, y apostar fuerte a una estrategia de dos paradas en carrera, Red Bull sigui\u00f3 fiel a su gui\u00f3n, rodar siempre r\u00e1pido y al l\u00edmite.<!--morePara leer Click Aqu\u00ed--> <\/span><\/p>\n<p class=\"MsoNormal\"><span lang=\"ES\">Hamilton due\u00f1o de la pole position vio c\u00f3mo su trabajo del s\u00e1bado se esfumaba en apenas segundos, los dos autos azules salieron muy bien, se pleg\u00f3 a la fiesta Massa muy bien con el Ferrari, mientras en el inicio su compa\u00f1ero de equipo, Alonso era octavo. Otra vez Vettel alcanz\u00f3 la punta y empez\u00f3 a marcar las diferencias con el resto, a las pocas vueltas abandono de Massa previo trompo. <\/span><\/p>\n<p class=\"MsoNormal\"><span lang=\"ES\">Luego comenz\u00f3 el trabajo en los<span style=\"mso-spacerun: yes;\">\u00a0 <\/span>boxes de Nurburgring, seg\u00fan el plan trazado por la mayor\u00eda de las escuder\u00edas, en la vuelta 9 entr\u00f3 Webber y las prisas por volver a pista del australiano casi provocan una tragedia. La rueda trasera derecha del RB9 no estaba correctamente ajustada y se solt\u00f3 impactando sobre un camar\u00f3grafo. <\/span><\/p>\n<p class=\"MsoNormal\"><span lang=\"ES\">Por suerte s\u00f3lo hubo que contabilizar un par de costillas rotas y un par de semanas de recuperaci\u00f3n. Webber tras calzar nuevamente su monoplaza, regres\u00f3 a la carrera en \u00faltimo lugar pero tras remontar alcanz\u00f3 el s\u00e9ptimo puesto en la clasificaci\u00f3n. Alonso sigui\u00f3 sacando petr\u00f3leo de un F138, que si bien es confiable, no es el m\u00e1s veloz, pero se mantuvo cerca de Vettel, Hamilton, Grosjean y Raikkonen. <\/span><\/p>\n<p class=\"MsoNormal\"><span lang=\"ES\">El asturiano alcanz\u00f3 la cuarta plaza cuando el ingl\u00e9s de Mercedes Benz , se detuvo para cambiar sus neum\u00e1ticos. Vettel segu\u00eda mandando y Grosjean manten\u00eda el pulso del alem\u00e1n, siendo m\u00e1s veloz que \u00e9l. Se acercaba la mitad de la competencia y una situaci\u00f3n pocas veces vistas en la F-1 provoc\u00f3 la salida del auto de seguridad. Jules Bianchi rompi\u00f3 motor y dej\u00f3 su Marussia sobre el pasto en una pendiente, cuando una de las gr\u00faas iba camino de retirarlo del lugar, el monoplaza<span style=\"mso-spacerun: yes;\">\u00a0 <\/span>volvi\u00f3 a pista solo. <\/span><\/p>\n<p class=\"MsoNormal\"><span lang=\"ES\">Tras relanzar la competencia, Vettel sigui\u00f3 firme al frente, conteniendo el embate de los<span style=\"mso-spacerun: yes;\">\u00a0 <\/span>dos autos negros. Desde el muro de boxes, lleg\u00f3 la orden de equipo y Grosjean cedi\u00f3 su puesto a Raikkonen, el finland\u00e9s empez\u00f3 a pisar el acelerador en busca del alem\u00e1n. En tanto Alonso hac\u00eda lo propio con el franc\u00e9s de Lotus, pero ni uno, ni otro lograron su objetivo, Vettel cruz\u00f3 la l\u00ednea de meta y celebr\u00f3 su primera victoria en casa. La F\u00f3rmula 1 regresar\u00e1 dentro de tres semanas en el Gran Premio de Hungr\u00eda. <span style=\"mso-spacerun: yes;\">\u00a0<\/span><span style=\"mso-spacerun: yes;\">\u00a0\u00a0\u00a0<\/span><span style=\"mso-spacerun: yes;\">\u00a0\u00a0<\/span><\/span><\/p>\n<p class=\"MsoNormal\"><span style=\"color: #0000ff;\" lang=\"ES\">As\u00ed llegaron:<\/span><\/p>\n<p class=\"MsoNormal\"><span style=\"color: #ff0000;\" lang=\"ES\">1\u00ba S. Vettel-Red Bull en 1:41: 711<\/span><\/p>\n<p class=\"MsoNormal\"><span style=\"mso-ansi-language: EN-GB;\" lang=\"EN-GB\">2\u00ba K. Raikkonen-Renault a 1, 008<\/span><\/p>\n<p class=\"MsoNormal\"><span style=\"mso-ansi-language: EN-GB;\" lang=\"EN-GB\">3\u00ba R. Grosjean-Renault a 5,830<\/span><\/p>\n<p class=\"MsoNormal\">\n<p class=\"MsoNormal\"><span style=\"color: #0000ff;\" lang=\"EN-GB\">El Mundial de Pilotos<\/span><\/p>\n<p class=\"MsoNormal\"><span style=\"color: #ff0000;\" lang=\"EN-GB\">1\u00ba S. Vettel (ALE) 157 pts<\/span><\/p>\n<p class=\"MsoNormal\"><span style=\"mso-ansi-language: EN-GB;\" lang=\"EN-GB\">2\u00ba F. Alonso (ESP) 123 pts<\/span><\/p>\n<p class=\"MsoNormal\"><span style=\"mso-ansi-language: ES-AR;\">3\u00ba K. Raikkone (FIN) <span style=\"mso-spacerun: yes;\">\u00a0<\/span>116 pts<\/span><\/p>\n<p class=\"MsoNormal\">\n<p class=\"MsoNormal\"><span style=\"color: #0000ff;\">El Mundial de Constructores<\/span><\/p>\n<p class=\"MsoNormal\"><span style=\"color: #ff0000;\" lang=\"EN-GB\">1\u00ba Red Bull-Renault 250 pts<\/span><\/p>\n<p class=\"MsoNormal\"><span style=\"mso-ansi-language: EN-GB;\" lang=\"EN-GB\">2\u00ba Mercedes Benz 183 pts<\/span><\/p>\n<p class=\"MsoNormal\"><span style=\"mso-ansi-language: ES-AR;\">3\u00ba Ferrari 180 pts<\/span><\/p>\n<p class=\"MsoNormal\">\n<p class=\"MsoNormal\"><span lang=\"ES\">La pr\u00f3xima competencia el GP de Hungr\u00eda, el 28 de julio en Hungaroring. <span style=\"mso-spacerun: yes;\">\u00a0<\/span><span style=\"mso-spacerun: yes;\">\u00a0<\/span><\/span><\/p>\n<div class='epvc-post-count'><span class='epvc-eye'><\/span>  <span class=\"epvc-count\"> 1.191<\/span><span class='epvc-label'> veces le\u00edda<\/span><\/div>\n<div class=\"jwsharethis\">\nShare this: \n<br \/>\n<a href=\"mailto:?subject=Vettel%2C%20profeta%20en%20su%20tierra&amp;body=http%3A%2F%2Flabestiadeportiva.com%2Flbd%2Fvettel-profeta-en-su-tierra%2F\">\n<img src=\"http:\/\/labestiadeportiva.com\/lbd\/wp-content\/plugins\/jw-share-this\/email.png\" alt=\"Share this page via Email\" \/>\n<\/a>\n<a target=\"_blank\" href=\"http:\/\/www.stumbleupon.com\/submit?url=http%3A%2F%2Flabestiadeportiva.com%2Flbd%2Fvettel-profeta-en-su-tierra%2F&amp;title=Vettel%2C+profeta+en+su+tierra\">\n<img src=\"http:\/\/labestiadeportiva.com\/lbd\/wp-content\/plugins\/jw-share-this\/su.png\" alt=\"Share this page via Stumble Upon\" \/>\n<\/a>\n<a target=\"_blank\" href=\"http:\/\/digg.com\/submit?url=http%3A%2F%2Flabestiadeportiva.com%2Flbd%2Fvettel-profeta-en-su-tierra%2F&amp;title=Vettel%2C+profeta+en+su+tierra\">\n<img src=\"http:\/\/labestiadeportiva.com\/lbd\/wp-content\/plugins\/jw-share-this\/digg.png\" alt=\"Share this page via Digg this\" \/>\n<\/a>\n<a target=\"_blank\" href=\"http:\/\/www.facebook.com\/sharer.php?u=http%3A%2F%2Flabestiadeportiva.com%2Flbd%2Fvettel-profeta-en-su-tierra%2F&amp;t=Vettel%2C+profeta+en+su+tierra\">\n<img src=\"http:\/\/labestiadeportiva.com\/lbd\/wp-content\/plugins\/jw-share-this\/fb.png\" alt=\"Share this page via Facebook\" \/>\n<\/a>\n<a target=\"_blank\" href=\"http:\/\/twitter.com\/intent\/tweet?text=I+like+http%3A%2F%2Flabestiadeportiva.com%2Flbd%2Fvettel-profeta-en-su-tierra%2F&amp;title=Vettel%2C+profeta+en+su+tierra\">\n<img src=\"http:\/\/labestiadeportiva.com\/lbd\/wp-content\/plugins\/jw-share-this\/twitter.png\" alt=\"Share this page via Twitter\" \/>\n<\/a>\n<\/div>\n","protected":false},"excerpt":{"rendered":"<p>Por Daniel Campos (Corresponsal LBD en Palma de Mallorca, Espa\u00f1a) El alem\u00e1n Sebasti\u00e1n Vettel, con Red Bull, gan\u00f3 ayer por primera vez el Gran Premio de Alemania. El triunfo como local se le resist\u00eda y no pudo llegar en mejor momento justo antes de viajar a Hungr\u00eda en la mitad del torneo. De esta manera &hellip; <a href=\"http:\/\/labestiadeportiva.com\/lbd\/vettel-profeta-en-su-tierra\/\" class=\"more-link\">Seguir leyendo <span class=\"screen-reader-text\">Vettel, profeta en su tierra<\/span> <span class=\"meta-nav\">&rarr;<\/span><\/a><\/p>\n","protected":false},"author":1,"featured_media":5465,"comment_status":"open","ping_status":"open","sticky":false,"template":"","format":"standard","meta":[],"categories":[4,1],"tags":[409,745],"_links":{"self":[{"href":"http:\/\/labestiadeportiva.com\/lbd\/wp-json\/wp\/v2\/posts\/5464"}],"collection":[{"href":"http:\/\/labestiadeportiva.com\/lbd\/wp-json\/wp\/v2\/posts"}],"about":[{"href":"http:\/\/labestiadeportiva.com\/lbd\/wp-json\/wp\/v2\/types\/post"}],"author":[{"embeddable":true,"href":"http:\/\/labestiadeportiva.com\/lbd\/wp-json\/wp\/v2\/users\/1"}],"replies":[{"embeddable":true,"href":"http:\/\/labestiadeportiva.com\/lbd\/wp-json\/wp\/v2\/comments?post=5464"}],"version-history":[{"count":1,"href":"http:\/\/labestiadeportiva.com\/lbd\/wp-json\/wp\/v2\/posts\/5464\/revisions"}],"predecessor-version":[{"id":5466,"href":"http:\/\/labestiadeportiva.com\/lbd\/wp-json\/wp\/v2\/posts\/5464\/revisions\/5466"}],"wp:featuredmedia":[{"embeddable":true,"href":"http:\/\/labestiadeportiva.com\/lbd\/wp-json\/wp\/v2\/media\/5465"}],"wp:attachment":[{"href":"http:\/\/labestiadeportiva.com\/lbd\/wp-json\/wp\/v2\/media?parent=5464"}],"wp:term":[{"taxonomy":"category","embeddable":true,"href":"http:\/\/labestiadeportiva.com\/lbd\/wp-json\/wp\/v2\/categories?post=5464"},{"taxonomy":"post_tag","embeddable":true,"href":"http:\/\/labestiadeportiva.com\/lbd\/wp-json\/wp\/v2\/tags?post=5464"}],"curies":[{"name":"wp","href":"https:\/\/api.w.org\/{rel}","templated":true}]}}