{"id":55463,"date":"2026-08-31T12:43:17","date_gmt":"2026-08-31T15:43:17","guid":{"rendered":"https:\/\/labestiadeportiva.com\/lbd\/?p=55463"},"modified":"2026-08-31T12:43:18","modified_gmt":"2026-08-31T15:43:18","slug":"la-carta-del-adios","status":"publish","type":"post","link":"http:\/\/labestiadeportiva.com\/lbd\/la-carta-del-adios\/","title":{"rendered":"La carta del adi\u00f3s"},"content":{"rendered":"\n<figure class=\"wp-block-image size-large\"><a href=\"https:\/\/labestiadeportiva.com\/lbd\/wp-content\/uploads\/2026\/08\/1001914501.jpg\"><img loading=\"lazy\" width=\"1024\" height=\"871\" src=\"https:\/\/labestiadeportiva.com\/lbd\/wp-content\/uploads\/2026\/08\/1001914501-1024x871.jpg\" alt=\"\" class=\"wp-image-55464\" srcset=\"http:\/\/labestiadeportiva.com\/lbd\/wp-content\/uploads\/2026\/08\/1001914501-1024x871.jpg 1024w, http:\/\/labestiadeportiva.com\/lbd\/wp-content\/uploads\/2026\/08\/1001914501-300x255.jpg 300w, http:\/\/labestiadeportiva.com\/lbd\/wp-content\/uploads\/2026\/08\/1001914501-768x654.jpg 768w, http:\/\/labestiadeportiva.com\/lbd\/wp-content\/uploads\/2026\/08\/1001914501-640x545.jpg 640w, http:\/\/labestiadeportiva.com\/lbd\/wp-content\/uploads\/2026\/08\/1001914501.jpg 1080w\" sizes=\"(max-width: 1024px) 100vw, 1024px\" \/><\/a><\/figure>\n\n\n\n<p>Cuando pasaron poco m\u00e1s de 40 d\u00edas del Mundial Estados Unidos\/ M\u00e9xico\/ Canad\u00e1 el capit\u00e1n de la Selecci\u00f3n Argentina subcampeona del Mundo anuncio su retiro de la \u00abCeleste y Blanca\u00bb. <\/p>\n\n\n\n<p>Lo hizo a trav\u00e9s de una carta. \u00abMe vaci\u00e9, no tengo m\u00e1s nada para dar\u00bb, dice unos de los pasajes de la misiva que compartimos en su totalidad. <\/p>\n\n\n\n<!--more-->\n\n\n\n<p>\u00abDespu\u00e9s de este tiempo que pas\u00f3 desde la final, pens\u00e1ndolo mucho, quiero comunicarles a todos que me retiro de la Selecci\u00f3n\u2026<\/p>\n\n\n\n<p>Fue una decisi\u00f3n que doli\u00f3 y duele en el alma pero entiendo que es el momento. Les juro que siempre dej\u00e9 todo, no solo los \u00faltimos a\u00f1os que se gan\u00f3 todo antes tambi\u00e9n y siempre pele\u00e9 y me dej\u00e9 todo por esta camiseta, por darles alegr\u00edas y hacer que se sientan orgullosos de ser argentinos a trav\u00e9s del f\u00fatbol.<\/p>\n\n\n\n<p>Queda poco y se van cerrando etapas y esta es una que me duele mucho. Amo, am\u00e9 y amar\u00e9 siempre estar en la Selecci\u00f3n. Me vaci\u00e9, ya no tengo m\u00e1s para dar y aparte vienen chicos muy grandes atr\u00e1s que merecen estar.<\/p>\n\n\n\n<p>Gracias por todo el cari\u00f1o de estos 20 a\u00f1os. Voy a extra\u00f1ar mucho escucharlos desde adentro. Ahora voy a ser uno m\u00e1s de ustedes, alentando y bancando siempre desde afuera (en las buenas y en las malas, mucho m\u00e1s).<\/p>\n\n\n\n<p>Gracias a mi familia por estar siempre, por acompa\u00f1arme en este viaje tan hermoso pero dif\u00edcil. Gracias a cada uno de entrenadores, compa\u00f1eros y dirigentes que me toc\u00f3 compartir. Me llevo recuerdos y momentos inolvidables vividos.<\/p>\n\n\n\n<p>Me voy con la tranquilidad y el orgullo de haberles regalado, juntos con mis compa\u00f1eros, momentos so\u00f1ados. Fue una locura haberlo vivido con ustedes. \u00a1Los quiero!<\/p>\n\n\n\n<p>Gracias Dios por hacerme argentino.<\/p>\n\n\n\n<p>\u00a1Vamos Argentina!<\/p>\n\n\n\n<p>*Estas palabras las escrib\u00ed el 21 de julio, dos d\u00edas despu\u00e9s de la final. Hoy despu\u00e9s de lo de mi pap\u00e1, estoy m\u00e1s convencido que antes\u00bb<\/p>\n<div class='epvc-post-count'><span class='epvc-eye'><\/span>  <span class=\"epvc-count\"> 141<\/span><span class='epvc-label'> veces le\u00edda<\/span><\/div>\n<div class=\"jwsharethis\">\nShare this: \n<br \/>\n<a href=\"mailto:?subject=La%20carta%20del%20adi%C3%B3s&amp;body=http%3A%2F%2Flabestiadeportiva.com%2Flbd%2Fla-carta-del-adios%2F\">\n<img src=\"http:\/\/labestiadeportiva.com\/lbd\/wp-content\/plugins\/jw-share-this\/email.png\" alt=\"Share this page via Email\" \/>\n<\/a>\n<a target=\"_blank\" href=\"http:\/\/www.stumbleupon.com\/submit?url=http%3A%2F%2Flabestiadeportiva.com%2Flbd%2Fla-carta-del-adios%2F&amp;title=La+carta+del+adi%C3%B3s\">\n<img src=\"http:\/\/labestiadeportiva.com\/lbd\/wp-content\/plugins\/jw-share-this\/su.png\" alt=\"Share this page via Stumble Upon\" \/>\n<\/a>\n<a target=\"_blank\" href=\"http:\/\/digg.com\/submit?url=http%3A%2F%2Flabestiadeportiva.com%2Flbd%2Fla-carta-del-adios%2F&amp;title=La+carta+del+adi%C3%B3s\">\n<img src=\"http:\/\/labestiadeportiva.com\/lbd\/wp-content\/plugins\/jw-share-this\/digg.png\" alt=\"Share this page via Digg this\" \/>\n<\/a>\n<a target=\"_blank\" href=\"http:\/\/www.facebook.com\/sharer.php?u=http%3A%2F%2Flabestiadeportiva.com%2Flbd%2Fla-carta-del-adios%2F&amp;t=La+carta+del+adi%C3%B3s\">\n<img src=\"http:\/\/labestiadeportiva.com\/lbd\/wp-content\/plugins\/jw-share-this\/fb.png\" alt=\"Share this page via Facebook\" \/>\n<\/a>\n<a target=\"_blank\" href=\"http:\/\/twitter.com\/intent\/tweet?text=I+like+http%3A%2F%2Flabestiadeportiva.com%2Flbd%2Fla-carta-del-adios%2F&amp;title=La+carta+del+adi%C3%B3s\">\n<img src=\"http:\/\/labestiadeportiva.com\/lbd\/wp-content\/plugins\/jw-share-this\/twitter.png\" alt=\"Share this page via Twitter\" \/>\n<\/a>\n<\/div>\n","protected":false},"excerpt":{"rendered":"<p>Cuando pasaron poco m\u00e1s de 40 d\u00edas del Mundial Estados Unidos\/ M\u00e9xico\/ Canad\u00e1 el capit\u00e1n de la Selecci\u00f3n Argentina subcampeona del Mundo anuncio su retiro de la \u00abCeleste y Blanca\u00bb. Lo hizo a trav\u00e9s de una carta. \u00abMe vaci\u00e9, no tengo m\u00e1s nada para dar\u00bb, dice unos de los pasajes de la misiva que compartimos &hellip; <a href=\"http:\/\/labestiadeportiva.com\/lbd\/la-carta-del-adios\/\" class=\"more-link\">Seguir leyendo <span class=\"screen-reader-text\">La carta del adi\u00f3s<\/span> <span class=\"meta-nav\">&rarr;<\/span><\/a><\/p>\n","protected":false},"author":1,"featured_media":0,"comment_status":"open","ping_status":"open","sticky":false,"template":"","format":"standard","meta":[],"categories":[4,14,1,3946],"tags":[91,83,2621,88],"_links":{"self":[{"href":"http:\/\/labestiadeportiva.com\/lbd\/wp-json\/wp\/v2\/posts\/55463"}],"collection":[{"href":"http:\/\/labestiadeportiva.com\/lbd\/wp-json\/wp\/v2\/posts"}],"about":[{"href":"http:\/\/labestiadeportiva.com\/lbd\/wp-json\/wp\/v2\/types\/post"}],"author":[{"embeddable":true,"href":"http:\/\/labestiadeportiva.com\/lbd\/wp-json\/wp\/v2\/users\/1"}],"replies":[{"embeddable":true,"href":"http:\/\/labestiadeportiva.com\/lbd\/wp-json\/wp\/v2\/comments?post=55463"}],"version-history":[{"count":1,"href":"http:\/\/labestiadeportiva.com\/lbd\/wp-json\/wp\/v2\/posts\/55463\/revisions"}],"predecessor-version":[{"id":55465,"href":"http:\/\/labestiadeportiva.com\/lbd\/wp-json\/wp\/v2\/posts\/55463\/revisions\/55465"}],"wp:attachment":[{"href":"http:\/\/labestiadeportiva.com\/lbd\/wp-json\/wp\/v2\/media?parent=55463"}],"wp:term":[{"taxonomy":"category","embeddable":true,"href":"http:\/\/labestiadeportiva.com\/lbd\/wp-json\/wp\/v2\/categories?post=55463"},{"taxonomy":"post_tag","embeddable":true,"href":"http:\/\/labestiadeportiva.com\/lbd\/wp-json\/wp\/v2\/tags?post=55463"}],"curies":[{"name":"wp","href":"https:\/\/api.w.org\/{rel}","templated":true}]}}