{"id":55471,"date":"2026-09-01T21:44:06","date_gmt":"2026-09-02T00:44:06","guid":{"rendered":"https:\/\/labestiadeportiva.com\/lbd\/?p=55471"},"modified":"2026-09-01T21:49:43","modified_gmt":"2026-09-02T00:49:43","slug":"fin-de-semana-de-campeonato-y-capacitacion","status":"publish","type":"post","link":"http:\/\/labestiadeportiva.com\/lbd\/fin-de-semana-de-campeonato-y-capacitacion\/","title":{"rendered":"Fin de semana de Campeonato y Capacitaci\u00f3n"},"content":{"rendered":"\n<figure class=\"wp-block-image size-full\"><a href=\"https:\/\/labestiadeportiva.com\/lbd\/wp-content\/uploads\/2026\/09\/1001919023.jpg\"><img loading=\"lazy\" width=\"517\" height=\"491\" src=\"https:\/\/labestiadeportiva.com\/lbd\/wp-content\/uploads\/2026\/09\/1001919023.jpg\" alt=\"\" class=\"wp-image-55472\" srcset=\"http:\/\/labestiadeportiva.com\/lbd\/wp-content\/uploads\/2026\/09\/1001919023.jpg 517w, http:\/\/labestiadeportiva.com\/lbd\/wp-content\/uploads\/2026\/09\/1001919023-300x285.jpg 300w\" sizes=\"(max-width: 517px) 100vw, 517px\" \/><\/a><\/figure>\n\n\n\n<figure class=\"wp-block-image size-full\"><a href=\"http:\/\/labestiadeportiva.com\/lbd\/wp-content\/uploads\/2022\/11\/CARA_TORRES-1.jpg\"><img loading=\"lazy\" width=\"600\" height=\"124\" src=\"http:\/\/labestiadeportiva.com\/lbd\/wp-content\/uploads\/2022\/11\/CARA_TORRES-1.jpg\" alt=\"\" class=\"wp-image-43579\" srcset=\"http:\/\/labestiadeportiva.com\/lbd\/wp-content\/uploads\/2022\/11\/CARA_TORRES-1.jpg 600w, http:\/\/labestiadeportiva.com\/lbd\/wp-content\/uploads\/2022\/11\/CARA_TORRES-1-300x62.jpg 300w\" sizes=\"(max-width: 600px) 100vw, 600px\" \/><\/a><\/figure>\n\n\n\n<p>Viernes, s\u00e1bado y domingo de s\u00faper acci\u00f3n para el Stick y la Bocha. Presencia en R\u00edo Grande y Ushuaia para el Entrenador Nacional Guillermo Gutierrez quien dict\u00f3 un curso de iniciaci\u00f3n a lo que se sum\u00f3 la competencia oficial que se traslad\u00f3 al norte de la isla.<\/p>\n\n\n\n<!--more-->\n\n\n\n<figure class=\"wp-block-image size-full\"><a href=\"https:\/\/labestiadeportiva.com\/lbd\/wp-content\/uploads\/2026\/09\/1001919024.jpg\"><img loading=\"lazy\" width=\"592\" height=\"602\" src=\"https:\/\/labestiadeportiva.com\/lbd\/wp-content\/uploads\/2026\/09\/1001919024.jpg\" alt=\"\" class=\"wp-image-55473\" srcset=\"http:\/\/labestiadeportiva.com\/lbd\/wp-content\/uploads\/2026\/09\/1001919024.jpg 592w, http:\/\/labestiadeportiva.com\/lbd\/wp-content\/uploads\/2026\/09\/1001919024-295x300.jpg 295w\" sizes=\"(max-width: 592px) 100vw, 592px\" \/><\/a><\/figure>\n\n\n\n<p>Esta vez R\u00edo Grande fue la sede del hockey federativo con cinco partidos que se jugaron en el lindo Microestadio de R\u00edo Grande el s\u00e1bado por la tarde. <\/p>\n\n\n\n<p>Los equipos&nbsp; que inauguraron el d\u00eda fueron R\u00edo Grande RHC que se impuso a Cimah en Sub 16. Si bien Cimah hab\u00eda empezado ganando con gol de Agostina Ruiz, el \u00abVerde\u00bb  se lo llev\u00f3 por delante para dar vuelta el resultado y terminar ganando por 4 a 2 con un hack trick&nbsp; de Canova m\u00e1s un tanto de Vel\u00e1zquez. <\/p>\n\n\n\n<p>En la misma categor\u00eda, ADeFu se impuso con comodidad a Panteras por 4 a 0 mientras que el propio ADeFu en Sub 19 le gan\u00f3 a R\u00edo Grande por 6 a 4, donde pudo sacar ventaja en los dos primeros cuartos mientras que el R\u00edo Grande no pudo descontar hasta el final. <\/p>\n\n\n\n<p>Tambi\u00e9n fue turno del  Sub 12 mixto donde se jugaron dos partidos. Yoppen ante Uaken, con triunfo del primero y victoria del R\u00edo Grande RHC ante ADeFu.&nbsp;<\/p>\n\n\n\n<p>La jornada dominguera se traslad\u00f3 al anexo del gimnasio \u00abCarlos Margalot\u00bb donde se disputaron seis encuentros. Comenzaron las Sub 16 damas. <\/p>\n\n\n\n<figure class=\"wp-block-image size-full\"><a href=\"https:\/\/labestiadeportiva.com\/lbd\/wp-content\/uploads\/2026\/09\/1001919022.jpg\"><img loading=\"lazy\" width=\"590\" height=\"533\" src=\"https:\/\/labestiadeportiva.com\/lbd\/wp-content\/uploads\/2026\/09\/1001919022.jpg\" alt=\"\" class=\"wp-image-55474\" srcset=\"http:\/\/labestiadeportiva.com\/lbd\/wp-content\/uploads\/2026\/09\/1001919022.jpg 590w, http:\/\/labestiadeportiva.com\/lbd\/wp-content\/uploads\/2026\/09\/1001919022-300x271.jpg 300w\" sizes=\"(max-width: 590px) 100vw, 590px\" \/><\/a><\/figure>\n\n\n\n<p>R\u00edo Grande RHC se impuso ajustada mente a Panteras HC por 4 a 3. Empez\u00f3 ganando Panteras hasta mediados del segundo cuarto con una diferencia de tres goles, pero el verde se recuper\u00f3 despachando se con cuatro goles para dar vuelta el resultado. <\/p>\n\n\n\n<p>Los tantos fueron de Vel\u00e1zquez por partida doble, Robles y Canova completaron el triunfo. En el otro partido, ADeFu continu\u00f3 con buen ritmo imponi\u00e9ndose a Cimah por 7 a 2 con cinco goles de Tiziana Pastori que luce imparable. <\/p>\n\n\n\n<p>Ya en Primera caballeros inaugura R\u00edo Grande y Panteras HC brindaron un entretenido partido que finaliz\u00f3 igualado en 4 tantos.&nbsp;<\/p>\n\n\n\n<p>En la categor\u00eda Intermedia, que suspendida la fecha pasada, finalmente se pudo jugar entre el \u00abVerde\u00bb  y Uaken con triunfo del R\u00edo Grande por 8 a 3. <\/p>\n\n\n\n<p>Si bien empez\u00f3 ganando Uaken, en el cierre del segundo parcial reaccion\u00f3 R\u00edo Grande para poner las acciones 3 a 1 a su favor. En el tercer per\u00edodo convirti\u00f3 tres goles mientras que Uaken descont\u00f3 en dos oportunidades cerrando el marcador 6 a 3.&nbsp;<\/p>\n\n\n\n<p>La jornada de domingo cerr\u00f3 con dos partidos de Sub 14 damas. R\u00edo Grande gan\u00f3 su partido ante Yoppen por 4 a 1  mientras que ADeFu hizo lo propio al vencer a Panteras 7 a 2.&nbsp;<\/p>\n\n\n\n<figure class=\"wp-block-image size-full\"><a href=\"https:\/\/labestiadeportiva.com\/lbd\/wp-content\/uploads\/2026\/09\/1001919025.jpg\"><img loading=\"lazy\" width=\"484\" height=\"593\" src=\"https:\/\/labestiadeportiva.com\/lbd\/wp-content\/uploads\/2026\/09\/1001919025.jpg\" alt=\"\" class=\"wp-image-55475\" srcset=\"http:\/\/labestiadeportiva.com\/lbd\/wp-content\/uploads\/2026\/09\/1001919025.jpg 484w, http:\/\/labestiadeportiva.com\/lbd\/wp-content\/uploads\/2026\/09\/1001919025-245x300.jpg 245w\" sizes=\"(max-width: 484px) 100vw, 484px\" \/><\/a><\/figure>\n<div class='epvc-post-count'><span class='epvc-eye'><\/span>  <span class=\"epvc-count\"> 91<\/span><span class='epvc-label'> veces le\u00edda<\/span><\/div>\n<div class=\"jwsharethis\">\nShare this: \n<br \/>\n<a href=\"mailto:?subject=Fin%20de%20semana%20de%20Campeonato%20y%20Capacitaci%C3%B3n&amp;body=http%3A%2F%2Flabestiadeportiva.com%2Flbd%2Ffin-de-semana-de-campeonato-y-capacitacion%2F\">\n<img src=\"http:\/\/labestiadeportiva.com\/lbd\/wp-content\/plugins\/jw-share-this\/email.png\" alt=\"Share this page via Email\" \/>\n<\/a>\n<a target=\"_blank\" href=\"http:\/\/www.stumbleupon.com\/submit?url=http%3A%2F%2Flabestiadeportiva.com%2Flbd%2Ffin-de-semana-de-campeonato-y-capacitacion%2F&amp;title=Fin+de+semana+de+Campeonato+y+Capacitaci%C3%B3n\">\n<img src=\"http:\/\/labestiadeportiva.com\/lbd\/wp-content\/plugins\/jw-share-this\/su.png\" alt=\"Share this page via Stumble Upon\" \/>\n<\/a>\n<a target=\"_blank\" href=\"http:\/\/digg.com\/submit?url=http%3A%2F%2Flabestiadeportiva.com%2Flbd%2Ffin-de-semana-de-campeonato-y-capacitacion%2F&amp;title=Fin+de+semana+de+Campeonato+y+Capacitaci%C3%B3n\">\n<img src=\"http:\/\/labestiadeportiva.com\/lbd\/wp-content\/plugins\/jw-share-this\/digg.png\" alt=\"Share this page via Digg this\" \/>\n<\/a>\n<a target=\"_blank\" href=\"http:\/\/www.facebook.com\/sharer.php?u=http%3A%2F%2Flabestiadeportiva.com%2Flbd%2Ffin-de-semana-de-campeonato-y-capacitacion%2F&amp;t=Fin+de+semana+de+Campeonato+y+Capacitaci%C3%B3n\">\n<img src=\"http:\/\/labestiadeportiva.com\/lbd\/wp-content\/plugins\/jw-share-this\/fb.png\" alt=\"Share this page via Facebook\" \/>\n<\/a>\n<a target=\"_blank\" href=\"http:\/\/twitter.com\/intent\/tweet?text=I+like+http%3A%2F%2Flabestiadeportiva.com%2Flbd%2Ffin-de-semana-de-campeonato-y-capacitacion%2F&amp;title=Fin+de+semana+de+Campeonato+y+Capacitaci%C3%B3n\">\n<img src=\"http:\/\/labestiadeportiva.com\/lbd\/wp-content\/plugins\/jw-share-this\/twitter.png\" alt=\"Share this page via Twitter\" \/>\n<\/a>\n<\/div>\n","protected":false},"excerpt":{"rendered":"<p>Viernes, s\u00e1bado y domingo de s\u00faper acci\u00f3n para el Stick y la Bocha. Presencia en R\u00edo Grande y Ushuaia para el Entrenador Nacional Guillermo Gutierrez quien dict\u00f3 un curso de iniciaci\u00f3n a lo que se sum\u00f3 la competencia oficial que se traslad\u00f3 al norte de la isla. 91 veces le\u00edda Share this:<\/p>\n","protected":false},"author":1,"featured_media":0,"comment_status":"open","ping_status":"open","sticky":false,"template":"","format":"standard","meta":[],"categories":[5,2325,1],"tags":[120,32,83],"_links":{"self":[{"href":"http:\/\/labestiadeportiva.com\/lbd\/wp-json\/wp\/v2\/posts\/55471"}],"collection":[{"href":"http:\/\/labestiadeportiva.com\/lbd\/wp-json\/wp\/v2\/posts"}],"about":[{"href":"http:\/\/labestiadeportiva.com\/lbd\/wp-json\/wp\/v2\/types\/post"}],"author":[{"embeddable":true,"href":"http:\/\/labestiadeportiva.com\/lbd\/wp-json\/wp\/v2\/users\/1"}],"replies":[{"embeddable":true,"href":"http:\/\/labestiadeportiva.com\/lbd\/wp-json\/wp\/v2\/comments?post=55471"}],"version-history":[{"count":2,"href":"http:\/\/labestiadeportiva.com\/lbd\/wp-json\/wp\/v2\/posts\/55471\/revisions"}],"predecessor-version":[{"id":55477,"href":"http:\/\/labestiadeportiva.com\/lbd\/wp-json\/wp\/v2\/posts\/55471\/revisions\/55477"}],"wp:attachment":[{"href":"http:\/\/labestiadeportiva.com\/lbd\/wp-json\/wp\/v2\/media?parent=55471"}],"wp:term":[{"taxonomy":"category","embeddable":true,"href":"http:\/\/labestiadeportiva.com\/lbd\/wp-json\/wp\/v2\/categories?post=55471"},{"taxonomy":"post_tag","embeddable":true,"href":"http:\/\/labestiadeportiva.com\/lbd\/wp-json\/wp\/v2\/tags?post=55471"}],"curies":[{"name":"wp","href":"https:\/\/api.w.org\/{rel}","templated":true}]}}