{"id":5699,"date":"2013-07-23T14:31:37","date_gmt":"2013-07-23T14:31:37","guid":{"rendered":"http:\/\/labestiadeportiva.com\/lbd\/?p=5699"},"modified":"2013-07-23T14:31:37","modified_gmt":"2013-07-23T14:31:37","slug":"el-aceite-dijo-no","status":"publish","type":"post","link":"http:\/\/labestiadeportiva.com\/lbd\/el-aceite-dijo-no\/","title":{"rendered":"El aceite dijo no"},"content":{"rendered":"<p><a href=\"http:\/\/labestiadeportiva.com\/lbd\/wp-content\/uploads\/2013\/07\/Garro-2.jpg\"><img loading=\"lazy\" class=\"alignleft size-medium wp-image-5700\" title=\"Garro (2)\" src=\"http:\/\/labestiadeportiva.com\/lbd\/wp-content\/uploads\/2013\/07\/Garro-2-300x236.jpg\" alt=\"\" width=\"300\" height=\"236\" srcset=\"http:\/\/labestiadeportiva.com\/lbd\/wp-content\/uploads\/2013\/07\/Garro-2-300x236.jpg 300w, http:\/\/labestiadeportiva.com\/lbd\/wp-content\/uploads\/2013\/07\/Garro-2.jpg 610w\" sizes=\"(max-width: 300px) 100vw, 300px\" \/><\/a>El fueguino Lucas Garro ven\u00eda cumpliendo a la perfecci\u00f3n con la estrategia hasta que una mancha de aceite dejada por otro auto en una pista mojada provoc\u00f3 un despiste que lo oblig\u00f3 a remontar desde el puesto 20. No obstante lo hizo en gran forma y culmin\u00f3 s\u00e9ptimo, sumando puntos para el campeonato. Fuente y foto prensa Lucas Garro.<\/p>\n<p>Este domingo 21 de Julio se desarroll\u00f3 la final de la sexta fecha del Turismo Pista Clase 2 en el aut\u00f3dromo \u201cHermanos Emiliozzi\u201d de Olavarr\u00eda donde Lucas Garro, piloto de Ushuaia, Tierra del Fuego, estuvo compitiendo con el Fiat Uno N\u00b0 8 que es atendido \u00edntegramente por Dacal Racing.<!--morePara leer Click Aqu\u00ed--><\/p>\n<p>En el d\u00eda de ayer hab\u00eda demostrado que ten\u00eda un auto para ganar tras quedar quinto y remontar para adjudicarse la bater\u00eda clasificatoria superando a su coterr\u00e1neo Yerobi, pero la situaci\u00f3n en la final se tornar\u00eda totalmente confusa por la lluvia que se dio cita en la localidad bonaerense complicando el normal desenvolvimiento de las m\u00e1quinas de la divisional menor.<\/p>\n<p><span style=\"color: #0000ff;\">\u00abLa estrategia que ten\u00edamos era largar e ir tranquilo para no entrar en roces y despu\u00e9s de la mitad de carrera apretar el acelerador a fondo, pero cuando Yerobi me supera decidimos adelantar el cambio de ritmo. Luego alcanc\u00e9 a Minardi y cuando llegamos al frenaje el Ford Ka de Casadei hab\u00eda perdido aceite y entre el agua por la lluvia ni vi la mancha y nos despistamos. Luego sal\u00ed 20 y empec\u00e9 a pasar de a poco. Lo segu\u00ed a Cruzado y avanzamos juntos tranquilo, sin equivocarme y pudimos llegar s\u00e9ptimos a pesar de estar sin las gomas de lluvia. Pudimos hacer una buena remontada y en el certamen nos mantenemos cerca del segundo. Habr\u00e1 que sumar fuerte y parejo de aqu\u00ed a final de temporada porque ya no hay margen de error\u201d<\/span>, expres\u00f3 Garro en declaraciones resumiendo lo que fue la carrera final y lo que viene.<\/p>\n<p>La pr\u00f3xima fecha se desarrollar\u00e1 en el aut\u00f3dromo \u201cOscar y Juan G\u00e1lvez\u201d de la Ciudad Aut\u00f3noma de Buenos Aires los d\u00edas 9, 10 y 11 de Agosto con pilotos invitados. En el caso del ushuaiense ser\u00e1 acompa\u00f1ado por el protagonista del Turismo Nacional Clase 3, Juan Pipkin.<\/p>\n<p>Lucas Garro y equipo agradecen a sus sponsors: Carbess, Club Lasserre, Concesionario LASAC, Constru Sec, Con Vial Fue SA, Cosmos, El Diario del Fin del Mundo, Insumos Industriales, Polirrubro Fede, Promat SRL, PVC Dise\u00f1o, Sartini Gas, Sky Glass y Tierra Fueguina SRL. Asimismo, a toda la gente de Tierra del Fuego, familia, amigos y a DACAL RACING por el auto que entrega en pista.<\/p>\n<p><span style=\"color: #ff0000;\">Campeonato TP Clase 2<\/span>: 1\u00ba Yerobi 136; 2\u00ba Evolo 117; 3\u00ba Cruzado 101; <span style=\"color: #ff6600;\">4\u00ba Garro 100<\/span> y 5\u00ba Lastau 84.<\/p>\n<div class='epvc-post-count'><span class='epvc-eye'><\/span>  <span class=\"epvc-count\"> 955<\/span><span class='epvc-label'> veces le\u00edda<\/span><\/div>\n<div class=\"jwsharethis\">\nShare this: \n<br \/>\n<a href=\"mailto:?subject=El%20aceite%20dijo%20no&amp;body=http%3A%2F%2Flabestiadeportiva.com%2Flbd%2Fel-aceite-dijo-no%2F\">\n<img src=\"http:\/\/labestiadeportiva.com\/lbd\/wp-content\/plugins\/jw-share-this\/email.png\" alt=\"Share this page via Email\" \/>\n<\/a>\n<a target=\"_blank\" href=\"http:\/\/www.stumbleupon.com\/submit?url=http%3A%2F%2Flabestiadeportiva.com%2Flbd%2Fel-aceite-dijo-no%2F&amp;title=El+aceite+dijo+no\">\n<img src=\"http:\/\/labestiadeportiva.com\/lbd\/wp-content\/plugins\/jw-share-this\/su.png\" alt=\"Share this page via Stumble Upon\" \/>\n<\/a>\n<a target=\"_blank\" href=\"http:\/\/digg.com\/submit?url=http%3A%2F%2Flabestiadeportiva.com%2Flbd%2Fel-aceite-dijo-no%2F&amp;title=El+aceite+dijo+no\">\n<img src=\"http:\/\/labestiadeportiva.com\/lbd\/wp-content\/plugins\/jw-share-this\/digg.png\" alt=\"Share this page via Digg this\" \/>\n<\/a>\n<a target=\"_blank\" href=\"http:\/\/www.facebook.com\/sharer.php?u=http%3A%2F%2Flabestiadeportiva.com%2Flbd%2Fel-aceite-dijo-no%2F&amp;t=El+aceite+dijo+no\">\n<img src=\"http:\/\/labestiadeportiva.com\/lbd\/wp-content\/plugins\/jw-share-this\/fb.png\" alt=\"Share this page via Facebook\" \/>\n<\/a>\n<a target=\"_blank\" href=\"http:\/\/twitter.com\/intent\/tweet?text=I+like+http%3A%2F%2Flabestiadeportiva.com%2Flbd%2Fel-aceite-dijo-no%2F&amp;title=El+aceite+dijo+no\">\n<img src=\"http:\/\/labestiadeportiva.com\/lbd\/wp-content\/plugins\/jw-share-this\/twitter.png\" alt=\"Share this page via Twitter\" \/>\n<\/a>\n<\/div>\n","protected":false},"excerpt":{"rendered":"<p>El fueguino Lucas Garro ven\u00eda cumpliendo a la perfecci\u00f3n con la estrategia hasta que una mancha de aceite dejada por otro auto en una pista mojada provoc\u00f3 un despiste que lo oblig\u00f3 a remontar desde el puesto 20. No obstante lo hizo en gran forma y culmin\u00f3 s\u00e9ptimo, sumando puntos para el campeonato. Fuente y &hellip; <a href=\"http:\/\/labestiadeportiva.com\/lbd\/el-aceite-dijo-no\/\" class=\"more-link\">Seguir leyendo <span class=\"screen-reader-text\">El aceite dijo no<\/span> <span class=\"meta-nav\">&rarr;<\/span><\/a><\/p>\n","protected":false},"author":1,"featured_media":5700,"comment_status":"open","ping_status":"open","sticky":false,"template":"","format":"standard","meta":[],"categories":[5,6,1],"tags":[86,151,525],"_links":{"self":[{"href":"http:\/\/labestiadeportiva.com\/lbd\/wp-json\/wp\/v2\/posts\/5699"}],"collection":[{"href":"http:\/\/labestiadeportiva.com\/lbd\/wp-json\/wp\/v2\/posts"}],"about":[{"href":"http:\/\/labestiadeportiva.com\/lbd\/wp-json\/wp\/v2\/types\/post"}],"author":[{"embeddable":true,"href":"http:\/\/labestiadeportiva.com\/lbd\/wp-json\/wp\/v2\/users\/1"}],"replies":[{"embeddable":true,"href":"http:\/\/labestiadeportiva.com\/lbd\/wp-json\/wp\/v2\/comments?post=5699"}],"version-history":[{"count":1,"href":"http:\/\/labestiadeportiva.com\/lbd\/wp-json\/wp\/v2\/posts\/5699\/revisions"}],"predecessor-version":[{"id":5701,"href":"http:\/\/labestiadeportiva.com\/lbd\/wp-json\/wp\/v2\/posts\/5699\/revisions\/5701"}],"wp:featuredmedia":[{"embeddable":true,"href":"http:\/\/labestiadeportiva.com\/lbd\/wp-json\/wp\/v2\/media\/5700"}],"wp:attachment":[{"href":"http:\/\/labestiadeportiva.com\/lbd\/wp-json\/wp\/v2\/media?parent=5699"}],"wp:term":[{"taxonomy":"category","embeddable":true,"href":"http:\/\/labestiadeportiva.com\/lbd\/wp-json\/wp\/v2\/categories?post=5699"},{"taxonomy":"post_tag","embeddable":true,"href":"http:\/\/labestiadeportiva.com\/lbd\/wp-json\/wp\/v2\/tags?post=5699"}],"curies":[{"name":"wp","href":"https:\/\/api.w.org\/{rel}","templated":true}]}}