{"id":5702,"date":"2013-07-23T16:01:22","date_gmt":"2013-07-23T16:01:22","guid":{"rendered":"http:\/\/labestiadeportiva.com\/lbd\/?p=5702"},"modified":"2013-07-23T16:01:22","modified_gmt":"2013-07-23T16:01:22","slug":"buenas-impresiones-de-los-nadadores-fueguinos","status":"publish","type":"post","link":"http:\/\/labestiadeportiva.com\/lbd\/buenas-impresiones-de-los-nadadores-fueguinos\/","title":{"rendered":"Buenas impresiones de los nadadores fueguinos"},"content":{"rendered":"<p class=\"MsoNormal\"><span style=\"mso-ansi-language: ES-MX;\" lang=\"ES-MX\">Por Francisco \u00abMacoco\u00bb Silva (Discapacidad para LBD)<br \/>\n<\/span><\/p>\n<p class=\"MsoNormal\"><span style=\"mso-ansi-language: ES-MX;\" lang=\"ES-MX\"><a href=\"http:\/\/labestiadeportiva.com\/lbd\/wp-content\/uploads\/2013\/07\/555219_151356205057849_2127754309_n.jpg\"><img loading=\"lazy\" class=\"alignleft size-medium wp-image-5703\" title=\"555219_151356205057849_2127754309_n\" src=\"http:\/\/labestiadeportiva.com\/lbd\/wp-content\/uploads\/2013\/07\/555219_151356205057849_2127754309_n-300x225.jpg\" alt=\"\" width=\"300\" height=\"225\" srcset=\"http:\/\/labestiadeportiva.com\/lbd\/wp-content\/uploads\/2013\/07\/555219_151356205057849_2127754309_n-300x225.jpg 300w, http:\/\/labestiadeportiva.com\/lbd\/wp-content\/uploads\/2013\/07\/555219_151356205057849_2127754309_n.jpg 960w\" sizes=\"(max-width: 300px) 100vw, 300px\" \/><\/a>De cara a lo que ser\u00e1 en Para panamericano Juvenil, a realizarse en el mes de Octubre en la ciudad de Buenos Aires, la Federaci\u00f3n de atletas con par\u00e1lisis cerebral realizo una nueva convocatoria a los atletas ya preseleccionados y nuevos talentos por ver.<!--morePara leer Click Aqu\u00ed--><\/span><\/p>\n<p class=\"MsoNormal\"><span style=\"mso-ansi-language: ES-MX;\" lang=\"ES-MX\"><span style=\"mso-spacerun: yes;\">\u00a0<\/span>La cita dio lugar desde el lunes 15 al jueves 18 en el CeNARD y la actividad estuvo conducida por la entrenadora de Selecci\u00f3n Marcela Belviso, quien fuera entrenadora del triple medallista Paral\u00edmpico Guillermo Marro.<\/span><\/p>\n<p><span style=\"mso-ansi-language: ES-MX;\" lang=\"ES-MX\">Se cont\u00f3 con la presencia de 15 nadadores de todo el pa\u00eds, entre los cuales se encontraban Elizabeth Noriega (CAAD Ushuaia), y Cristian Brito (R\u00edo Grande).<\/span><\/p>\n<p class=\"MsoNormal\"><span style=\"mso-ansi-language: ES-MX;\" lang=\"ES-MX\">Se llevaron a cabo diferentes evaluaciones que dilucidaron el nivel de entrenamiento que poseen los deportistas, en lo que nos interesa, \u00abEly\u00bb obtuvo buenas marcas y resultados lo que motiva a seguir participando y estimula su continuidad en el entrenamiento como lo viene haciendo desde ya hace tiempo. <\/span><\/p>\n<p><a href=\"http:\/\/labestiadeportiva.com\/lbd\/wp-content\/uploads\/2013\/07\/992935_151356648391138_853032923_n.jpg\"><img loading=\"lazy\" class=\"aligncenter size-medium wp-image-5704\" title=\"992935_151356648391138_853032923_n\" src=\"http:\/\/labestiadeportiva.com\/lbd\/wp-content\/uploads\/2013\/07\/992935_151356648391138_853032923_n-225x300.jpg\" alt=\"\" width=\"225\" height=\"300\" srcset=\"http:\/\/labestiadeportiva.com\/lbd\/wp-content\/uploads\/2013\/07\/992935_151356648391138_853032923_n-225x300.jpg 225w, http:\/\/labestiadeportiva.com\/lbd\/wp-content\/uploads\/2013\/07\/992935_151356648391138_853032923_n.jpg 720w\" sizes=\"(max-width: 225px) 100vw, 225px\" \/><\/a><span style=\"mso-ansi-language: ES-MX;\" lang=\"ES-MX\">En tanto que Cristian, en su primer citaci\u00f3n dejo una buena impresi\u00f3n en con su biotipo f\u00edsico y sus ganas de superarse, sacando el resultado de que debe seguir entrenando y mejorar su condici\u00f3n f\u00edsica ya que le cost\u00f3 sostener el ritmo de los entrenamientos<span style=\"mso-spacerun: yes;\">\u00a0 <\/span>en una pileta de 50 metros.<\/span><\/p>\n<p class=\"MsoNormal\"><span style=\"mso-ansi-language: ES-MX;\" lang=\"ES-MX\">Tambi\u00e9n presencio los entrenamientos el profesor Lisandro Muhoberac T\u00e9cnico del Centro de Desarrollo Regi\u00f3n Sur, y el atleta de la ciudad de Rio Grande fue acompa\u00f1ado por su entrenador Sergio Crocetti.<\/span><\/p>\n<p><span style=\"mso-ansi-language: ES-MX;\" lang=\"ES-MX\">La t\u00e9cnica de la Selecci\u00f3n Nacional de Nataci\u00f3n de la FADEPAC (Federaci\u00f3n de Deportes de Par\u00e1lisis Cerebral), Marcela Belviso. Esta muy comprometida con el proyecto que impulsa a la federalizaci\u00f3n, captaci\u00f3n y desarrollo de la actividad deportiva para personas con discapacidad.<\/span><\/p>\n<p class=\"MsoNormal\" style=\"text-align: justify; line-height: 150%;\"><span style=\"mso-ansi-language: ES-MX;\" lang=\"ES-MX\">Por otro lado, el equipo Nacional de Atletismo de FADEPAC, comandado por Ariel Gonzales, Adri\u00e1n Bottaro y Ofelia Arruti, se encuentra en Lyon, Francia, para participar del Mundial de Atletismo 2013.<\/span><\/p>\n<p class=\"MsoNormal\" style=\"text-align: justify; line-height: 150%;\"><span style=\"mso-ansi-language: ES-MX;\" lang=\"ES-MX\">Los datos obtenidos para la nota son gentileza del profesor Lisandro Muhoberac.<\/span><\/p>\n<p class=\"MsoNormal\" style=\"text-align: justify; line-height: 150%;\"><a href=\"http:\/\/labestiadeportiva.com\/lbd\/wp-content\/uploads\/2013\/07\/1005303_151355951724541_82147565_n.jpg\"><img loading=\"lazy\" class=\"aligncenter size-medium wp-image-5705\" title=\"1005303_151355951724541_82147565_n\" src=\"http:\/\/labestiadeportiva.com\/lbd\/wp-content\/uploads\/2013\/07\/1005303_151355951724541_82147565_n-300x225.jpg\" alt=\"\" width=\"300\" height=\"225\" srcset=\"http:\/\/labestiadeportiva.com\/lbd\/wp-content\/uploads\/2013\/07\/1005303_151355951724541_82147565_n-300x225.jpg 300w, http:\/\/labestiadeportiva.com\/lbd\/wp-content\/uploads\/2013\/07\/1005303_151355951724541_82147565_n.jpg 640w\" sizes=\"(max-width: 300px) 100vw, 300px\" \/><\/a><\/p>\n<div class='epvc-post-count'><span class='epvc-eye'><\/span>  <span class=\"epvc-count\"> 1.170<\/span><span class='epvc-label'> veces le\u00edda<\/span><\/div>\n<div class=\"jwsharethis\">\nShare this: \n<br \/>\n<a href=\"mailto:?subject=Buenas%20impresiones%20de%20los%20nadadores%20fueguinos&amp;body=http%3A%2F%2Flabestiadeportiva.com%2Flbd%2Fbuenas-impresiones-de-los-nadadores-fueguinos%2F\">\n<img src=\"http:\/\/labestiadeportiva.com\/lbd\/wp-content\/plugins\/jw-share-this\/email.png\" alt=\"Share this page via Email\" \/>\n<\/a>\n<a target=\"_blank\" href=\"http:\/\/www.stumbleupon.com\/submit?url=http%3A%2F%2Flabestiadeportiva.com%2Flbd%2Fbuenas-impresiones-de-los-nadadores-fueguinos%2F&amp;title=Buenas+impresiones+de+los+nadadores+fueguinos\">\n<img src=\"http:\/\/labestiadeportiva.com\/lbd\/wp-content\/plugins\/jw-share-this\/su.png\" alt=\"Share this page via Stumble Upon\" \/>\n<\/a>\n<a target=\"_blank\" href=\"http:\/\/digg.com\/submit?url=http%3A%2F%2Flabestiadeportiva.com%2Flbd%2Fbuenas-impresiones-de-los-nadadores-fueguinos%2F&amp;title=Buenas+impresiones+de+los+nadadores+fueguinos\">\n<img src=\"http:\/\/labestiadeportiva.com\/lbd\/wp-content\/plugins\/jw-share-this\/digg.png\" alt=\"Share this page via Digg this\" \/>\n<\/a>\n<a target=\"_blank\" href=\"http:\/\/www.facebook.com\/sharer.php?u=http%3A%2F%2Flabestiadeportiva.com%2Flbd%2Fbuenas-impresiones-de-los-nadadores-fueguinos%2F&amp;t=Buenas+impresiones+de+los+nadadores+fueguinos\">\n<img src=\"http:\/\/labestiadeportiva.com\/lbd\/wp-content\/plugins\/jw-share-this\/fb.png\" alt=\"Share this page via Facebook\" \/>\n<\/a>\n<a target=\"_blank\" href=\"http:\/\/twitter.com\/intent\/tweet?text=I+like+http%3A%2F%2Flabestiadeportiva.com%2Flbd%2Fbuenas-impresiones-de-los-nadadores-fueguinos%2F&amp;title=Buenas+impresiones+de+los+nadadores+fueguinos\">\n<img src=\"http:\/\/labestiadeportiva.com\/lbd\/wp-content\/plugins\/jw-share-this\/twitter.png\" alt=\"Share this page via Twitter\" \/>\n<\/a>\n<\/div>\n","protected":false},"excerpt":{"rendered":"<p>Por Francisco \u00abMacoco\u00bb Silva (Discapacidad para LBD) De cara a lo que ser\u00e1 en Para panamericano Juvenil, a realizarse en el mes de Octubre en la ciudad de Buenos Aires, la Federaci\u00f3n de atletas con par\u00e1lisis cerebral realizo una nueva convocatoria a los atletas ya preseleccionados y nuevos talentos por ver. 1.170 veces le\u00edda Share &hellip; <a href=\"http:\/\/labestiadeportiva.com\/lbd\/buenas-impresiones-de-los-nadadores-fueguinos\/\" class=\"more-link\">Seguir leyendo <span class=\"screen-reader-text\">Buenas impresiones de los nadadores fueguinos<\/span> <span class=\"meta-nav\">&rarr;<\/span><\/a><\/p>\n","protected":false},"author":1,"featured_media":5703,"comment_status":"open","ping_status":"open","sticky":false,"template":"","format":"standard","meta":[],"categories":[5,6,1],"tags":[689,20],"_links":{"self":[{"href":"http:\/\/labestiadeportiva.com\/lbd\/wp-json\/wp\/v2\/posts\/5702"}],"collection":[{"href":"http:\/\/labestiadeportiva.com\/lbd\/wp-json\/wp\/v2\/posts"}],"about":[{"href":"http:\/\/labestiadeportiva.com\/lbd\/wp-json\/wp\/v2\/types\/post"}],"author":[{"embeddable":true,"href":"http:\/\/labestiadeportiva.com\/lbd\/wp-json\/wp\/v2\/users\/1"}],"replies":[{"embeddable":true,"href":"http:\/\/labestiadeportiva.com\/lbd\/wp-json\/wp\/v2\/comments?post=5702"}],"version-history":[{"count":1,"href":"http:\/\/labestiadeportiva.com\/lbd\/wp-json\/wp\/v2\/posts\/5702\/revisions"}],"predecessor-version":[{"id":5706,"href":"http:\/\/labestiadeportiva.com\/lbd\/wp-json\/wp\/v2\/posts\/5702\/revisions\/5706"}],"wp:featuredmedia":[{"embeddable":true,"href":"http:\/\/labestiadeportiva.com\/lbd\/wp-json\/wp\/v2\/media\/5703"}],"wp:attachment":[{"href":"http:\/\/labestiadeportiva.com\/lbd\/wp-json\/wp\/v2\/media?parent=5702"}],"wp:term":[{"taxonomy":"category","embeddable":true,"href":"http:\/\/labestiadeportiva.com\/lbd\/wp-json\/wp\/v2\/categories?post=5702"},{"taxonomy":"post_tag","embeddable":true,"href":"http:\/\/labestiadeportiva.com\/lbd\/wp-json\/wp\/v2\/tags?post=5702"}],"curies":[{"name":"wp","href":"https:\/\/api.w.org\/{rel}","templated":true}]}}