{"id":5707,"date":"2013-07-23T16:31:56","date_gmt":"2013-07-23T16:31:56","guid":{"rendered":"http:\/\/labestiadeportiva.com\/lbd\/?p=5707"},"modified":"2013-07-23T16:35:06","modified_gmt":"2013-07-23T16:35:06","slug":"martino-al-barca","status":"publish","type":"post","link":"http:\/\/labestiadeportiva.com\/lbd\/martino-al-barca\/","title":{"rendered":"Martino al Barca"},"content":{"rendered":"<p class=\"MsoNormal\"><a href=\"http:\/\/labestiadeportiva.com\/lbd\/wp-content\/uploads\/2013\/07\/fe-tecnico-Gerardo-Martino_CLAIMA20130709_0048_14.jpg\"><img loading=\"lazy\" class=\"alignleft size-medium wp-image-5708\" title=\"fe-tecnico-Gerardo-Martino_CLAIMA20130709_0048_14\" src=\"http:\/\/labestiadeportiva.com\/lbd\/wp-content\/uploads\/2013\/07\/fe-tecnico-Gerardo-Martino_CLAIMA20130709_0048_14-272x300.jpg\" alt=\"\" width=\"272\" height=\"300\" srcset=\"http:\/\/labestiadeportiva.com\/lbd\/wp-content\/uploads\/2013\/07\/fe-tecnico-Gerardo-Martino_CLAIMA20130709_0048_14-272x300.jpg 272w, http:\/\/labestiadeportiva.com\/lbd\/wp-content\/uploads\/2013\/07\/fe-tecnico-Gerardo-Martino_CLAIMA20130709_0048_14.jpg 750w\" sizes=\"(max-width: 272px) 100vw, 272px\" \/><\/a>Por Isidoro \u00abChory\u00bb Aramburu (Corresponsal LBD en La Plata)<\/p>\n<p class=\"MsoNormal\">El \u201ctata\u201d reemplazar\u00e1 a \u201cTito\u201d Vilanova en la conducci\u00f3n del Barcelona. Despu\u00e9s de su gran campa\u00f1a en Newells, previo paso por el futbol paraguayo, el entrenador argentino dirigir\u00e1 al equipo de Messi y Neymar, entre otros. La imagen es de www.clarin.com<\/p>\n<p class=\"MsoNormal\">Despu\u00e9s de un paso fugaz por la B Nacional, Gerardo Martino recal\u00f3 en el futbol \u201cGuaran\u00ed\u201d donde comenz\u00f3 a demostrar su calidad como entrenador. All\u00ed dirigi\u00f3 a Libertad y a Cerro Porte\u00f1o, equipos donde se consagro multicampe\u00f3n.<\/p>\n<p class=\"MsoNormal\">Esto le vali\u00f3 la oportunidad de demostrar en el futbol grande de la Argentina, en Colon. Pero los resultados no acompa\u00f1aron y tuvo que volver a Paraguay. En Libertad, donde es \u00eddolo, volvi\u00f3 a salir campe\u00f3n.<!--morePara leer Click Aqu\u00ed--><\/p>\n<p class=\"MsoNormal\">Estos logros lo catapultaron a la selecci\u00f3n paraguaya, donde obtuvo buenos resultados. En el mundial de 2010 llego hasta los cuartos de final, donde se top\u00f3 con la campeona Espa\u00f1a. Le pudo complicar el partido a \u201cla furia\u201d pero finalmente perdi\u00f3 1 a 0 con gol de Villa.<\/p>\n<p class=\"MsoNormal\">Tambi\u00e9n fue meritorio el segundo puesto obtenido en la Copa Am\u00e9rica del 2011 disputada en nuestro pa\u00eds, donde perdi\u00f3 la final frente a Uruguay.<\/p>\n<p class=\"MsoNormal\">Pero la carrera de Martino dar\u00eda un giro extra\u00f1o, al agarrar el \u201cfierro caliente\u201d que era Newells hace menos de dos a\u00f1os. Se hablaba entonces de un retroceso en su, hasta all\u00ed, ascendente carrera, ya que \u201cla lepra\u201d, el club de sus amores, estaba muy comprometido con el descenso.<\/p>\n<p class=\"MsoNormal\">Parad\u00f3jicamente, Newells fue la vidriera que lo deposit\u00f3 hoy en el Barcelona, ya que no solo lo saco de la situaci\u00f3n comprometida en la que se encontraba, sino que le inculco una idea de juego y le dio un titulo despu\u00e9s de nueve a\u00f1os de sequ\u00eda.<\/p>\n<p class=\"MsoNormal\">Si bien el sue\u00f1o de lograr el m\u00e1ximo t\u00edtulo continental quedo trunco, al perder en semifinales frente a Atl\u00e9tico Mineiro, el equipo de Martino no perdi\u00f3 nunca su personalidad e identidad, algo que quiz\u00e1s la dirigencia de Barcelona tuvo en cuenta al inclinarse por el tata.<\/p>\n<p class=\"MsoNormal\">Un nuevo desaf\u00edo se presenta en la carrera de Gerardo Martino, un t\u00e9cnico que \u201cpega\u201d con el estilo futbol\u00edstico del Barca. <span style=\"mso-spacerun: yes;\">\u00a0<\/span><span style=\"mso-spacerun: yes;\">\u00a0<\/span><\/p>\n<div class='epvc-post-count'><span class='epvc-eye'><\/span>  <span class=\"epvc-count\"> 1.278<\/span><span class='epvc-label'> veces le\u00edda<\/span><\/div>\n<div class=\"jwsharethis\">\nShare this: \n<br \/>\n<a href=\"mailto:?subject=Martino%20al%20Barca&amp;body=http%3A%2F%2Flabestiadeportiva.com%2Flbd%2Fmartino-al-barca%2F\">\n<img src=\"http:\/\/labestiadeportiva.com\/lbd\/wp-content\/plugins\/jw-share-this\/email.png\" alt=\"Share this page via Email\" \/>\n<\/a>\n<a target=\"_blank\" href=\"http:\/\/www.stumbleupon.com\/submit?url=http%3A%2F%2Flabestiadeportiva.com%2Flbd%2Fmartino-al-barca%2F&amp;title=Martino+al+Barca\">\n<img src=\"http:\/\/labestiadeportiva.com\/lbd\/wp-content\/plugins\/jw-share-this\/su.png\" alt=\"Share this page via Stumble Upon\" \/>\n<\/a>\n<a target=\"_blank\" href=\"http:\/\/digg.com\/submit?url=http%3A%2F%2Flabestiadeportiva.com%2Flbd%2Fmartino-al-barca%2F&amp;title=Martino+al+Barca\">\n<img src=\"http:\/\/labestiadeportiva.com\/lbd\/wp-content\/plugins\/jw-share-this\/digg.png\" alt=\"Share this page via Digg this\" \/>\n<\/a>\n<a target=\"_blank\" href=\"http:\/\/www.facebook.com\/sharer.php?u=http%3A%2F%2Flabestiadeportiva.com%2Flbd%2Fmartino-al-barca%2F&amp;t=Martino+al+Barca\">\n<img src=\"http:\/\/labestiadeportiva.com\/lbd\/wp-content\/plugins\/jw-share-this\/fb.png\" alt=\"Share this page via Facebook\" \/>\n<\/a>\n<a target=\"_blank\" href=\"http:\/\/twitter.com\/intent\/tweet?text=I+like+http%3A%2F%2Flabestiadeportiva.com%2Flbd%2Fmartino-al-barca%2F&amp;title=Martino+al+Barca\">\n<img src=\"http:\/\/labestiadeportiva.com\/lbd\/wp-content\/plugins\/jw-share-this\/twitter.png\" alt=\"Share this page via Twitter\" \/>\n<\/a>\n<\/div>\n","protected":false},"excerpt":{"rendered":"<p>Por Isidoro \u00abChory\u00bb Aramburu (Corresponsal LBD en La Plata) El \u201ctata\u201d reemplazar\u00e1 a \u201cTito\u201d Vilanova en la conducci\u00f3n del Barcelona. Despu\u00e9s de su gran campa\u00f1a en Newells, previo paso por el futbol paraguayo, el entrenador argentino dirigir\u00e1 al equipo de Messi y Neymar, entre otros. La imagen es de www.clarin.com Despu\u00e9s de un paso fugaz &hellip; <a href=\"http:\/\/labestiadeportiva.com\/lbd\/martino-al-barca\/\" class=\"more-link\">Seguir leyendo <span class=\"screen-reader-text\">Martino al Barca<\/span> <span class=\"meta-nav\">&rarr;<\/span><\/a><\/p>\n","protected":false},"author":1,"featured_media":5708,"comment_status":"open","ping_status":"open","sticky":false,"template":"","format":"standard","meta":[],"categories":[4,14,1],"tags":[775,4830,774],"_links":{"self":[{"href":"http:\/\/labestiadeportiva.com\/lbd\/wp-json\/wp\/v2\/posts\/5707"}],"collection":[{"href":"http:\/\/labestiadeportiva.com\/lbd\/wp-json\/wp\/v2\/posts"}],"about":[{"href":"http:\/\/labestiadeportiva.com\/lbd\/wp-json\/wp\/v2\/types\/post"}],"author":[{"embeddable":true,"href":"http:\/\/labestiadeportiva.com\/lbd\/wp-json\/wp\/v2\/users\/1"}],"replies":[{"embeddable":true,"href":"http:\/\/labestiadeportiva.com\/lbd\/wp-json\/wp\/v2\/comments?post=5707"}],"version-history":[{"count":3,"href":"http:\/\/labestiadeportiva.com\/lbd\/wp-json\/wp\/v2\/posts\/5707\/revisions"}],"predecessor-version":[{"id":5711,"href":"http:\/\/labestiadeportiva.com\/lbd\/wp-json\/wp\/v2\/posts\/5707\/revisions\/5711"}],"wp:featuredmedia":[{"embeddable":true,"href":"http:\/\/labestiadeportiva.com\/lbd\/wp-json\/wp\/v2\/media\/5708"}],"wp:attachment":[{"href":"http:\/\/labestiadeportiva.com\/lbd\/wp-json\/wp\/v2\/media?parent=5707"}],"wp:term":[{"taxonomy":"category","embeddable":true,"href":"http:\/\/labestiadeportiva.com\/lbd\/wp-json\/wp\/v2\/categories?post=5707"},{"taxonomy":"post_tag","embeddable":true,"href":"http:\/\/labestiadeportiva.com\/lbd\/wp-json\/wp\/v2\/tags?post=5707"}],"curies":[{"name":"wp","href":"https:\/\/api.w.org\/{rel}","templated":true}]}}