{"id":5816,"date":"2013-07-29T22:32:09","date_gmt":"2013-07-29T22:32:09","guid":{"rendered":"http:\/\/labestiadeportiva.com\/lbd\/?p=5816"},"modified":"2013-07-29T22:32:09","modified_gmt":"2013-07-29T22:32:09","slug":"2-fecha-postergada","status":"publish","type":"post","link":"http:\/\/labestiadeportiva.com\/lbd\/2-fecha-postergada\/","title":{"rendered":"2\u00b0 Fecha Postergada"},"content":{"rendered":"<p class=\"MsoNormal\"><a href=\"http:\/\/labestiadeportiva.com\/lbd\/wp-content\/uploads\/2013\/07\/MG_36381.jpg\"><img loading=\"lazy\" class=\"alignleft size-medium wp-image-5817\" title=\"_MG_3638\" src=\"http:\/\/labestiadeportiva.com\/lbd\/wp-content\/uploads\/2013\/07\/MG_36381-300x285.jpg\" alt=\"\" width=\"300\" height=\"285\" srcset=\"http:\/\/labestiadeportiva.com\/lbd\/wp-content\/uploads\/2013\/07\/MG_36381-300x285.jpg 300w, http:\/\/labestiadeportiva.com\/lbd\/wp-content\/uploads\/2013\/07\/MG_36381.jpg 505w\" sizes=\"(max-width: 300px) 100vw, 300px\" \/><\/a>La AMU confirm\u00f3 el aplazo de su segunda fecha del ATV Snow Race 2013 que se realizar\u00eda este s\u00e1bado 3 y domingo 4 en el Aserradero de Bronzovich por falta de nieve. Desde LBD compartimos el comunicado oficial de la Asociaci\u00f3n Motociclistica Ushuaia.<\/p>\n<p class=\"MsoNormal\"><span style=\"color: #ff0000;\">ATV SNOW RACE<\/span><\/p>\n<p class=\"MsoNormal\"><span style=\"color: #0000ff;\">AMU oficializa que la segunda fecha programada para el 03 y 04 de Agosto se posterga debido a la poca cantidad de nieve ca\u00edda sobre el trazado del Aserradero Bronzovich.<\/span><!--morePara leer Click Aqu\u00ed--><\/p>\n<p class=\"MsoNormal\"><span style=\"color: #0000ff;\">La Asociaci\u00f3n Motocicl\u00edstica Ushuaia tiene el agrado de dirigirse a ustedes con el objeto de develar la inc\u00f3gnita suscitada sobre la segunda fecha del ATV Snow Race 2013, que deb\u00eda desarrollarse el pr\u00f3ximo fin de semana en Laguna Escondida, m\u00e1s precisamente en el Aserradero Bronzovich.<\/span><\/p>\n<p class=\"MsoNormal\"><span style=\"color: #0000ff;\">Si bien la primera de las dos competencias pudo llevarse a cabo con total normalidad y \u00e9xito en el Centro Invernal Haruwen, \u00e9sta segunda se pospone por tiempo indefinido debido a las causas de p\u00fablico conocimiento que impiden competir bajo el verdadero esp\u00edritu del evento: la nieve.<\/span><\/p>\n<p class=\"MsoNormal\"><span style=\"color: #0000ff;\">Asimismo, se recuerda que en los primeros d\u00edas del mes de Septiembre se estar\u00e1 retomando la actividad con una nueva fecha del Campeonato Provincial organizado en conjunto con el MotoClub R\u00edo Grande.<\/span><\/p>\n<p class=\"MsoNormal\"><span style=\"mso-spacerun: yes;\">\u00a0<\/span><\/p>\n<div class='epvc-post-count'><span class='epvc-eye'><\/span>  <span class=\"epvc-count\"> 971<\/span><span class='epvc-label'> veces le\u00edda<\/span><\/div>\n<div class=\"jwsharethis\">\nShare this: \n<br \/>\n<a href=\"mailto:?subject=2%C2%B0%20Fecha%20Postergada&amp;body=http%3A%2F%2Flabestiadeportiva.com%2Flbd%2F2-fecha-postergada%2F\">\n<img src=\"http:\/\/labestiadeportiva.com\/lbd\/wp-content\/plugins\/jw-share-this\/email.png\" alt=\"Share this page via Email\" \/>\n<\/a>\n<a target=\"_blank\" href=\"http:\/\/www.stumbleupon.com\/submit?url=http%3A%2F%2Flabestiadeportiva.com%2Flbd%2F2-fecha-postergada%2F&amp;title=2%C2%B0+Fecha+Postergada\">\n<img src=\"http:\/\/labestiadeportiva.com\/lbd\/wp-content\/plugins\/jw-share-this\/su.png\" alt=\"Share this page via Stumble Upon\" \/>\n<\/a>\n<a target=\"_blank\" href=\"http:\/\/digg.com\/submit?url=http%3A%2F%2Flabestiadeportiva.com%2Flbd%2F2-fecha-postergada%2F&amp;title=2%C2%B0+Fecha+Postergada\">\n<img src=\"http:\/\/labestiadeportiva.com\/lbd\/wp-content\/plugins\/jw-share-this\/digg.png\" alt=\"Share this page via Digg this\" \/>\n<\/a>\n<a target=\"_blank\" href=\"http:\/\/www.facebook.com\/sharer.php?u=http%3A%2F%2Flabestiadeportiva.com%2Flbd%2F2-fecha-postergada%2F&amp;t=2%C2%B0+Fecha+Postergada\">\n<img src=\"http:\/\/labestiadeportiva.com\/lbd\/wp-content\/plugins\/jw-share-this\/fb.png\" alt=\"Share this page via Facebook\" \/>\n<\/a>\n<a target=\"_blank\" href=\"http:\/\/twitter.com\/intent\/tweet?text=I+like+http%3A%2F%2Flabestiadeportiva.com%2Flbd%2F2-fecha-postergada%2F&amp;title=2%C2%B0+Fecha+Postergada\">\n<img src=\"http:\/\/labestiadeportiva.com\/lbd\/wp-content\/plugins\/jw-share-this\/twitter.png\" alt=\"Share this page via Twitter\" \/>\n<\/a>\n<\/div>\n","protected":false},"excerpt":{"rendered":"<p>La AMU confirm\u00f3 el aplazo de su segunda fecha del ATV Snow Race 2013 que se realizar\u00eda este s\u00e1bado 3 y domingo 4 en el Aserradero de Bronzovich por falta de nieve. Desde LBD compartimos el comunicado oficial de la Asociaci\u00f3n Motociclistica Ushuaia. ATV SNOW RACE AMU oficializa que la segunda fecha programada para el &hellip; <a href=\"http:\/\/labestiadeportiva.com\/lbd\/2-fecha-postergada\/\" class=\"more-link\">Seguir leyendo <span class=\"screen-reader-text\">2\u00b0 Fecha Postergada<\/span> <span class=\"meta-nav\">&rarr;<\/span><\/a><\/p>\n","protected":false},"author":1,"featured_media":5817,"comment_status":"open","ping_status":"open","sticky":false,"template":"","format":"standard","meta":[],"categories":[5,1],"tags":[242,69,797,71],"_links":{"self":[{"href":"http:\/\/labestiadeportiva.com\/lbd\/wp-json\/wp\/v2\/posts\/5816"}],"collection":[{"href":"http:\/\/labestiadeportiva.com\/lbd\/wp-json\/wp\/v2\/posts"}],"about":[{"href":"http:\/\/labestiadeportiva.com\/lbd\/wp-json\/wp\/v2\/types\/post"}],"author":[{"embeddable":true,"href":"http:\/\/labestiadeportiva.com\/lbd\/wp-json\/wp\/v2\/users\/1"}],"replies":[{"embeddable":true,"href":"http:\/\/labestiadeportiva.com\/lbd\/wp-json\/wp\/v2\/comments?post=5816"}],"version-history":[{"count":1,"href":"http:\/\/labestiadeportiva.com\/lbd\/wp-json\/wp\/v2\/posts\/5816\/revisions"}],"predecessor-version":[{"id":5818,"href":"http:\/\/labestiadeportiva.com\/lbd\/wp-json\/wp\/v2\/posts\/5816\/revisions\/5818"}],"wp:featuredmedia":[{"embeddable":true,"href":"http:\/\/labestiadeportiva.com\/lbd\/wp-json\/wp\/v2\/media\/5817"}],"wp:attachment":[{"href":"http:\/\/labestiadeportiva.com\/lbd\/wp-json\/wp\/v2\/media?parent=5816"}],"wp:term":[{"taxonomy":"category","embeddable":true,"href":"http:\/\/labestiadeportiva.com\/lbd\/wp-json\/wp\/v2\/categories?post=5816"},{"taxonomy":"post_tag","embeddable":true,"href":"http:\/\/labestiadeportiva.com\/lbd\/wp-json\/wp\/v2\/tags?post=5816"}],"curies":[{"name":"wp","href":"https:\/\/api.w.org\/{rel}","templated":true}]}}