{"id":6143,"date":"2013-08-15T05:47:16","date_gmt":"2013-08-15T05:47:16","guid":{"rendered":"http:\/\/labestiadeportiva.com\/lbd\/?p=6143"},"modified":"2013-08-15T05:47:16","modified_gmt":"2013-08-15T05:47:16","slug":"llega-la-fiesta-de-la-nieve","status":"publish","type":"post","link":"http:\/\/labestiadeportiva.com\/lbd\/llega-la-fiesta-de-la-nieve\/","title":{"rendered":"Llega la fiesta de la nieve"},"content":{"rendered":"<p class=\"MsoNormal\"><a href=\"http:\/\/labestiadeportiva.com\/lbd\/wp-content\/uploads\/2013\/08\/MG_78621.jpg\"><img loading=\"lazy\" class=\"alignleft size-medium wp-image-6145\" title=\"_MG_7862\" src=\"http:\/\/labestiadeportiva.com\/lbd\/wp-content\/uploads\/2013\/08\/MG_78621-300x200.jpg\" alt=\"\" width=\"300\" height=\"200\" srcset=\"http:\/\/labestiadeportiva.com\/lbd\/wp-content\/uploads\/2013\/08\/MG_78621-300x200.jpg 300w, http:\/\/labestiadeportiva.com\/lbd\/wp-content\/uploads\/2013\/08\/MG_78621.jpg 640w\" sizes=\"(max-width: 300px) 100vw, 300px\" \/><\/a>Este domingo desde las 11 de la ma\u00f1ana en el Centro Invernal Tierra Mayor se realizar\u00e1 la vig\u00e9sima s\u00e9ptima edici\u00f3n de la <span style=\"color: #ff0000;\">Marchablanca<\/span>, tradicional evento de esqu\u00ed de fondo organizado por el Club Andino Ushuaia. Las inscripciones para formar parte de la jornada cerrar\u00e1n el viernes 16 a las 18 horas.<!--morePara leer Click Aqu\u00ed--><\/p>\n<p class=\"MsoNormal\">En esta oportunidad se volver\u00e1 a los or\u00edgenes pues la traves\u00eda se efectuar\u00e1 en t\u00e9cnica cl\u00e1sica. Con respecto a los detalles organizativos podemos decir que los participantes podr\u00e1n inscribirse hasta las 18 horas del viernes 16 por la web en <a href=\"http:\/\/www.marchablanca.com\">www.marchablanca.com<\/a> o en la sede del club, Fadul 50.<\/p>\n<p class=\"MsoNormal\">Asimismo la entrega de dorsales ser\u00e1 en la sede del CAU con l\u00edmite el viernes a las 20 horas. La prueba tendr\u00e1 tres circuitos, el m\u00e1s exigente de 21 k, un recorrido promocional de 7.5 kil\u00f3metros y 3.000 metros para los atletas especiales.<\/p>\n<p class=\"MsoNormal\">En esta edici\u00f3n la \u201cMini Marchablanca\u201d estar\u00e1 dentro del evento que como de costumbre presentar\u00e1 la competencia de disfraces.<\/p>\n<p class=\"MsoNormal\">El domingo la jornada contar\u00e1 con la presencia de atletas paraol\u00edmpicos de Italia, Argentina y Estados Unidos, como as\u00ed tambi\u00e9n deportistas de elite de Alemania, Estados Unidos, Brasil, Austria, Argentina y Rep\u00fablica Checa.<\/p>\n<p class=\"MsoNormal\">Tambi\u00e9n estar\u00e1 presente un representante del circuito Worldloppet quien evaluar\u00e1 los aspectos organizativos a cargo del CAU como son la seguridad, recorrido del circuito, infraestructura e instalaciones que ofrece nuestra ciudad.<\/p>\n<p class=\"MsoNormal\">La visita de esta autoridad permitir\u00e1 posicionar a la Marchablanca como evento nacional dentro del circuito Worldloppet con vistas a la temporada 2014.<\/p>\n<p class=\"MsoNormal\"><span style=\"mso-spacerun: yes;\">\u00a0<\/span><\/p>\n<div class='epvc-post-count'><span class='epvc-eye'><\/span>  <span class=\"epvc-count\"> 1.213<\/span><span class='epvc-label'> veces le\u00edda<\/span><\/div>\n<div class=\"jwsharethis\">\nShare this: \n<br \/>\n<a href=\"mailto:?subject=Llega%20la%20fiesta%20de%20la%20nieve&amp;body=http%3A%2F%2Flabestiadeportiva.com%2Flbd%2Fllega-la-fiesta-de-la-nieve%2F\">\n<img src=\"http:\/\/labestiadeportiva.com\/lbd\/wp-content\/plugins\/jw-share-this\/email.png\" alt=\"Share this page via Email\" \/>\n<\/a>\n<a target=\"_blank\" href=\"http:\/\/www.stumbleupon.com\/submit?url=http%3A%2F%2Flabestiadeportiva.com%2Flbd%2Fllega-la-fiesta-de-la-nieve%2F&amp;title=Llega+la+fiesta+de+la+nieve\">\n<img src=\"http:\/\/labestiadeportiva.com\/lbd\/wp-content\/plugins\/jw-share-this\/su.png\" alt=\"Share this page via Stumble Upon\" \/>\n<\/a>\n<a target=\"_blank\" href=\"http:\/\/digg.com\/submit?url=http%3A%2F%2Flabestiadeportiva.com%2Flbd%2Fllega-la-fiesta-de-la-nieve%2F&amp;title=Llega+la+fiesta+de+la+nieve\">\n<img src=\"http:\/\/labestiadeportiva.com\/lbd\/wp-content\/plugins\/jw-share-this\/digg.png\" alt=\"Share this page via Digg this\" \/>\n<\/a>\n<a target=\"_blank\" href=\"http:\/\/www.facebook.com\/sharer.php?u=http%3A%2F%2Flabestiadeportiva.com%2Flbd%2Fllega-la-fiesta-de-la-nieve%2F&amp;t=Llega+la+fiesta+de+la+nieve\">\n<img src=\"http:\/\/labestiadeportiva.com\/lbd\/wp-content\/plugins\/jw-share-this\/fb.png\" alt=\"Share this page via Facebook\" \/>\n<\/a>\n<a target=\"_blank\" href=\"http:\/\/twitter.com\/intent\/tweet?text=I+like+http%3A%2F%2Flabestiadeportiva.com%2Flbd%2Fllega-la-fiesta-de-la-nieve%2F&amp;title=Llega+la+fiesta+de+la+nieve\">\n<img src=\"http:\/\/labestiadeportiva.com\/lbd\/wp-content\/plugins\/jw-share-this\/twitter.png\" alt=\"Share this page via Twitter\" \/>\n<\/a>\n<\/div>\n","protected":false},"excerpt":{"rendered":"<p>Este domingo desde las 11 de la ma\u00f1ana en el Centro Invernal Tierra Mayor se realizar\u00e1 la vig\u00e9sima s\u00e9ptima edici\u00f3n de la Marchablanca, tradicional evento de esqu\u00ed de fondo organizado por el Club Andino Ushuaia. Las inscripciones para formar parte de la jornada cerrar\u00e1n el viernes 16 a las 18 horas. 1.213 veces le\u00edda Share &hellip; <a href=\"http:\/\/labestiadeportiva.com\/lbd\/llega-la-fiesta-de-la-nieve\/\" class=\"more-link\">Seguir leyendo <span class=\"screen-reader-text\">Llega la fiesta de la nieve<\/span> <span class=\"meta-nav\">&rarr;<\/span><\/a><\/p>\n","protected":false},"author":1,"featured_media":6145,"comment_status":"open","ping_status":"open","sticky":false,"template":"","format":"standard","meta":[],"categories":[5,4,6,41,29,1],"tags":[829,4832,828],"_links":{"self":[{"href":"http:\/\/labestiadeportiva.com\/lbd\/wp-json\/wp\/v2\/posts\/6143"}],"collection":[{"href":"http:\/\/labestiadeportiva.com\/lbd\/wp-json\/wp\/v2\/posts"}],"about":[{"href":"http:\/\/labestiadeportiva.com\/lbd\/wp-json\/wp\/v2\/types\/post"}],"author":[{"embeddable":true,"href":"http:\/\/labestiadeportiva.com\/lbd\/wp-json\/wp\/v2\/users\/1"}],"replies":[{"embeddable":true,"href":"http:\/\/labestiadeportiva.com\/lbd\/wp-json\/wp\/v2\/comments?post=6143"}],"version-history":[{"count":1,"href":"http:\/\/labestiadeportiva.com\/lbd\/wp-json\/wp\/v2\/posts\/6143\/revisions"}],"predecessor-version":[{"id":6146,"href":"http:\/\/labestiadeportiva.com\/lbd\/wp-json\/wp\/v2\/posts\/6143\/revisions\/6146"}],"wp:featuredmedia":[{"embeddable":true,"href":"http:\/\/labestiadeportiva.com\/lbd\/wp-json\/wp\/v2\/media\/6145"}],"wp:attachment":[{"href":"http:\/\/labestiadeportiva.com\/lbd\/wp-json\/wp\/v2\/media?parent=6143"}],"wp:term":[{"taxonomy":"category","embeddable":true,"href":"http:\/\/labestiadeportiva.com\/lbd\/wp-json\/wp\/v2\/categories?post=6143"},{"taxonomy":"post_tag","embeddable":true,"href":"http:\/\/labestiadeportiva.com\/lbd\/wp-json\/wp\/v2\/tags?post=6143"}],"curies":[{"name":"wp","href":"https:\/\/api.w.org\/{rel}","templated":true}]}}