{"id":6387,"date":"2013-08-25T05:07:17","date_gmt":"2013-08-25T05:07:17","guid":{"rendered":"http:\/\/labestiadeportiva.com\/lbd\/?p=6387"},"modified":"2013-08-25T05:07:17","modified_gmt":"2013-08-25T05:07:17","slug":"vuelta-al-trabajo","status":"publish","type":"post","link":"http:\/\/labestiadeportiva.com\/lbd\/vuelta-al-trabajo\/","title":{"rendered":"Vuelta al trabajo"},"content":{"rendered":"<p class=\"MsoNormal\"><span lang=\"ES\">Por Daniel Campos (Corresponsal LBD en Palma de Mallorca, Espa\u00f1a)<br \/>\n<\/span><\/p>\n<p class=\"MsoNormal\"><span lang=\"ES\"><a href=\"http:\/\/labestiadeportiva.com\/lbd\/wp-content\/uploads\/2013\/08\/HamBelgica1.jpg\"><img loading=\"lazy\" class=\"alignleft size-medium wp-image-6389\" title=\"HamBelgica\" src=\"http:\/\/labestiadeportiva.com\/lbd\/wp-content\/uploads\/2013\/08\/HamBelgica1-300x166.jpg\" alt=\"\" width=\"300\" height=\"166\" srcset=\"http:\/\/labestiadeportiva.com\/lbd\/wp-content\/uploads\/2013\/08\/HamBelgica1-300x166.jpg 300w, http:\/\/labestiadeportiva.com\/lbd\/wp-content\/uploads\/2013\/08\/HamBelgica1.jpg 640w\" sizes=\"(max-width: 300px) 100vw, 300px\" \/><\/a>Este fin de semana vuelve la F\u00f3rmula Uno y el punto de encuentro: circuito de Spa Francorchamps, para el GP B\u00e9lgica. Con una condici\u00f3n clim\u00e1tica muy cambiante como principal ingrediente, porque por lo dem\u00e1s los principales animadores siempre siguen siendo los mismos. <!--morePara leer Click Aqu\u00ed--><\/span><\/p>\n<p class=\"MsoNormal\"><span lang=\"ES\">Otra vez Hamilton veloz y dominador en la jornada de d\u00eda s\u00e1bado. De esta manera el campe\u00f3n del 2008, suma y sigue la cuarta pole del a\u00f1o y en forma consecutiva. Con un registro de 2:01,012 el de Mercedes saldr\u00e1 ma\u00f1ana de la primera l\u00ednea del trazado belga, pero a su lado estar\u00e1 Sebasti\u00e1n Vettel con el Red Bull. Siempre amenazante el tricampe\u00f3n del mundo y l\u00edder del torneo, buscar\u00e1 tambi\u00e9n la victoria y ampliar su ventaja en la clasificaci\u00f3n general. <\/span><\/p>\n<p class=\"MsoNormal\"><span lang=\"ES\">Sus principales rivales, Raikkonen y Alonso, no han tenido suerte este s\u00e1bado, el de Lotus y el de Ferrari han terminado octavo y noveno lugar. Para la competencia de ma\u00f1ana adem\u00e1s de la estrategia de dos paradas, la presencia de la lluvia condicionara el desarrollo de la misma. En apenas 44 giros a los poco m\u00e1s de siete kil\u00f3metros de extensi\u00f3n, la segunda mitad del Mundial iniciara su definici\u00f3n. Ma\u00f1ana la carrera, que siga el espect\u00e1culo.<span style=\"mso-spacerun: yes;\">\u00a0\u00a0 <\/span><\/span><\/p>\n<div class='epvc-post-count'><span class='epvc-eye'><\/span>  <span class=\"epvc-count\"> 1.079<\/span><span class='epvc-label'> veces le\u00edda<\/span><\/div>\n<div class=\"jwsharethis\">\nShare this: \n<br \/>\n<a href=\"mailto:?subject=Vuelta%20al%20trabajo&amp;body=http%3A%2F%2Flabestiadeportiva.com%2Flbd%2Fvuelta-al-trabajo%2F\">\n<img src=\"http:\/\/labestiadeportiva.com\/lbd\/wp-content\/plugins\/jw-share-this\/email.png\" alt=\"Share this page via Email\" \/>\n<\/a>\n<a target=\"_blank\" href=\"http:\/\/www.stumbleupon.com\/submit?url=http%3A%2F%2Flabestiadeportiva.com%2Flbd%2Fvuelta-al-trabajo%2F&amp;title=Vuelta+al+trabajo\">\n<img src=\"http:\/\/labestiadeportiva.com\/lbd\/wp-content\/plugins\/jw-share-this\/su.png\" alt=\"Share this page via Stumble Upon\" \/>\n<\/a>\n<a target=\"_blank\" href=\"http:\/\/digg.com\/submit?url=http%3A%2F%2Flabestiadeportiva.com%2Flbd%2Fvuelta-al-trabajo%2F&amp;title=Vuelta+al+trabajo\">\n<img src=\"http:\/\/labestiadeportiva.com\/lbd\/wp-content\/plugins\/jw-share-this\/digg.png\" alt=\"Share this page via Digg this\" \/>\n<\/a>\n<a target=\"_blank\" href=\"http:\/\/www.facebook.com\/sharer.php?u=http%3A%2F%2Flabestiadeportiva.com%2Flbd%2Fvuelta-al-trabajo%2F&amp;t=Vuelta+al+trabajo\">\n<img src=\"http:\/\/labestiadeportiva.com\/lbd\/wp-content\/plugins\/jw-share-this\/fb.png\" alt=\"Share this page via Facebook\" \/>\n<\/a>\n<a target=\"_blank\" href=\"http:\/\/twitter.com\/intent\/tweet?text=I+like+http%3A%2F%2Flabestiadeportiva.com%2Flbd%2Fvuelta-al-trabajo%2F&amp;title=Vuelta+al+trabajo\">\n<img src=\"http:\/\/labestiadeportiva.com\/lbd\/wp-content\/plugins\/jw-share-this\/twitter.png\" alt=\"Share this page via Twitter\" \/>\n<\/a>\n<\/div>\n","protected":false},"excerpt":{"rendered":"<p>Por Daniel Campos (Corresponsal LBD en Palma de Mallorca, Espa\u00f1a) Este fin de semana vuelve la F\u00f3rmula Uno y el punto de encuentro: circuito de Spa Francorchamps, para el GP B\u00e9lgica. Con una condici\u00f3n clim\u00e1tica muy cambiante como principal ingrediente, porque por lo dem\u00e1s los principales animadores siempre siguen siendo los mismos. 1.079 veces le\u00edda &hellip; <a href=\"http:\/\/labestiadeportiva.com\/lbd\/vuelta-al-trabajo\/\" class=\"more-link\">Seguir leyendo <span class=\"screen-reader-text\">Vuelta al trabajo<\/span> <span class=\"meta-nav\">&rarr;<\/span><\/a><\/p>\n","protected":false},"author":1,"featured_media":6389,"comment_status":"open","ping_status":"open","sticky":false,"template":"","format":"standard","meta":[],"categories":[4,1],"tags":[154,409,887],"_links":{"self":[{"href":"http:\/\/labestiadeportiva.com\/lbd\/wp-json\/wp\/v2\/posts\/6387"}],"collection":[{"href":"http:\/\/labestiadeportiva.com\/lbd\/wp-json\/wp\/v2\/posts"}],"about":[{"href":"http:\/\/labestiadeportiva.com\/lbd\/wp-json\/wp\/v2\/types\/post"}],"author":[{"embeddable":true,"href":"http:\/\/labestiadeportiva.com\/lbd\/wp-json\/wp\/v2\/users\/1"}],"replies":[{"embeddable":true,"href":"http:\/\/labestiadeportiva.com\/lbd\/wp-json\/wp\/v2\/comments?post=6387"}],"version-history":[{"count":1,"href":"http:\/\/labestiadeportiva.com\/lbd\/wp-json\/wp\/v2\/posts\/6387\/revisions"}],"predecessor-version":[{"id":6390,"href":"http:\/\/labestiadeportiva.com\/lbd\/wp-json\/wp\/v2\/posts\/6387\/revisions\/6390"}],"wp:featuredmedia":[{"embeddable":true,"href":"http:\/\/labestiadeportiva.com\/lbd\/wp-json\/wp\/v2\/media\/6389"}],"wp:attachment":[{"href":"http:\/\/labestiadeportiva.com\/lbd\/wp-json\/wp\/v2\/media?parent=6387"}],"wp:term":[{"taxonomy":"category","embeddable":true,"href":"http:\/\/labestiadeportiva.com\/lbd\/wp-json\/wp\/v2\/categories?post=6387"},{"taxonomy":"post_tag","embeddable":true,"href":"http:\/\/labestiadeportiva.com\/lbd\/wp-json\/wp\/v2\/tags?post=6387"}],"curies":[{"name":"wp","href":"https:\/\/api.w.org\/{rel}","templated":true}]}}