{"id":682,"date":"2012-09-24T21:27:22","date_gmt":"2012-09-24T21:27:22","guid":{"rendered":"http:\/\/labestiadeportiva.com\/lbd\/?p=682"},"modified":"2012-09-24T21:28:36","modified_gmt":"2012-09-24T21:28:36","slug":"el-barcelona-sigue-al-frente-el-madrid-a-media-luz","status":"publish","type":"post","link":"http:\/\/labestiadeportiva.com\/lbd\/el-barcelona-sigue-al-frente-el-madrid-a-media-luz\/","title":{"rendered":"El Barcelona sigue al frente, el Madrid a media luz"},"content":{"rendered":"<p>Por Daniel Campos (Corresponsal LBD en\u00a0Palma de Mallorca, Espa\u00f1a)<\/p>\n<p><a href=\"http:\/\/labestiadeportiva.com\/lbd\/wp-content\/uploads\/2012\/09\/bcngra.jpg\"><img loading=\"lazy\" class=\"alignleft size-full wp-image-683\" title=\"bcngra\" src=\"http:\/\/labestiadeportiva.com\/lbd\/wp-content\/uploads\/2012\/09\/bcngra.jpg\" alt=\"\" width=\"300\" height=\"234\" \/><\/a>Barcelona vence en casa al Granada y se mantiene en la punta\u00a0seguido de cerca por el Mallorca y el M\u00e1laga. La pelota empez\u00f3 a rodar el s\u00e1bado tarde y dej\u00f3 estos n\u00fameros. En Zaragoza primera victoria como local por 3 a 1 ante el Osasuna, el conjunto aragon\u00e9s lo necesitaba. En Balaidos, triunfo por 2 a 1 del Celta de Vigo frente al Getafe que hizo poco por llevarse el partido.<!--morePara leer Click Aqu\u00ed--><\/p>\n<p>El encuentro parec\u00eda quedarse en tablas hasta que el coreano Park puso las cosas 2 a 1 para los gallegos. Este el primer tanto de un jugador coreano en la historia de la Liga en Espa\u00f1a. \u00a0En el estadio Benito Villamar\u00eda, fue testigo del cabezazo de Paulao y que dio la victoria al Betis por 1 a 0 ante el Espanyol.<\/p>\n<p>El equipo de Pochettino busc\u00f3 el empate pero todo qued\u00f3 en el intento. El Bar\u00e7a venci\u00f3 por 2 a 0 en el Camp Nogal Granada, en un encuentro aburrido en la primera mitad y tremendamente emocionante en la \u00faltima media hora. Gran actuaci\u00f3n del arquero andaluz To\u00f1o, pero luego Xavi Hern\u00e1ndez y Borja Gom\u00e9z (en contra) el equipo local se llev\u00f3 los tres puntos.<\/p>\n<p>Domingo al mediod\u00eda y el bal\u00f3n corria nuevamente, en las Baleares, el Malorca se aferra a las primeras posiciones y lo hace con buen f\u00fatbol, victoria por 2 a 0 ante Valencia. El conjunto valencianista sigue si despegar en la Liga. En la costa valenciana, el verano no se quiere marchar y con calor en el Ciutat de Valencia, gran triunfo del Levante por 2 a 1 ante la Real Sociedad.<\/p>\n<p>En tanto en el Vicente Calder\u00f3n, una victoria trabajada del Atl\u00e9tico de Madrid, por 2 a 1, frente al\u00a0 Valladolid. El conjunto pucelano termin\u00f3 arrinconando a los colchoneros. Ya en el turno de las 8 de la noche, en San Mam\u00e9s, el Athletic de Bilbao y el M\u00e1laga, no pasaron del empate.<\/p>\n<p>Estaba todo previsto para el partido entre el Rayo Vallecano y el Real Madrid, pero un corte de luz, oblig\u00f3 al \u00e1rbitro a aplazar el match para ma\u00f1ana lunes donde el Deportivo y el Sevilla, cerraran la jornada..<\/p>\n<div class='epvc-post-count'><span class='epvc-eye'><\/span>  <span class=\"epvc-count\"> 1.212<\/span><span class='epvc-label'> veces le\u00edda<\/span><\/div>\n<div class=\"jwsharethis\">\nShare this: \n<br \/>\n<a href=\"mailto:?subject=El%20Barcelona%20sigue%20al%20frente%2C%20el%20Madrid%20a%20media%20luz&amp;body=http%3A%2F%2Flabestiadeportiva.com%2Flbd%2Fel-barcelona-sigue-al-frente-el-madrid-a-media-luz%2F\">\n<img src=\"http:\/\/labestiadeportiva.com\/lbd\/wp-content\/plugins\/jw-share-this\/email.png\" alt=\"Share this page via Email\" \/>\n<\/a>\n<a target=\"_blank\" href=\"http:\/\/www.stumbleupon.com\/submit?url=http%3A%2F%2Flabestiadeportiva.com%2Flbd%2Fel-barcelona-sigue-al-frente-el-madrid-a-media-luz%2F&amp;title=El+Barcelona+sigue+al+frente%2C+el+Madrid+a+media+luz\">\n<img src=\"http:\/\/labestiadeportiva.com\/lbd\/wp-content\/plugins\/jw-share-this\/su.png\" alt=\"Share this page via Stumble Upon\" \/>\n<\/a>\n<a target=\"_blank\" href=\"http:\/\/digg.com\/submit?url=http%3A%2F%2Flabestiadeportiva.com%2Flbd%2Fel-barcelona-sigue-al-frente-el-madrid-a-media-luz%2F&amp;title=El+Barcelona+sigue+al+frente%2C+el+Madrid+a+media+luz\">\n<img src=\"http:\/\/labestiadeportiva.com\/lbd\/wp-content\/plugins\/jw-share-this\/digg.png\" alt=\"Share this page via Digg this\" \/>\n<\/a>\n<a target=\"_blank\" href=\"http:\/\/www.facebook.com\/sharer.php?u=http%3A%2F%2Flabestiadeportiva.com%2Flbd%2Fel-barcelona-sigue-al-frente-el-madrid-a-media-luz%2F&amp;t=El+Barcelona+sigue+al+frente%2C+el+Madrid+a+media+luz\">\n<img src=\"http:\/\/labestiadeportiva.com\/lbd\/wp-content\/plugins\/jw-share-this\/fb.png\" alt=\"Share this page via Facebook\" \/>\n<\/a>\n<a target=\"_blank\" href=\"http:\/\/twitter.com\/intent\/tweet?text=I+like+http%3A%2F%2Flabestiadeportiva.com%2Flbd%2Fel-barcelona-sigue-al-frente-el-madrid-a-media-luz%2F&amp;title=El+Barcelona+sigue+al+frente%2C+el+Madrid+a+media+luz\">\n<img src=\"http:\/\/labestiadeportiva.com\/lbd\/wp-content\/plugins\/jw-share-this\/twitter.png\" alt=\"Share this page via Twitter\" \/>\n<\/a>\n<\/div>\n","protected":false},"excerpt":{"rendered":"<p>Por Daniel Campos (Corresponsal LBD en\u00a0Palma de Mallorca, Espa\u00f1a) Barcelona vence en casa al Granada y se mantiene en la punta\u00a0seguido de cerca por el Mallorca y el M\u00e1laga. La pelota empez\u00f3 a rodar el s\u00e1bado tarde y dej\u00f3 estos n\u00fameros. En Zaragoza primera victoria como local por 3 a 1 ante el Osasuna, el &hellip; <a href=\"http:\/\/labestiadeportiva.com\/lbd\/el-barcelona-sigue-al-frente-el-madrid-a-media-luz\/\" class=\"more-link\">Seguir leyendo <span class=\"screen-reader-text\">El Barcelona sigue al frente, el Madrid a media luz<\/span> <span class=\"meta-nav\">&rarr;<\/span><\/a><\/p>\n","protected":false},"author":1,"featured_media":683,"comment_status":"open","ping_status":"open","sticky":false,"template":"","format":"standard","meta":[],"categories":[4,1],"tags":[4830,35],"_links":{"self":[{"href":"http:\/\/labestiadeportiva.com\/lbd\/wp-json\/wp\/v2\/posts\/682"}],"collection":[{"href":"http:\/\/labestiadeportiva.com\/lbd\/wp-json\/wp\/v2\/posts"}],"about":[{"href":"http:\/\/labestiadeportiva.com\/lbd\/wp-json\/wp\/v2\/types\/post"}],"author":[{"embeddable":true,"href":"http:\/\/labestiadeportiva.com\/lbd\/wp-json\/wp\/v2\/users\/1"}],"replies":[{"embeddable":true,"href":"http:\/\/labestiadeportiva.com\/lbd\/wp-json\/wp\/v2\/comments?post=682"}],"version-history":[{"count":2,"href":"http:\/\/labestiadeportiva.com\/lbd\/wp-json\/wp\/v2\/posts\/682\/revisions"}],"predecessor-version":[{"id":685,"href":"http:\/\/labestiadeportiva.com\/lbd\/wp-json\/wp\/v2\/posts\/682\/revisions\/685"}],"wp:featuredmedia":[{"embeddable":true,"href":"http:\/\/labestiadeportiva.com\/lbd\/wp-json\/wp\/v2\/media\/683"}],"wp:attachment":[{"href":"http:\/\/labestiadeportiva.com\/lbd\/wp-json\/wp\/v2\/media?parent=682"}],"wp:term":[{"taxonomy":"category","embeddable":true,"href":"http:\/\/labestiadeportiva.com\/lbd\/wp-json\/wp\/v2\/categories?post=682"},{"taxonomy":"post_tag","embeddable":true,"href":"http:\/\/labestiadeportiva.com\/lbd\/wp-json\/wp\/v2\/tags?post=682"}],"curies":[{"name":"wp","href":"https:\/\/api.w.org\/{rel}","templated":true}]}}