{"id":686,"date":"2012-09-25T12:54:37","date_gmt":"2012-09-25T12:54:37","guid":{"rendered":"http:\/\/labestiadeportiva.com\/lbd\/?p=686"},"modified":"2012-09-25T12:54:37","modified_gmt":"2012-09-25T12:54:37","slug":"volvio-la-luz-al-madrid","status":"publish","type":"post","link":"http:\/\/labestiadeportiva.com\/lbd\/volvio-la-luz-al-madrid\/","title":{"rendered":"Volvi\u00f3 la luz al Madrid"},"content":{"rendered":"<p>Por Daniel Campos (Corresponsal LBD en Palma de Mallorca, Espa\u00f1a)<\/p>\n<p><a href=\"http:\/\/labestiadeportiva.com\/lbd\/wp-content\/uploads\/2012\/09\/RMRV.jpg\"><img loading=\"lazy\" class=\"alignleft size-medium wp-image-687\" title=\"RMRV\" src=\"http:\/\/labestiadeportiva.com\/lbd\/wp-content\/uploads\/2012\/09\/RMRV-300x200.jpg\" alt=\"\" width=\"300\" height=\"200\" srcset=\"http:\/\/labestiadeportiva.com\/lbd\/wp-content\/uploads\/2012\/09\/RMRV-300x200.jpg 300w, http:\/\/labestiadeportiva.com\/lbd\/wp-content\/uploads\/2012\/09\/RMRV.jpg 630w\" sizes=\"(max-width: 300px) 100vw, 300px\" \/><\/a>Tras el apag\u00f3n del domingo el Madrid pudo disputar su partido aplazado y lo hizo con una victoria en Vallecas por 2 a 0 ante el Rayo Vallecano. Solucionados los problemas t\u00e9cnicos en el estadio \u201cTeresa Rivero\u201d, casa del Rayo Vallecano, a las 8 de la noche de ayer, recibi\u00f3 al Real Madrid.<!--morePara leer Click Aqu\u00ed--><\/p>\n<p>El triunfo correspondi\u00f3 a los de Mourinho, con un marcador de 2 a 0. el primer tanto lo marc\u00f3 Benzema tras un preciso pase del argentino Di Mar\u00eda. En la primera parte el conjunto blanco se limit\u00f3 a defender ese resultado ante un rival que no se rindi\u00f3.<\/p>\n<p>Pudo cambiar la situaci\u00f3n el tanteador, de no ser por la actuaci\u00f3n de Casillas y Xavi Alonso, que salvaron bajo palos dos tiros de Delibasic y Labaka. Ya en la segunda parte, Cristiano Ronaldo sentenci\u00f3 de penal y el Real Madrid con este triunfo se queda a 8 puntos del l\u00edder, el Bar\u00e7a.<\/p>\n<p>En el otro encuentro que cerr\u00f3 la jornada, el Sevilla obtuvo una importante victoria por 2 a 0 ante el Deportivo de la Coru\u00f1a., en Riazor.<\/p>\n<p>Con una actuaci\u00f3n sobresaliente de Jes\u00fas Navas, el equipo andaluz, se qued\u00f3 con los tres puntos en juego, con goles de Negredo y Rakitic, ambos conseguidos en la recta final del match. Ahora el conjunto que dirige Michel, \u00a0sigue en la parte alta de la tabla con 11 puntos.<\/p>\n<p><a href=\"http:\/\/labestiadeportiva.com\/lbd\/wp-content\/uploads\/2012\/09\/modric.jpg\"><img loading=\"lazy\" class=\"aligncenter size-medium wp-image-688\" title=\"modric\" src=\"http:\/\/labestiadeportiva.com\/lbd\/wp-content\/uploads\/2012\/09\/modric-276x300.jpg\" alt=\"\" width=\"276\" height=\"300\" srcset=\"http:\/\/labestiadeportiva.com\/lbd\/wp-content\/uploads\/2012\/09\/modric-276x300.jpg 276w, http:\/\/labestiadeportiva.com\/lbd\/wp-content\/uploads\/2012\/09\/modric.jpg 300w\" sizes=\"(max-width: 276px) 100vw, 276px\" \/><\/a><\/p>\n<div class='epvc-post-count'><span class='epvc-eye'><\/span>  <span class=\"epvc-count\"> 1.277<\/span><span class='epvc-label'> veces le\u00edda<\/span><\/div>\n<div class=\"jwsharethis\">\nShare this: \n<br \/>\n<a href=\"mailto:?subject=Volvi%C3%B3%20la%20luz%20al%20Madrid&amp;body=http%3A%2F%2Flabestiadeportiva.com%2Flbd%2Fvolvio-la-luz-al-madrid%2F\">\n<img src=\"http:\/\/labestiadeportiva.com\/lbd\/wp-content\/plugins\/jw-share-this\/email.png\" alt=\"Share this page via Email\" \/>\n<\/a>\n<a target=\"_blank\" href=\"http:\/\/www.stumbleupon.com\/submit?url=http%3A%2F%2Flabestiadeportiva.com%2Flbd%2Fvolvio-la-luz-al-madrid%2F&amp;title=Volvi%C3%B3+la+luz+al+Madrid\">\n<img src=\"http:\/\/labestiadeportiva.com\/lbd\/wp-content\/plugins\/jw-share-this\/su.png\" alt=\"Share this page via Stumble Upon\" \/>\n<\/a>\n<a target=\"_blank\" href=\"http:\/\/digg.com\/submit?url=http%3A%2F%2Flabestiadeportiva.com%2Flbd%2Fvolvio-la-luz-al-madrid%2F&amp;title=Volvi%C3%B3+la+luz+al+Madrid\">\n<img src=\"http:\/\/labestiadeportiva.com\/lbd\/wp-content\/plugins\/jw-share-this\/digg.png\" alt=\"Share this page via Digg this\" \/>\n<\/a>\n<a target=\"_blank\" href=\"http:\/\/www.facebook.com\/sharer.php?u=http%3A%2F%2Flabestiadeportiva.com%2Flbd%2Fvolvio-la-luz-al-madrid%2F&amp;t=Volvi%C3%B3+la+luz+al+Madrid\">\n<img src=\"http:\/\/labestiadeportiva.com\/lbd\/wp-content\/plugins\/jw-share-this\/fb.png\" alt=\"Share this page via Facebook\" \/>\n<\/a>\n<a target=\"_blank\" href=\"http:\/\/twitter.com\/intent\/tweet?text=I+like+http%3A%2F%2Flabestiadeportiva.com%2Flbd%2Fvolvio-la-luz-al-madrid%2F&amp;title=Volvi%C3%B3+la+luz+al+Madrid\">\n<img src=\"http:\/\/labestiadeportiva.com\/lbd\/wp-content\/plugins\/jw-share-this\/twitter.png\" alt=\"Share this page via Twitter\" \/>\n<\/a>\n<\/div>\n","protected":false},"excerpt":{"rendered":"<p>Por Daniel Campos (Corresponsal LBD en Palma de Mallorca, Espa\u00f1a) Tras el apag\u00f3n del domingo el Madrid pudo disputar su partido aplazado y lo hizo con una victoria en Vallecas por 2 a 0 ante el Rayo Vallecano. Solucionados los problemas t\u00e9cnicos en el estadio \u201cTeresa Rivero\u201d, casa del Rayo Vallecano, a las 8 de &hellip; <a href=\"http:\/\/labestiadeportiva.com\/lbd\/volvio-la-luz-al-madrid\/\" class=\"more-link\">Seguir leyendo <span class=\"screen-reader-text\">Volvi\u00f3 la luz al Madrid<\/span> <span class=\"meta-nav\">&rarr;<\/span><\/a><\/p>\n","protected":false},"author":1,"featured_media":687,"comment_status":"open","ping_status":"open","sticky":false,"template":"","format":"standard","meta":[],"categories":[4,1],"tags":[17,35],"_links":{"self":[{"href":"http:\/\/labestiadeportiva.com\/lbd\/wp-json\/wp\/v2\/posts\/686"}],"collection":[{"href":"http:\/\/labestiadeportiva.com\/lbd\/wp-json\/wp\/v2\/posts"}],"about":[{"href":"http:\/\/labestiadeportiva.com\/lbd\/wp-json\/wp\/v2\/types\/post"}],"author":[{"embeddable":true,"href":"http:\/\/labestiadeportiva.com\/lbd\/wp-json\/wp\/v2\/users\/1"}],"replies":[{"embeddable":true,"href":"http:\/\/labestiadeportiva.com\/lbd\/wp-json\/wp\/v2\/comments?post=686"}],"version-history":[{"count":1,"href":"http:\/\/labestiadeportiva.com\/lbd\/wp-json\/wp\/v2\/posts\/686\/revisions"}],"predecessor-version":[{"id":689,"href":"http:\/\/labestiadeportiva.com\/lbd\/wp-json\/wp\/v2\/posts\/686\/revisions\/689"}],"wp:featuredmedia":[{"embeddable":true,"href":"http:\/\/labestiadeportiva.com\/lbd\/wp-json\/wp\/v2\/media\/687"}],"wp:attachment":[{"href":"http:\/\/labestiadeportiva.com\/lbd\/wp-json\/wp\/v2\/media?parent=686"}],"wp:term":[{"taxonomy":"category","embeddable":true,"href":"http:\/\/labestiadeportiva.com\/lbd\/wp-json\/wp\/v2\/categories?post=686"},{"taxonomy":"post_tag","embeddable":true,"href":"http:\/\/labestiadeportiva.com\/lbd\/wp-json\/wp\/v2\/tags?post=686"}],"curies":[{"name":"wp","href":"https:\/\/api.w.org\/{rel}","templated":true}]}}