{"id":7185,"date":"2013-10-01T05:25:08","date_gmt":"2013-10-01T05:25:08","guid":{"rendered":"http:\/\/labestiadeportiva.com\/lbd\/?p=7185"},"modified":"2013-10-01T05:25:08","modified_gmt":"2013-10-01T05:25:08","slug":"barrios-y-panosetti-a-pleno-sol","status":"publish","type":"post","link":"http:\/\/labestiadeportiva.com\/lbd\/barrios-y-panosetti-a-pleno-sol\/","title":{"rendered":"Barrios y Panosetti a pleno sol"},"content":{"rendered":"<p><a href=\"http:\/\/labestiadeportiva.com\/lbd\/wp-content\/uploads\/2013\/10\/MG_6254.jpg\"><img loading=\"lazy\" class=\"alignleft size-medium wp-image-7186\" title=\"_MG_6254\" src=\"http:\/\/labestiadeportiva.com\/lbd\/wp-content\/uploads\/2013\/10\/MG_6254-300x224.jpg\" alt=\"\" width=\"300\" height=\"224\" srcset=\"http:\/\/labestiadeportiva.com\/lbd\/wp-content\/uploads\/2013\/10\/MG_6254-300x224.jpg 300w, http:\/\/labestiadeportiva.com\/lbd\/wp-content\/uploads\/2013\/10\/MG_6254.jpg 640w\" sizes=\"(max-width: 300px) 100vw, 300px\" \/><\/a>El pasado s\u00e1bado se disput\u00f3 la prueba atl\u00e9tica \u201c203\u00b0 Aniversario Independencia de Chile\u201d.\u00a0 Veintisiete deportistas en l\u00ednea de largada. Santiago Barrios (44\u00b408\u00b4\u00b4) y Clarisa Panosetti (54\u00b453\u00b4\u00b4) fueron los ganadores. La competencia fue auspiciada por el Centro de Residentes Chilenos \u201cGabriela Mistral\u201d y el Consulado de Chile. La fiscalizaci\u00f3n corri\u00f3 por cuenta de la Fundaci\u00f3n Deportiva K\u00b4Mal.<!--morePara leer Click Aqu\u00ed--><\/p>\n<p>La prueba se puso en marcha media hora despu\u00e9s de lo previsto originalmente. La partida fue desde la calle Jainen para tomar Maip\u00fa girar en la rotonda del CADIC trepar rumbo a la Misi\u00f3n Alta.\u00a0 Cruce por la Pasarela Fique para recorrer Prefectura Naval hasta Yaganes. Nueva trepada hasta Alem donde a partir de all\u00ed se tom\u00f3 rumbo sur hacia la zona de la ruta camino al R\u00edo Pipo. La llegada como de costumbre fue en la sede de los Residente Chilenos ubicada en Hip\u00f3lito Irigoyen al 2800 camino al Parque Nacional.<\/p>\n<p>En la previa y ante la ausencia de C\u00e9sar Ru\u00edz, quien sali\u00f3 a competir fuera de la provincia, se acrecentaban las chances para Santiago Barrios mientras que en las damas la lucha estar\u00eda planteada entre Clarisa Panosetti y Silvia Palomo.<\/p>\n<p>A decir verdad no nos equivoc\u00e1bamos, Barrios se adue\u00f1aba de la delantera para no dejarla jam\u00e1s estableciendo una r\u00e1pida carrera, 11.300 metros en 44 minutos y 08 segundos. El ganador fue escoltado por el juvenil Miguel C\u00e1ceres quien arrib\u00f3 a la meta cinco minutos despu\u00e9s mientras que el tercer escal\u00f3n del podio lo ocup\u00f3 Joaqu\u00edn Burgos a siete minutos del vencedor.<\/p>\n<p>Entre las damas Clarisa Panosetti marc\u00f3 el camino logrando el triunfo en 54 minutos y 53 segundos, Silvia Palomo la escolt\u00f3 1 minuto y 40 segundos por detr\u00e1s. La tercera ubicaci\u00f3n fue para Elizabeth Girado a casi cinco minutos de la ganadora.<\/p>\n<p>A modo de cierre dentro del sal\u00f3n de los Residentes Chilenos se agasaj\u00f3 a los presentes, se entonaron los himnos de Argentina y Chile para luego dar paso a la premiaci\u00f3n por categor\u00edas.<\/p>\n<p>Excelente jornada atl\u00e9tica vivida en ideales condiciones clim\u00e1ticas, de esta forma culminan los eventos organizados en conmemoraci\u00f3n de un nuevo aniversario de la independencia del pa\u00eds vecino.<\/p>\n<p><a href=\"http:\/\/labestiadeportiva.com\/lbd\/wp-content\/uploads\/2013\/10\/MG_6255.jpg\"><img loading=\"lazy\" class=\"aligncenter size-medium wp-image-7187\" title=\"_MG_6255\" src=\"http:\/\/labestiadeportiva.com\/lbd\/wp-content\/uploads\/2013\/10\/MG_6255-300x264.jpg\" alt=\"\" width=\"300\" height=\"264\" srcset=\"http:\/\/labestiadeportiva.com\/lbd\/wp-content\/uploads\/2013\/10\/MG_6255-300x264.jpg 300w, http:\/\/labestiadeportiva.com\/lbd\/wp-content\/uploads\/2013\/10\/MG_6255.jpg 544w\" sizes=\"(max-width: 300px) 100vw, 300px\" \/><\/a><span style=\"color: #99cc00;\">Clasificaci\u00f3n General<\/span><br \/>\nPuesto\u00a0 Atleta\u00a0 Categor\u00eda\u00a0 Tiempo<br \/>\n<span style=\"color: #ff0000;\">1\u00ba Santiago Joel Barrios Pre-Veteranos 44:08<\/span><br \/>\n<span style=\"color: #0000ff;\">2\u00ba Miguel C\u00e1ceres Juveniles 49:02<\/span><br \/>\n<span style=\"color: #0000ff;\">3\u00ba Joaqu\u00edn Burgos Mayores 51:10<\/span><br \/>\n4\u00ba F\u00e9lix Polo Veteranos \u201cC\u201d 51:45<br \/>\n5\u00ba Daniel Medina Veteranos \u201cC\u201d 52:34<br \/>\n6\u00ba Pablo D\u00edaz Mayores 52:42<br \/>\n7\u00ba Antonio Ojeda Pre-Veteranos 52:49<br \/>\n8\u00ba Jos\u00e9 Luis Scazola Veteranos \u201cC\u201d 52:59<br \/>\n<span style=\"color: #ff0000;\">9\u00ba Clarisa Panosetti Veteranas \u201cA\u201d 54:53<\/span><br \/>\n<span style=\"color: #0000ff;\">10\u00ba Silvia Palomo Mayores 56:33<\/span><br \/>\n11\u00ba Javier Godoy Veteranos \u201cA\u201d 56:51<br \/>\n12\u00ba Nicol\u00e1s Torres Veteranos \u201cC\u201d 56:59<br \/>\n13\u00ba Jos\u00e9 Cano Veteranos \u201cB\u201d 57:10<br \/>\n14\u00ba Manuel M\u00e9ndez Pre-Veteranos 57:19<br \/>\n15\u00ba N\u00e9stor Lujan Veteranos \u201cB\u201d 57:50<br \/>\n<span style=\"color: #0000ff;\">16\u00ba Elizabeth Girado Veteranas \u201cA\u201d 59:55<\/span><br \/>\n17\u00ba Fernando Mansilla Veteranos \u201cC\u201d 1:02\u00b4<br \/>\n18\u00ba Adriana Bruno Veteranas \u201cA\u201d 1:02\u00b4\u00b4<br \/>\n19\u00ba Juan Rojas Veteranos \u201cD\u201d 1:03\u00b4\u00b4<br \/>\n20\u00ba Javier V\u00e1zquez Pre-Veteranos 1:04\u00b4\u00b4<br \/>\n21\u00ba Elba Mor\u00e1n Mayores 1:06\u00b4\u00b4<br \/>\n22\u00ba Andr\u00e9s Becker Pre-Veteranos 1:06\u00b4\u00b416\u00b4<br \/>\n23\u00ba Hilda Zalazar Veteranas \u201cE\u201d 1:06\u00b4\u00b422\u00b4<br \/>\n24\u00ba Gianina R\u00edos Mayores 1:07\u00b4\u00b4<br \/>\n25\u00ba Liliana Maraz Pre-Veteranas 1:07\u00b4\u00b449\u00b4<br \/>\nAna Tosco (sin tiempo) Abandon\u00f3.<br \/>\nIris Mu\u00f1os (sin tiempo) Abandon\u00f3.<\/p>\n<p><a href=\"http:\/\/labestiadeportiva.com\/lbd\/wp-content\/uploads\/2013\/10\/1374257_514334995316808_1558685841_n.jpg\"><img loading=\"lazy\" class=\"aligncenter size-medium wp-image-7188\" title=\"1374257_514334995316808_1558685841_n\" src=\"http:\/\/labestiadeportiva.com\/lbd\/wp-content\/uploads\/2013\/10\/1374257_514334995316808_1558685841_n-300x135.jpg\" alt=\"\" width=\"300\" height=\"135\" srcset=\"http:\/\/labestiadeportiva.com\/lbd\/wp-content\/uploads\/2013\/10\/1374257_514334995316808_1558685841_n-300x135.jpg 300w, http:\/\/labestiadeportiva.com\/lbd\/wp-content\/uploads\/2013\/10\/1374257_514334995316808_1558685841_n.jpg 640w\" sizes=\"(max-width: 300px) 100vw, 300px\" \/><\/a><\/p>\n<div class='epvc-post-count'><span class='epvc-eye'><\/span>  <span class=\"epvc-count\"> 987<\/span><span class='epvc-label'> veces le\u00edda<\/span><\/div>\n<div class=\"jwsharethis\">\nShare this: \n<br \/>\n<a href=\"mailto:?subject=Barrios%20y%20Panosetti%20a%20pleno%20sol&amp;body=http%3A%2F%2Flabestiadeportiva.com%2Flbd%2Fbarrios-y-panosetti-a-pleno-sol%2F\">\n<img src=\"http:\/\/labestiadeportiva.com\/lbd\/wp-content\/plugins\/jw-share-this\/email.png\" alt=\"Share this page via Email\" \/>\n<\/a>\n<a target=\"_blank\" href=\"http:\/\/www.stumbleupon.com\/submit?url=http%3A%2F%2Flabestiadeportiva.com%2Flbd%2Fbarrios-y-panosetti-a-pleno-sol%2F&amp;title=Barrios+y+Panosetti+a+pleno+sol\">\n<img src=\"http:\/\/labestiadeportiva.com\/lbd\/wp-content\/plugins\/jw-share-this\/su.png\" alt=\"Share this page via Stumble Upon\" \/>\n<\/a>\n<a target=\"_blank\" href=\"http:\/\/digg.com\/submit?url=http%3A%2F%2Flabestiadeportiva.com%2Flbd%2Fbarrios-y-panosetti-a-pleno-sol%2F&amp;title=Barrios+y+Panosetti+a+pleno+sol\">\n<img src=\"http:\/\/labestiadeportiva.com\/lbd\/wp-content\/plugins\/jw-share-this\/digg.png\" alt=\"Share this page via Digg this\" \/>\n<\/a>\n<a target=\"_blank\" href=\"http:\/\/www.facebook.com\/sharer.php?u=http%3A%2F%2Flabestiadeportiva.com%2Flbd%2Fbarrios-y-panosetti-a-pleno-sol%2F&amp;t=Barrios+y+Panosetti+a+pleno+sol\">\n<img src=\"http:\/\/labestiadeportiva.com\/lbd\/wp-content\/plugins\/jw-share-this\/fb.png\" alt=\"Share this page via Facebook\" \/>\n<\/a>\n<a target=\"_blank\" href=\"http:\/\/twitter.com\/intent\/tweet?text=I+like+http%3A%2F%2Flabestiadeportiva.com%2Flbd%2Fbarrios-y-panosetti-a-pleno-sol%2F&amp;title=Barrios+y+Panosetti+a+pleno+sol\">\n<img src=\"http:\/\/labestiadeportiva.com\/lbd\/wp-content\/plugins\/jw-share-this\/twitter.png\" alt=\"Share this page via Twitter\" \/>\n<\/a>\n<\/div>\n","protected":false},"excerpt":{"rendered":"<p>El pasado s\u00e1bado se disput\u00f3 la prueba atl\u00e9tica \u201c203\u00b0 Aniversario Independencia de Chile\u201d.\u00a0 Veintisiete deportistas en l\u00ednea de largada. Santiago Barrios (44\u00b408\u00b4\u00b4) y Clarisa Panosetti (54\u00b453\u00b4\u00b4) fueron los ganadores. La competencia fue auspiciada por el Centro de Residentes Chilenos \u201cGabriela Mistral\u201d y el Consulado de Chile. La fiscalizaci\u00f3n corri\u00f3 por cuenta de la Fundaci\u00f3n Deportiva &hellip; <a href=\"http:\/\/labestiadeportiva.com\/lbd\/barrios-y-panosetti-a-pleno-sol\/\" class=\"more-link\">Seguir leyendo <span class=\"screen-reader-text\">Barrios y Panosetti a pleno sol<\/span> <span class=\"meta-nav\">&rarr;<\/span><\/a><\/p>\n","protected":false},"author":1,"featured_media":7186,"comment_status":"open","ping_status":"open","sticky":false,"template":"","format":"standard","meta":[],"categories":[22,5,1],"tags":[4831,1031],"_links":{"self":[{"href":"http:\/\/labestiadeportiva.com\/lbd\/wp-json\/wp\/v2\/posts\/7185"}],"collection":[{"href":"http:\/\/labestiadeportiva.com\/lbd\/wp-json\/wp\/v2\/posts"}],"about":[{"href":"http:\/\/labestiadeportiva.com\/lbd\/wp-json\/wp\/v2\/types\/post"}],"author":[{"embeddable":true,"href":"http:\/\/labestiadeportiva.com\/lbd\/wp-json\/wp\/v2\/users\/1"}],"replies":[{"embeddable":true,"href":"http:\/\/labestiadeportiva.com\/lbd\/wp-json\/wp\/v2\/comments?post=7185"}],"version-history":[{"count":1,"href":"http:\/\/labestiadeportiva.com\/lbd\/wp-json\/wp\/v2\/posts\/7185\/revisions"}],"predecessor-version":[{"id":7189,"href":"http:\/\/labestiadeportiva.com\/lbd\/wp-json\/wp\/v2\/posts\/7185\/revisions\/7189"}],"wp:featuredmedia":[{"embeddable":true,"href":"http:\/\/labestiadeportiva.com\/lbd\/wp-json\/wp\/v2\/media\/7186"}],"wp:attachment":[{"href":"http:\/\/labestiadeportiva.com\/lbd\/wp-json\/wp\/v2\/media?parent=7185"}],"wp:term":[{"taxonomy":"category","embeddable":true,"href":"http:\/\/labestiadeportiva.com\/lbd\/wp-json\/wp\/v2\/categories?post=7185"},{"taxonomy":"post_tag","embeddable":true,"href":"http:\/\/labestiadeportiva.com\/lbd\/wp-json\/wp\/v2\/tags?post=7185"}],"curies":[{"name":"wp","href":"https:\/\/api.w.org\/{rel}","templated":true}]}}