{"id":8079,"date":"2013-11-19T20:09:03","date_gmt":"2013-11-19T20:09:03","guid":{"rendered":"http:\/\/labestiadeportiva.com\/lbd\/?p=8079"},"modified":"2013-11-19T20:46:34","modified_gmt":"2013-11-19T20:46:34","slug":"la-copa-se-mira-y-no-se-toca-2","status":"publish","type":"post","link":"http:\/\/labestiadeportiva.com\/lbd\/la-copa-se-mira-y-no-se-toca-2\/","title":{"rendered":"La \u201cCopa\u201d se mira y no se toca"},"content":{"rendered":"<p class=\"MsoNormal\"><a href=\"http:\/\/labestiadeportiva.com\/lbd\/wp-content\/uploads\/2013\/11\/MG_7282.jpg\"><img loading=\"lazy\" class=\"alignleft size-medium wp-image-8080\" title=\"_MG_7282\" src=\"http:\/\/labestiadeportiva.com\/lbd\/wp-content\/uploads\/2013\/11\/MG_7282-300x200.jpg\" alt=\"\" width=\"300\" height=\"200\" srcset=\"http:\/\/labestiadeportiva.com\/lbd\/wp-content\/uploads\/2013\/11\/MG_7282-300x200.jpg 300w, http:\/\/labestiadeportiva.com\/lbd\/wp-content\/uploads\/2013\/11\/MG_7282.jpg 640w\" sizes=\"(max-width: 300px) 100vw, 300px\" \/><\/a>Durante todo el fin de semana se realiz\u00f3 la 4\u00b0 edici\u00f3n del Torneo Patag\u00f3nico de bochas \u201cCopa Challenger Banco TDF\u201d. 12 equipos con 48 jugadores fueron de la partida. Se disputaron m\u00e1s de 50 partidos. El tr\u00edo conformado por \u201cRody\u201d Rodr\u00edguez, Roberto Fern\u00e1ndez y Ariel Lares fue el ganador. Cuarto a\u00f1o consecutivo que la competencia es ganada por equipos locales.<!--morePara leer Click Aqu\u00ed--><\/p>\n<p class=\"MsoNormal\">Con la organizaci\u00f3n de la Asociaci\u00f3n Boch\u00f3filos Ushuaia se realiz\u00f3 en la canchas de sint\u00e9tico municipal la competencia patag\u00f3nica que, a pesar de tener las bajas de \u00faltimo momento de los equipos de Pico Truncado, Gobernador Gregores y Puerto Deseado por inconvenientes de falta de combustible en sus lugares de origen, tuvo una m\u00e1s que aceptable participaci\u00f3n de 12 tr\u00edos con sus correspondientes suplentes alcanzando el n\u00famero de 48 jugadores.<\/p>\n<p class=\"MsoNormal\"><a href=\"http:\/\/labestiadeportiva.com\/lbd\/wp-content\/uploads\/2013\/11\/MG_7270.jpg\"><img loading=\"lazy\" class=\"aligncenter size-medium wp-image-8081\" title=\"_MG_7270\" src=\"http:\/\/labestiadeportiva.com\/lbd\/wp-content\/uploads\/2013\/11\/MG_7270-300x200.jpg\" alt=\"\" width=\"300\" height=\"200\" srcset=\"http:\/\/labestiadeportiva.com\/lbd\/wp-content\/uploads\/2013\/11\/MG_7270-300x200.jpg 300w, http:\/\/labestiadeportiva.com\/lbd\/wp-content\/uploads\/2013\/11\/MG_7270.jpg 640w\" sizes=\"(max-width: 300px) 100vw, 300px\" \/><\/a>En esta oportunidad fueron de la partida los santacruce\u00f1os de R\u00edo Turbio, Puerto Santa Cruz y Ca\u00f1ad\u00f3n Seco m\u00e1s los fueguinos de Ushuaia y R\u00edo Grande.<\/p>\n<p class=\"MsoNormal\">Minutos despu\u00e9s de las seis de la tarde del viernes a trav\u00e9s de la ceremonia inaugural qued\u00f3 formalmente en marcha el torneo que a partir de all\u00ed casi no se detuvo hasta la tarde del domingo.<\/p>\n<p class=\"MsoNormal\">La competencia se dividi\u00f3 en dos zonas de seis equipos cada uno compitiendo todos contra todos de la cual luego de la primera fase los tr\u00edos de mejor producci\u00f3n pasaron a la siguiente instancia.<\/p>\n<p class=\"MsoNormal\"><a href=\"http:\/\/labestiadeportiva.com\/lbd\/wp-content\/uploads\/2013\/11\/MG_7276.jpg\"><img loading=\"lazy\" class=\"aligncenter size-medium wp-image-8082\" title=\"_MG_7276\" src=\"http:\/\/labestiadeportiva.com\/lbd\/wp-content\/uploads\/2013\/11\/MG_7276-300x200.jpg\" alt=\"\" width=\"300\" height=\"200\" srcset=\"http:\/\/labestiadeportiva.com\/lbd\/wp-content\/uploads\/2013\/11\/MG_7276-300x200.jpg 300w, http:\/\/labestiadeportiva.com\/lbd\/wp-content\/uploads\/2013\/11\/MG_7276.jpg 640w\" sizes=\"(max-width: 300px) 100vw, 300px\" \/><\/a>All\u00ed comenzaron a ser protagonistas Rio Grande y Ushuaia \u201cA\u201d como as\u00ed tambi\u00e9n Ushuaia \u201cD\u201d y Puerto Santa Cruz \u201cA\u201d.<\/p>\n<p class=\"MsoNormal\">Ya en semifinales Puerto Santa Cruz \u201cA\u201d se impuso a R\u00edo Grande \u201cA\u201d por 15 a 12 mientras que en una final anticipada el conjunto ushuaiense \u201cD\u201d dobleg\u00f3 categ\u00f3ricamente a su par \u201cA\u201d por 15 a 4.<\/p>\n<p class=\"MsoNormal\">El encuentro por el tercer escal\u00f3n del podio fue un cl\u00e1sico Ushuaia\/R\u00edo Grande entre los equipos \u201cA\u201d de las dos ciudades con victoria capitalina por 15 a 11.<\/p>\n<p class=\"MsoNormal\"><a href=\"http:\/\/labestiadeportiva.com\/lbd\/wp-content\/uploads\/2013\/11\/MG_72711.jpg\"><img loading=\"lazy\" class=\"aligncenter size-medium wp-image-8089\" title=\"_MG_7271\" src=\"http:\/\/labestiadeportiva.com\/lbd\/wp-content\/uploads\/2013\/11\/MG_72711-300x200.jpg\" alt=\"\" width=\"300\" height=\"200\" srcset=\"http:\/\/labestiadeportiva.com\/lbd\/wp-content\/uploads\/2013\/11\/MG_72711-300x200.jpg 300w, http:\/\/labestiadeportiva.com\/lbd\/wp-content\/uploads\/2013\/11\/MG_72711.jpg 640w\" sizes=\"(max-width: 300px) 100vw, 300px\" \/><\/a>El juego definitorio, jugado desde las tres y media de la tarde del domingo, enfrent\u00f3 a Puerto Santa Cruz \u201cA\u201d ante Ushuaia \u201cD\u201d con victoria de los due\u00f1os de casa por 15 a 5. De esta forma el tr\u00edo conformado por \u201cRody\u201d Rodr\u00edguez, Roberto Fern\u00e1ndez y Ariel Lares se adjudic\u00f3 la competencia sure\u00f1a.<\/p>\n<p class=\"MsoNormal\"><a href=\"http:\/\/labestiadeportiva.com\/lbd\/wp-content\/uploads\/2013\/11\/MG_7274.jpg\"><img loading=\"lazy\" class=\"aligncenter size-medium wp-image-8083\" title=\"_MG_7274\" src=\"http:\/\/labestiadeportiva.com\/lbd\/wp-content\/uploads\/2013\/11\/MG_7274-300x200.jpg\" alt=\"\" width=\"300\" height=\"200\" srcset=\"http:\/\/labestiadeportiva.com\/lbd\/wp-content\/uploads\/2013\/11\/MG_7274-300x200.jpg 300w, http:\/\/labestiadeportiva.com\/lbd\/wp-content\/uploads\/2013\/11\/MG_7274.jpg 640w\" sizes=\"(max-width: 300px) 100vw, 300px\" \/><\/a>R\u00e1pidamente luego del \u00faltimo partido los presentes en las canchas de sint\u00e9tico municipal se trasladaron a las instalaciones del Club de Leones donde a modo de despedida se realiz\u00f3 asado y entrega de premios.<\/p>\n<p class=\"MsoNormal\">Una vez m\u00e1s los representantes locales se hicieron fuertes en casa, logrando por cuarta vez consecutiva la victoria, demostrando el actual gran nivel cerrando la temporada de la mejor manera. <span style=\"mso-spacerun: yes;\">\u00a0<\/span><span style=\"mso-spacerun: yes;\">\u00a0<\/span><\/p>\n<p class=\"MsoNormal\" style=\"margin-bottom: .0001pt;\"><a href=\"http:\/\/labestiadeportiva.com\/lbd\/wp-content\/uploads\/2013\/11\/MG_7280.jpg\"><img loading=\"lazy\" class=\"aligncenter size-medium wp-image-8084\" title=\"_MG_7280\" src=\"http:\/\/labestiadeportiva.com\/lbd\/wp-content\/uploads\/2013\/11\/MG_7280-300x206.jpg\" alt=\"\" width=\"300\" height=\"206\" srcset=\"http:\/\/labestiadeportiva.com\/lbd\/wp-content\/uploads\/2013\/11\/MG_7280-300x206.jpg 300w, http:\/\/labestiadeportiva.com\/lbd\/wp-content\/uploads\/2013\/11\/MG_7280.jpg 640w\" sizes=\"(max-width: 300px) 100vw, 300px\" \/><\/a><span style=\"color: #0000ff;\">Principales Posiciones<\/span><\/p>\n<p class=\"MsoNormal\" style=\"margin-bottom: .0001pt;\"><span style=\"color: #ff0000;\">1\u00b0 Ushuaia \u201cD\u201d (Rodr\u00edguez, Fern\u00e1ndez, Lares)<\/span><\/p>\n<p class=\"MsoNormal\" style=\"margin-bottom: .0001pt;\">2\u00b0 Puerto Santa Cruz \u201cA\u201d (L\u00f3pez, Quiely, Quiely)<\/p>\n<p class=\"MsoNormal\" style=\"margin-bottom: .0001pt;\">3\u00b0 Ushuaia \u201cA\u201d (Queirolo, Queirolo, Mezzenasco)<\/p>\n<p class=\"MsoNormal\" style=\"margin-bottom: .0001pt;\">4\u00b0 R\u00edo Grande \u201cA\u201d (Su\u00e1rez, Hoyos, Consetti) <span style=\"mso-spacerun: yes;\">\u00a0<\/span><span style=\"mso-spacerun: yes;\">\u00a0<\/span><\/p>\n<p class=\"MsoNormal\" style=\"margin-bottom: .0001pt;\"><a href=\"http:\/\/labestiadeportiva.com\/lbd\/wp-content\/uploads\/2013\/11\/MG_7346.jpg\"><img loading=\"lazy\" class=\"aligncenter size-medium wp-image-8085\" title=\"_MG_7346\" src=\"http:\/\/labestiadeportiva.com\/lbd\/wp-content\/uploads\/2013\/11\/MG_7346-300x149.jpg\" alt=\"\" width=\"300\" height=\"149\" srcset=\"http:\/\/labestiadeportiva.com\/lbd\/wp-content\/uploads\/2013\/11\/MG_7346-300x149.jpg 300w, http:\/\/labestiadeportiva.com\/lbd\/wp-content\/uploads\/2013\/11\/MG_7346.jpg 640w\" sizes=\"(max-width: 300px) 100vw, 300px\" \/><\/a><\/p>\n<p class=\"MsoNormal\"><span style=\"mso-spacerun: yes;\">\u00a0<\/span><span style=\"mso-spacerun: yes;\">\u00a0<\/span><\/p>\n<div class='epvc-post-count'><span class='epvc-eye'><\/span>  <span class=\"epvc-count\"> 1.129<\/span><span class='epvc-label'> veces le\u00edda<\/span><\/div>\n<div class=\"jwsharethis\">\nShare this: \n<br \/>\n<a href=\"mailto:?subject=La%20%E2%80%9CCopa%E2%80%9D%20se%20mira%20y%20no%20se%20toca&amp;body=http%3A%2F%2Flabestiadeportiva.com%2Flbd%2Fla-copa-se-mira-y-no-se-toca-2%2F\">\n<img src=\"http:\/\/labestiadeportiva.com\/lbd\/wp-content\/plugins\/jw-share-this\/email.png\" alt=\"Share this page via Email\" \/>\n<\/a>\n<a target=\"_blank\" href=\"http:\/\/www.stumbleupon.com\/submit?url=http%3A%2F%2Flabestiadeportiva.com%2Flbd%2Fla-copa-se-mira-y-no-se-toca-2%2F&amp;title=La+%E2%80%9CCopa%E2%80%9D+se+mira+y+no+se+toca\">\n<img src=\"http:\/\/labestiadeportiva.com\/lbd\/wp-content\/plugins\/jw-share-this\/su.png\" alt=\"Share this page via Stumble Upon\" \/>\n<\/a>\n<a target=\"_blank\" href=\"http:\/\/digg.com\/submit?url=http%3A%2F%2Flabestiadeportiva.com%2Flbd%2Fla-copa-se-mira-y-no-se-toca-2%2F&amp;title=La+%E2%80%9CCopa%E2%80%9D+se+mira+y+no+se+toca\">\n<img src=\"http:\/\/labestiadeportiva.com\/lbd\/wp-content\/plugins\/jw-share-this\/digg.png\" alt=\"Share this page via Digg this\" \/>\n<\/a>\n<a target=\"_blank\" href=\"http:\/\/www.facebook.com\/sharer.php?u=http%3A%2F%2Flabestiadeportiva.com%2Flbd%2Fla-copa-se-mira-y-no-se-toca-2%2F&amp;t=La+%E2%80%9CCopa%E2%80%9D+se+mira+y+no+se+toca\">\n<img src=\"http:\/\/labestiadeportiva.com\/lbd\/wp-content\/plugins\/jw-share-this\/fb.png\" alt=\"Share this page via Facebook\" \/>\n<\/a>\n<a target=\"_blank\" href=\"http:\/\/twitter.com\/intent\/tweet?text=I+like+http%3A%2F%2Flabestiadeportiva.com%2Flbd%2Fla-copa-se-mira-y-no-se-toca-2%2F&amp;title=La+%E2%80%9CCopa%E2%80%9D+se+mira+y+no+se+toca\">\n<img src=\"http:\/\/labestiadeportiva.com\/lbd\/wp-content\/plugins\/jw-share-this\/twitter.png\" alt=\"Share this page via Twitter\" \/>\n<\/a>\n<\/div>\n","protected":false},"excerpt":{"rendered":"<p>Durante todo el fin de semana se realiz\u00f3 la 4\u00b0 edici\u00f3n del Torneo Patag\u00f3nico de bochas \u201cCopa Challenger Banco TDF\u201d. 12 equipos con 48 jugadores fueron de la partida. Se disputaron m\u00e1s de 50 partidos. El tr\u00edo conformado por \u201cRody\u201d Rodr\u00edguez, Roberto Fern\u00e1ndez y Ariel Lares fue el ganador. Cuarto a\u00f1o consecutivo que la competencia &hellip; <a href=\"http:\/\/labestiadeportiva.com\/lbd\/la-copa-se-mira-y-no-se-toca-2\/\" class=\"more-link\">Seguir leyendo <span class=\"screen-reader-text\">La \u201cCopa\u201d se mira y no se toca<\/span> <span class=\"meta-nav\">&rarr;<\/span><\/a><\/p>\n","protected":false},"author":1,"featured_media":8080,"comment_status":"open","ping_status":"open","sticky":false,"template":"","format":"standard","meta":[],"categories":[5,6,1],"tags":[1148,1147,131],"_links":{"self":[{"href":"http:\/\/labestiadeportiva.com\/lbd\/wp-json\/wp\/v2\/posts\/8079"}],"collection":[{"href":"http:\/\/labestiadeportiva.com\/lbd\/wp-json\/wp\/v2\/posts"}],"about":[{"href":"http:\/\/labestiadeportiva.com\/lbd\/wp-json\/wp\/v2\/types\/post"}],"author":[{"embeddable":true,"href":"http:\/\/labestiadeportiva.com\/lbd\/wp-json\/wp\/v2\/users\/1"}],"replies":[{"embeddable":true,"href":"http:\/\/labestiadeportiva.com\/lbd\/wp-json\/wp\/v2\/comments?post=8079"}],"version-history":[{"count":3,"href":"http:\/\/labestiadeportiva.com\/lbd\/wp-json\/wp\/v2\/posts\/8079\/revisions"}],"predecessor-version":[{"id":8087,"href":"http:\/\/labestiadeportiva.com\/lbd\/wp-json\/wp\/v2\/posts\/8079\/revisions\/8087"}],"wp:featuredmedia":[{"embeddable":true,"href":"http:\/\/labestiadeportiva.com\/lbd\/wp-json\/wp\/v2\/media\/8080"}],"wp:attachment":[{"href":"http:\/\/labestiadeportiva.com\/lbd\/wp-json\/wp\/v2\/media?parent=8079"}],"wp:term":[{"taxonomy":"category","embeddable":true,"href":"http:\/\/labestiadeportiva.com\/lbd\/wp-json\/wp\/v2\/categories?post=8079"},{"taxonomy":"post_tag","embeddable":true,"href":"http:\/\/labestiadeportiva.com\/lbd\/wp-json\/wp\/v2\/tags?post=8079"}],"curies":[{"name":"wp","href":"https:\/\/api.w.org\/{rel}","templated":true}]}}