{"id":8091,"date":"2013-11-19T22:05:41","date_gmt":"2013-11-19T22:05:41","guid":{"rendered":"http:\/\/labestiadeportiva.com\/lbd\/?p=8091"},"modified":"2013-11-19T22:06:12","modified_gmt":"2013-11-19T22:06:12","slug":"oliva-gerli-en-el-nacional-de-tiro-practico","status":"publish","type":"post","link":"http:\/\/labestiadeportiva.com\/lbd\/oliva-gerli-en-el-nacional-de-tiro-practico\/","title":{"rendered":"Oliva Gerli en el Nacional de Tiro Pr\u00e1ctico"},"content":{"rendered":"<p class=\"MsoNormal\"><a href=\"http:\/\/labestiadeportiva.com\/lbd\/wp-content\/uploads\/2013\/11\/MG_2928.jpg\"><img loading=\"lazy\" class=\"alignleft size-medium wp-image-8092\" title=\"_MG_2928\" src=\"http:\/\/labestiadeportiva.com\/lbd\/wp-content\/uploads\/2013\/11\/MG_2928-300x207.jpg\" alt=\"\" width=\"300\" height=\"207\" srcset=\"http:\/\/labestiadeportiva.com\/lbd\/wp-content\/uploads\/2013\/11\/MG_2928-300x207.jpg 300w, http:\/\/labestiadeportiva.com\/lbd\/wp-content\/uploads\/2013\/11\/MG_2928.jpg 640w\" sizes=\"(max-width: 300px) 100vw, 300px\" \/><\/a>El tirador local,<span style=\"color: #ff0000;\"> Gustavo Oliva Gerli<\/span>, parti\u00f3 esta tarde rumbo a la Ciudad Aut\u00f3noma de Buenos Aires donde el fin de semana del s\u00e1bado 23 y domingo 24 competir\u00e1 en el torneo Argentino de la especialidad. Desde nuestro programa de radio que se emite por FM del Sur 94.1 dialogamos con el representante del Tiro Federal 2 de Abril, estos son sus principales dichos.<!--morePara leer Click Aqu\u00ed--><\/p>\n<p class=\"MsoNormal\"><span style=\"color: #0000ff;\">\u201cHubo un problema con el vuelo y fue reprogramado de las 14 a las 18.30, ya estamos acostumbrados a estas cosas. Este es el torneo m\u00e1s importante a nivel nacional, despu\u00e9s de lo que son las copas metropolitanas y los federativos. El campeonato nacional es el que determina quien va a ser el campe\u00f3n \u00a0de tiro en cada una de las disciplinas que componen el tiro pr\u00e1ctico.<\/span><\/p>\n<p class=\"MsoNormal\"><span style=\"color: #0000ff;\">Por lo que me pude enterar hasta el momento hay 250 inscriptos, hay que ver ahora los que realmente se presentan, pero normalmente son m\u00e1s de 200 tiradores siempre para los nacionales o el Open que ser\u00e1 en el mes de marzo.<\/span><\/p>\n<p class=\"MsoNormal\"><span style=\"color: #0000ff;\">Esta es una competencia que se hace en dos d\u00edas, s\u00e1bado y domingo, \u00a0la verdad que es un torneo interesante son 160 disparos m\u00ednimos, muchas etapas para equivocarte y resarcirte de tus errores.<\/span><\/p>\n<p class=\"MsoNormal\"><span style=\"color: #0000ff;\">La disciplina de tiro pr\u00e1ctico es de tiro din\u00e1mico, se arman como escenarios donde vos te desplazas y le tiras a blancos fijos o m\u00f3viles, el objetivo deportivo es disparar en el menor tiempo posible en cada etapa con la mayor precisi\u00f3n. Los blancos est\u00e1n puntuados, te penalizan por errores que puedas cometer.<\/span><\/p>\n<p class=\"MsoNormal\"><span style=\"color: #0000ff;\">El tiro pr\u00e1ctico en la Argentina tiene tres divisiones, open, que es en la que participo con armas modificadas libremente, est\u00e1ndar, armas de simple acci\u00f3n y reproducci\u00f3n que son armas tal cual salen de f\u00e1brica a las que no se les puede hacen ning\u00fan tipo de modificaciones.<\/span><\/p>\n<p class=\"MsoNormal\"><span style=\"color: #0000ff;\">El a\u00f1o pasado y el anterior salimos segundos por equipos, yo qued\u00e9 d\u00e9cimo segundo en la general, es complicado a veces porque vas a competir con las ligas mayores, ellos tienen torneos todos los fines de semana.<\/span><\/p>\n<p class=\"MsoNormal\"><span style=\"color: #0000ff;\">Este a\u00f1o se competir\u00e1 en el Tiro Federal frente a la cancha de River, el a\u00f1o pasado fue en Lomas de Zamora. Estos son los pol\u00edgonos que tienen m\u00e1s cantidad de pistas de tiro pr\u00e1ctico para poder hacer un torneo de este nivel por la cantidad de etapas que tiene.<\/span><\/p>\n<p class=\"MsoNormal\"><span style=\"color: #0000ff;\">Generalmente la mayor cantidad de tiradores son de capital y gran Buenos Aires, pero s\u00e9 que va gente de Trelew, Comodoro, Jujuy, Salta e inclusive extranjeros de pa\u00edses lim\u00edtrofes es menos cantidad porque esa gente si bien participa es el Torneo Argentino donde se premia al nacional mejor clasificado.\u201d<\/span><\/p>\n<p class=\"MsoNormal\"><a href=\"http:\/\/labestiadeportiva.com\/lbd\/wp-content\/uploads\/2013\/11\/image003.jpg\"><img loading=\"lazy\" class=\"aligncenter size-medium wp-image-8093\" title=\"image003\" src=\"http:\/\/labestiadeportiva.com\/lbd\/wp-content\/uploads\/2013\/11\/image003-300x145.jpg\" alt=\"\" width=\"300\" height=\"145\" srcset=\"http:\/\/labestiadeportiva.com\/lbd\/wp-content\/uploads\/2013\/11\/image003-300x145.jpg 300w, http:\/\/labestiadeportiva.com\/lbd\/wp-content\/uploads\/2013\/11\/image003.jpg 813w\" sizes=\"(max-width: 300px) 100vw, 300px\" \/><\/a><\/p>\n<div class='epvc-post-count'><span class='epvc-eye'><\/span>  <span class=\"epvc-count\"> 1.362<\/span><span class='epvc-label'> veces le\u00edda<\/span><\/div>\n<div class=\"jwsharethis\">\nShare this: \n<br \/>\n<a href=\"mailto:?subject=Oliva%20Gerli%20en%20el%20Nacional%20de%20Tiro%20Pr%C3%A1ctico&amp;body=http%3A%2F%2Flabestiadeportiva.com%2Flbd%2Foliva-gerli-en-el-nacional-de-tiro-practico%2F\">\n<img src=\"http:\/\/labestiadeportiva.com\/lbd\/wp-content\/plugins\/jw-share-this\/email.png\" alt=\"Share this page via Email\" \/>\n<\/a>\n<a target=\"_blank\" href=\"http:\/\/www.stumbleupon.com\/submit?url=http%3A%2F%2Flabestiadeportiva.com%2Flbd%2Foliva-gerli-en-el-nacional-de-tiro-practico%2F&amp;title=Oliva+Gerli+en+el+Nacional+de+Tiro+Pr%C3%A1ctico\">\n<img src=\"http:\/\/labestiadeportiva.com\/lbd\/wp-content\/plugins\/jw-share-this\/su.png\" alt=\"Share this page via Stumble Upon\" \/>\n<\/a>\n<a target=\"_blank\" href=\"http:\/\/digg.com\/submit?url=http%3A%2F%2Flabestiadeportiva.com%2Flbd%2Foliva-gerli-en-el-nacional-de-tiro-practico%2F&amp;title=Oliva+Gerli+en+el+Nacional+de+Tiro+Pr%C3%A1ctico\">\n<img src=\"http:\/\/labestiadeportiva.com\/lbd\/wp-content\/plugins\/jw-share-this\/digg.png\" alt=\"Share this page via Digg this\" \/>\n<\/a>\n<a target=\"_blank\" href=\"http:\/\/www.facebook.com\/sharer.php?u=http%3A%2F%2Flabestiadeportiva.com%2Flbd%2Foliva-gerli-en-el-nacional-de-tiro-practico%2F&amp;t=Oliva+Gerli+en+el+Nacional+de+Tiro+Pr%C3%A1ctico\">\n<img src=\"http:\/\/labestiadeportiva.com\/lbd\/wp-content\/plugins\/jw-share-this\/fb.png\" alt=\"Share this page via Facebook\" \/>\n<\/a>\n<a target=\"_blank\" href=\"http:\/\/twitter.com\/intent\/tweet?text=I+like+http%3A%2F%2Flabestiadeportiva.com%2Flbd%2Foliva-gerli-en-el-nacional-de-tiro-practico%2F&amp;title=Oliva+Gerli+en+el+Nacional+de+Tiro+Pr%C3%A1ctico\">\n<img src=\"http:\/\/labestiadeportiva.com\/lbd\/wp-content\/plugins\/jw-share-this\/twitter.png\" alt=\"Share this page via Twitter\" \/>\n<\/a>\n<\/div>\n","protected":false},"excerpt":{"rendered":"<p>El tirador local, Gustavo Oliva Gerli, parti\u00f3 esta tarde rumbo a la Ciudad Aut\u00f3noma de Buenos Aires donde el fin de semana del s\u00e1bado 23 y domingo 24 competir\u00e1 en el torneo Argentino de la especialidad. Desde nuestro programa de radio que se emite por FM del Sur 94.1 dialogamos con el representante del Tiro &hellip; <a href=\"http:\/\/labestiadeportiva.com\/lbd\/oliva-gerli-en-el-nacional-de-tiro-practico\/\" class=\"more-link\">Seguir leyendo <span class=\"screen-reader-text\">Oliva Gerli en el Nacional de Tiro Pr\u00e1ctico<\/span> <span class=\"meta-nav\">&rarr;<\/span><\/a><\/p>\n","protected":false},"author":1,"featured_media":8092,"comment_status":"open","ping_status":"open","sticky":false,"template":"","format":"standard","meta":[],"categories":[5,6,60,1],"tags":[4838,1150,1149,1151],"_links":{"self":[{"href":"http:\/\/labestiadeportiva.com\/lbd\/wp-json\/wp\/v2\/posts\/8091"}],"collection":[{"href":"http:\/\/labestiadeportiva.com\/lbd\/wp-json\/wp\/v2\/posts"}],"about":[{"href":"http:\/\/labestiadeportiva.com\/lbd\/wp-json\/wp\/v2\/types\/post"}],"author":[{"embeddable":true,"href":"http:\/\/labestiadeportiva.com\/lbd\/wp-json\/wp\/v2\/users\/1"}],"replies":[{"embeddable":true,"href":"http:\/\/labestiadeportiva.com\/lbd\/wp-json\/wp\/v2\/comments?post=8091"}],"version-history":[{"count":2,"href":"http:\/\/labestiadeportiva.com\/lbd\/wp-json\/wp\/v2\/posts\/8091\/revisions"}],"predecessor-version":[{"id":8095,"href":"http:\/\/labestiadeportiva.com\/lbd\/wp-json\/wp\/v2\/posts\/8091\/revisions\/8095"}],"wp:featuredmedia":[{"embeddable":true,"href":"http:\/\/labestiadeportiva.com\/lbd\/wp-json\/wp\/v2\/media\/8092"}],"wp:attachment":[{"href":"http:\/\/labestiadeportiva.com\/lbd\/wp-json\/wp\/v2\/media?parent=8091"}],"wp:term":[{"taxonomy":"category","embeddable":true,"href":"http:\/\/labestiadeportiva.com\/lbd\/wp-json\/wp\/v2\/categories?post=8091"},{"taxonomy":"post_tag","embeddable":true,"href":"http:\/\/labestiadeportiva.com\/lbd\/wp-json\/wp\/v2\/tags?post=8091"}],"curies":[{"name":"wp","href":"https:\/\/api.w.org\/{rel}","templated":true}]}}