{"id":8600,"date":"2013-12-25T05:52:06","date_gmt":"2013-12-25T05:52:06","guid":{"rendered":"http:\/\/labestiadeportiva.com\/lbd\/?p=8600"},"modified":"2013-12-25T05:52:06","modified_gmt":"2013-12-25T05:52:06","slug":"diego-acuna-en-los-pampas-7","status":"publish","type":"post","link":"http:\/\/labestiadeportiva.com\/lbd\/diego-acuna-en-los-pampas-7\/","title":{"rendered":"Diego Acu\u00f1a en Los Pampas 7"},"content":{"rendered":"<p><a href=\"http:\/\/labestiadeportiva.com\/lbd\/wp-content\/uploads\/2013\/12\/index1.jpg\"><img loading=\"lazy\" class=\"alignleft size-medium wp-image-8601\" title=\"index\" src=\"http:\/\/labestiadeportiva.com\/lbd\/wp-content\/uploads\/2013\/12\/index1-300x116.jpg\" alt=\"\" width=\"300\" height=\"116\" srcset=\"http:\/\/labestiadeportiva.com\/lbd\/wp-content\/uploads\/2013\/12\/index1-300x116.jpg 300w, http:\/\/labestiadeportiva.com\/lbd\/wp-content\/uploads\/2013\/12\/index1.jpg 360w\" sizes=\"(max-width: 300px) 100vw, 300px\" \/><\/a>El seleccionado de rugby reducido, Pampas 7, convoc\u00f3 al ushuaiense <span style=\"color: #ff0000;\">Diego \u00abKun\u00bb Acu\u00f1a<\/span> ex jugador de Las \u00c1guilas quien en la actualidad viste los colores de Liceo Naval.<\/p>\n<p>Luego de un a\u00f1o incre\u00edble para Diego, jug\u00f3 el top 14 de la URBA, gan\u00f3 el seven con su club y tambi\u00e9n logr\u00f3 la triple corona del Seven de Buenos Aires, donde fue pieza fundamental en el gran trinfo ante el CASI.<\/p>\n<p>El broche de oro de su gran 2013 es esta convocatoria nacional, un verdadero orgullo para el \u00abFucsia\u00bb y todo el rugby de la Tierra del Fuego.<\/p>\n<p><span style=\"color: #0000ff;\">El plantel de Los Pampas 7<\/span><br \/>\n<span style=\"color: #ff0000;\">1 Diego Acu\u00f1a \u00a0 \u00a0 \u00a0 \u00a0 \u00a0<\/span><br \/>\n2 Guillermo Albrisi<br \/>\n3 Patricio Fosco<br \/>\n4 Mat\u00edas Fr\u00edas Silva<br \/>\n5 Federico Gim\u00e9nez<br \/>\n6 M\u00e1ximo Ledesma<br \/>\n7 Mart\u00edn Nu\u00f1ez Lassalle<br \/>\n8 An\u00edbal Panceyra Garrido<br \/>\n9 Joaqu\u00edn Riera<br \/>\n10 Manuel Rodr\u00edguez<br \/>\n11 Germ\u00e1n Schultz<br \/>\n12 Macario Villaluenga<\/p>\n<div class='epvc-post-count'><span class='epvc-eye'><\/span>  <span class=\"epvc-count\"> 1.290<\/span><span class='epvc-label'> veces le\u00edda<\/span><\/div>\n<div class=\"jwsharethis\">\nShare this: \n<br \/>\n<a href=\"mailto:?subject=Diego%20Acu%C3%B1a%20en%20Los%20Pampas%207&amp;body=http%3A%2F%2Flabestiadeportiva.com%2Flbd%2Fdiego-acuna-en-los-pampas-7%2F\">\n<img src=\"http:\/\/labestiadeportiva.com\/lbd\/wp-content\/plugins\/jw-share-this\/email.png\" alt=\"Share this page via Email\" \/>\n<\/a>\n<a target=\"_blank\" href=\"http:\/\/www.stumbleupon.com\/submit?url=http%3A%2F%2Flabestiadeportiva.com%2Flbd%2Fdiego-acuna-en-los-pampas-7%2F&amp;title=Diego+Acu%C3%B1a+en+Los+Pampas+7\">\n<img src=\"http:\/\/labestiadeportiva.com\/lbd\/wp-content\/plugins\/jw-share-this\/su.png\" alt=\"Share this page via Stumble Upon\" \/>\n<\/a>\n<a target=\"_blank\" href=\"http:\/\/digg.com\/submit?url=http%3A%2F%2Flabestiadeportiva.com%2Flbd%2Fdiego-acuna-en-los-pampas-7%2F&amp;title=Diego+Acu%C3%B1a+en+Los+Pampas+7\">\n<img src=\"http:\/\/labestiadeportiva.com\/lbd\/wp-content\/plugins\/jw-share-this\/digg.png\" alt=\"Share this page via Digg this\" \/>\n<\/a>\n<a target=\"_blank\" href=\"http:\/\/www.facebook.com\/sharer.php?u=http%3A%2F%2Flabestiadeportiva.com%2Flbd%2Fdiego-acuna-en-los-pampas-7%2F&amp;t=Diego+Acu%C3%B1a+en+Los+Pampas+7\">\n<img src=\"http:\/\/labestiadeportiva.com\/lbd\/wp-content\/plugins\/jw-share-this\/fb.png\" alt=\"Share this page via Facebook\" \/>\n<\/a>\n<a target=\"_blank\" href=\"http:\/\/twitter.com\/intent\/tweet?text=I+like+http%3A%2F%2Flabestiadeportiva.com%2Flbd%2Fdiego-acuna-en-los-pampas-7%2F&amp;title=Diego+Acu%C3%B1a+en+Los+Pampas+7\">\n<img src=\"http:\/\/labestiadeportiva.com\/lbd\/wp-content\/plugins\/jw-share-this\/twitter.png\" alt=\"Share this page via Twitter\" \/>\n<\/a>\n<\/div>\n","protected":false},"excerpt":{"rendered":"<p>El seleccionado de rugby reducido, Pampas 7, convoc\u00f3 al ushuaiense Diego \u00abKun\u00bb Acu\u00f1a ex jugador de Las \u00c1guilas quien en la actualidad viste los colores de Liceo Naval. Luego de un a\u00f1o incre\u00edble para Diego, jug\u00f3 el top 14 de la URBA, gan\u00f3 el seven con su club y tambi\u00e9n logr\u00f3 la triple corona del &hellip; <a href=\"http:\/\/labestiadeportiva.com\/lbd\/diego-acuna-en-los-pampas-7\/\" class=\"more-link\">Seguir leyendo <span class=\"screen-reader-text\">Diego Acu\u00f1a en Los Pampas 7<\/span> <span class=\"meta-nav\">&rarr;<\/span><\/a><\/p>\n","protected":false},"author":1,"featured_media":8601,"comment_status":"open","ping_status":"open","sticky":false,"template":"","format":"standard","meta":[],"categories":[5,6,1],"tags":[1196,190,1082],"_links":{"self":[{"href":"http:\/\/labestiadeportiva.com\/lbd\/wp-json\/wp\/v2\/posts\/8600"}],"collection":[{"href":"http:\/\/labestiadeportiva.com\/lbd\/wp-json\/wp\/v2\/posts"}],"about":[{"href":"http:\/\/labestiadeportiva.com\/lbd\/wp-json\/wp\/v2\/types\/post"}],"author":[{"embeddable":true,"href":"http:\/\/labestiadeportiva.com\/lbd\/wp-json\/wp\/v2\/users\/1"}],"replies":[{"embeddable":true,"href":"http:\/\/labestiadeportiva.com\/lbd\/wp-json\/wp\/v2\/comments?post=8600"}],"version-history":[{"count":1,"href":"http:\/\/labestiadeportiva.com\/lbd\/wp-json\/wp\/v2\/posts\/8600\/revisions"}],"predecessor-version":[{"id":8602,"href":"http:\/\/labestiadeportiva.com\/lbd\/wp-json\/wp\/v2\/posts\/8600\/revisions\/8602"}],"wp:featuredmedia":[{"embeddable":true,"href":"http:\/\/labestiadeportiva.com\/lbd\/wp-json\/wp\/v2\/media\/8601"}],"wp:attachment":[{"href":"http:\/\/labestiadeportiva.com\/lbd\/wp-json\/wp\/v2\/media?parent=8600"}],"wp:term":[{"taxonomy":"category","embeddable":true,"href":"http:\/\/labestiadeportiva.com\/lbd\/wp-json\/wp\/v2\/categories?post=8600"},{"taxonomy":"post_tag","embeddable":true,"href":"http:\/\/labestiadeportiva.com\/lbd\/wp-json\/wp\/v2\/tags?post=8600"}],"curies":[{"name":"wp","href":"https:\/\/api.w.org\/{rel}","templated":true}]}}