{"id":8615,"date":"2013-12-30T05:15:37","date_gmt":"2013-12-30T05:15:37","guid":{"rendered":"http:\/\/labestiadeportiva.com\/lbd\/?p=8615"},"modified":"2013-12-30T05:15:37","modified_gmt":"2013-12-30T05:15:37","slug":"2013-en-el-tenis-argentino","status":"publish","type":"post","link":"http:\/\/labestiadeportiva.com\/lbd\/2013-en-el-tenis-argentino\/","title":{"rendered":"2013 en el tenis argentino"},"content":{"rendered":"<p>Por Mat\u00edas Pouso (Corresponsal LBD en la Ciudad Aut\u00f3noma de Buenos Aires)<\/p>\n<p><a href=\"http:\/\/labestiadeportiva.com\/lbd\/wp-content\/uploads\/2013\/12\/campeones20132.jpg\"><img loading=\"lazy\" class=\"alignleft size-medium wp-image-8618\" title=\"campeones2013\" src=\"http:\/\/labestiadeportiva.com\/lbd\/wp-content\/uploads\/2013\/12\/campeones20132-300x122.jpg\" alt=\"\" width=\"300\" height=\"122\" srcset=\"http:\/\/labestiadeportiva.com\/lbd\/wp-content\/uploads\/2013\/12\/campeones20132-300x122.jpg 300w, http:\/\/labestiadeportiva.com\/lbd\/wp-content\/uploads\/2013\/12\/campeones20132.jpg 655w\" sizes=\"(max-width: 300px) 100vw, 300px\" \/><\/a>Una nueva temporada finaliz\u00f3 en el deporte blanco y la hora del balance en cuanto a las actuaciones de los tenistas nacionales, el saldo es positivo pero aun manteniendo ciertas deudas tanto personales como para quienes sue\u00f1an con grandes resultados de sus \u00eddolos.<\/p>\n<p>Este a\u00f1o se caracteriz\u00f3, como muchos otros para los tenistas argentinos, por pasar de la alegr\u00eda a la decepci\u00f3n de un momento a otro. Los t\u00edtulos obtenidos(siete en total), las grandes actuaciones y los progresos en el ranking por parte de algunos jugadores son contrarrestados por las lesiones, el retiro de uno de los m\u00e1ximos exponentes como David Nalbandian y una nueva oportunidad perdida de ganar la Copa Davis.<!--morePara leer Click Aqu\u00ed--><\/p>\n<p>Juan Mart\u00edn del Potro fue la principal figura albiceleste, sus cuatro t\u00edtulos ATP 500, el acceso a semifinales de Wimbledon y el vigente n\u00famero 5 del ranking mundial lo hicieron claro merecedor del premio Olimpia de Plata en su deporte. Su andar por esta temporada fue intermitente, se coron\u00f3 campe\u00f3n en Rotterdam, Washington, Tokio y Basilea (todos sobre canchas duras) pero s\u00f3lo en uno de los Grand Slams pudo superar la primera semana: fue eliminado en la tercera ronda del Australian Open, no disput\u00f3 Roland Garros por una lesi\u00f3n, luego accedi\u00f3 a las semifinales de Wimbledon y finalmente se despidi\u00f3 en la segunda ronda del US Open. A pesar de esos vaivenes, pudo consolidarse en el quinto puesto del ranking mundial.<\/p>\n<p>Un poco m\u00e1s complicado fue el a\u00f1o de Pico M\u00f3naco, luego de alcanzar el 10\u00b0 puesto en el ranking ATP, las lesiones y su irregularidad lo tuvieron a maltraer a lo largo de casi todo 2013. Las \u00fanicas luces entre tanta oscuridad fue la obtenci\u00f3n del ATP 250 de Dusseldorf y el acceso a la final del ATP de Kitzb\u00fchel.<br \/>\nCharly Berlocq logr\u00f3 su m\u00e1ximo \u00e9xito profesional en julio de este a\u00f1o cuando conquist\u00f3 su primer t\u00edtulo ATP en Bastad. Eso sumado a su gran aporte para el equipo nacional de Copa Davis y el puesto 41 del ranking que ocupa actualmente, hicieron que el oriundo de Chascom\u00fas viviese su mejor temporada en el circuito hasta ahora.<\/p>\n<p><a href=\"http:\/\/labestiadeportiva.com\/lbd\/wp-content\/uploads\/2013\/12\/delpo2013.jpg\"><img loading=\"lazy\" class=\"aligncenter size-medium wp-image-8619\" title=\"delpo2013\" src=\"http:\/\/labestiadeportiva.com\/lbd\/wp-content\/uploads\/2013\/12\/delpo2013-300x251.jpg\" alt=\"\" width=\"300\" height=\"251\" srcset=\"http:\/\/labestiadeportiva.com\/lbd\/wp-content\/uploads\/2013\/12\/delpo2013-300x251.jpg 300w, http:\/\/labestiadeportiva.com\/lbd\/wp-content\/uploads\/2013\/12\/delpo2013.jpg 511w\" sizes=\"(max-width: 300px) 100vw, 300px\" \/><\/a>Al igual que Berlocq, Horacio Zeballos toc\u00f3 el cielo con las manos cuando levant\u00f3 su primer trofeo ATP, venciendo nada menos que a Rafael Nadal en la final de Vi\u00f1a del Mar. Sumado a dos victorias en el circuito de Challengers, hicieron que el marplatense pudiera finalizar el a\u00f1o en el puesto 56 del ranking mundial.<br \/>\nEn cuanto a las promesas que empiezan a sumar rodaje en el circuito y con m\u00faltiples campeones en el Circuito Challenger; Federico Delbonis fue el m\u00e1s destacado. Con la final en el ATP 500 de Hamburgo como pico m\u00e1ximo, con triunfo ante Roger Federer, y los dos t\u00edtulos a nivel Challengers (Bucamaranga y Barranquilla), se postula como el candidato m\u00e1s serio a tomar la batuta una vez que la actual Legi\u00f3n diga adi\u00f3s.<\/p>\n<p>Detr\u00e1s suyo podemos encontrar grandes talentos como Facundo Bagnis (vencedor en Santiago de Chile y Cali), Agust\u00edn Velotti (campe\u00f3n en R\u00edo de Janeiro), Facundo Arg\u00fcello (Porto Alegre), Guido Pella (San Pablo), Guido Andreozzi (San juan) y el ya conocido Leonardo Mayer quien se coron\u00f3 en Guayaquil y que ya cuenta con larga experiencia en el circuito grande.<\/p>\n<p>En cuanto a las chicas, Paula Ormaechea poco a poco va confirmando que ya dej\u00f3 de ser una promesa para convertirse en la argentina capaz de devolver al tenis femenino nacional a las primeras planas. A los 21 a\u00f1os, finaliz\u00f3 la temporada en el 62\u00b0 lugar en el ranking WTA, pero estuvo 59\u00b0 en octubre; los puntos m\u00e1s altos fueron la tercera ronda en Roland Garros y la final en Bogot\u00e1.<\/p>\n<p><a href=\"http:\/\/labestiadeportiva.com\/lbd\/wp-content\/uploads\/2013\/12\/Copa-Davis-equipo-Argentino-AAT-0031.jpg\"><img loading=\"lazy\" class=\"aligncenter size-medium wp-image-8622\" title=\"Copa-Davis-equipo-Argentino-AAT-003\" src=\"http:\/\/labestiadeportiva.com\/lbd\/wp-content\/uploads\/2013\/12\/Copa-Davis-equipo-Argentino-AAT-0031-300x200.jpg\" alt=\"\" width=\"300\" height=\"200\" srcset=\"http:\/\/labestiadeportiva.com\/lbd\/wp-content\/uploads\/2013\/12\/Copa-Davis-equipo-Argentino-AAT-0031-300x200.jpg 300w, http:\/\/labestiadeportiva.com\/lbd\/wp-content\/uploads\/2013\/12\/Copa-Davis-equipo-Argentino-AAT-0031.jpg 1024w\" sizes=\"(max-width: 300px) 100vw, 300px\" \/><\/a>La materia Copa Davis sigue estando pendiente. De antemano se sab\u00eda que este a\u00f1o ser\u00eda de transici\u00f3n por la ausencia previamente anunciada de Juan Mart\u00edn Del Potro y por la falta de un jugador tan emblem\u00e1tico como David Nalbandian, al cual su f\u00edsico ya no le permit\u00eda cargarse el equipo al hombro como en sus mejores \u00e9pocas.<\/p>\n<p>Luego de una primera ronda contra Alemania en el Parque Roca que parec\u00eda complicada pero que finalmente termin\u00f3 siendo dominada por el conjunto local con un 5-0 global y las actuaciones destacadas de Mon\u00e1co y Berlocq. El predio de Villa Soldati volvi\u00f3 a ser la sede en abril cuando los franceses llegaron como favoritos por el poderio individual y grupal de su equipo.<\/p>\n<p>Pero los capitaneados por Martin Jaite hicieron pesar la condici\u00f3n de local, y empujados por el fervoroso p\u00fablico se quedaron con la serie por 3-2. Como en 2012, la semifinal ser\u00eda frente a Republica Checa, pero esta vez, solo un milagro podr\u00eda depositar a nuestro pa\u00eds en la definici\u00f3n. Tomas Berdych y Radek Stepanek fueron unfalibles tanto en los singles como en el dobles y se dio la l\u00f3gica, el triunfo fue para los europeos por 3-2. Fin del sue\u00f1o, una nueva decepci\u00f3n que esta vez no doli\u00f3 tanto por las circunstancias.<\/p>\n<p>Por \u00faltimo queda la mencion honor\u00edfica para uno de los tenistas que mejor represent\u00f3 a nuestro pa\u00eds en el circuito ATP. Dejando de lado las controversias y lo que se sabe o se dice de su personalidad egoc\u00e9ntrica, David Nalbandian ocupa un lugar de privilegio en el Olimpo del deporte blanco nacional junto a los grandes como Guillermo Vilas y Jos\u00e9 Luis Clerc.<\/p>\n<p><a href=\"http:\/\/labestiadeportiva.com\/lbd\/wp-content\/uploads\/2013\/12\/nalbandian2013.jpg\"><img loading=\"lazy\" class=\"aligncenter size-medium wp-image-8623\" title=\"nalbandian2013\" src=\"http:\/\/labestiadeportiva.com\/lbd\/wp-content\/uploads\/2013\/12\/nalbandian2013-300x201.jpg\" alt=\"\" width=\"300\" height=\"201\" srcset=\"http:\/\/labestiadeportiva.com\/lbd\/wp-content\/uploads\/2013\/12\/nalbandian2013-300x201.jpg 300w, http:\/\/labestiadeportiva.com\/lbd\/wp-content\/uploads\/2013\/12\/nalbandian2013.jpg 796w\" sizes=\"(max-width: 300px) 100vw, 300px\" \/><\/a>El cordob\u00e9s se retir\u00f3 de la actividad profesional con un r\u00e9cord de 383 triunfos, 192 derrotas y 11 t\u00edtulos. Su puesto m\u00e1s alto en el ranking ATP fue el 3er lugar el 20 de marzo de 2006 y acumul\u00f3 11.123.125 d\u00f3lares en premios. Entre sus t\u00edtulos m\u00e1s recordados est\u00e1 el Masters de Shangai de 2005, cuando no estaba clasificado entre los ocho mejores del circuito y le termin\u00f3 ganando la final a Roger Federer; y los Masters 1000 de Madrid y Par\u00eds en 2007.<\/p>\n<p>El resto de sus t\u00edtulos son: Estoril 2002, Brasilea 2002, Munich 2005, Estoril 2006, Buenos Aires 2008, Estocolmo 2008, Sindey 2009 y Washington 2010. Otro punto destacado de su carrera en el circuito fue la final de la Wimbledon 2002, en donde perdi\u00f3 ante Lleyton Hewitt. Aunque para los argentinos siempre quedar\u00e1 su sello de \u00abcopero\u00bb en cada serie que disput\u00f3 de la Copa Davis. Adem\u00e1s, Nalbandian es uno de los pocos jugadores del circuito que lleg\u00f3 a las semifinales de los cuatro Grand Slamn (Australia, US Openm Roland Garros y Wimbledon).<\/p>\n<p>Se fu\u00e9 un a\u00f1o m\u00e1s, con alegr\u00edas y tristezas, pero lo m\u00e1s importante con la esperanza renovada y puesta en nuevos objetivos. El trabajo, esfuerzo y el empe\u00f1o hacen que todo lo que uno se\u00a0 proponga pueda ser real, m\u00e1s alla de la dificultad que estos anhelos tengan.<\/p>\n<div class='epvc-post-count'><span class='epvc-eye'><\/span>  <span class=\"epvc-count\"> 1.258<\/span><span class='epvc-label'> veces le\u00edda<\/span><\/div>\n<div class=\"jwsharethis\">\nShare this: \n<br \/>\n<a href=\"mailto:?subject=2013%20en%20el%20tenis%20argentino&amp;body=http%3A%2F%2Flabestiadeportiva.com%2Flbd%2F2013-en-el-tenis-argentino%2F\">\n<img src=\"http:\/\/labestiadeportiva.com\/lbd\/wp-content\/plugins\/jw-share-this\/email.png\" alt=\"Share this page via Email\" \/>\n<\/a>\n<a target=\"_blank\" href=\"http:\/\/www.stumbleupon.com\/submit?url=http%3A%2F%2Flabestiadeportiva.com%2Flbd%2F2013-en-el-tenis-argentino%2F&amp;title=2013+en+el+tenis+argentino\">\n<img src=\"http:\/\/labestiadeportiva.com\/lbd\/wp-content\/plugins\/jw-share-this\/su.png\" alt=\"Share this page via Stumble Upon\" \/>\n<\/a>\n<a target=\"_blank\" href=\"http:\/\/digg.com\/submit?url=http%3A%2F%2Flabestiadeportiva.com%2Flbd%2F2013-en-el-tenis-argentino%2F&amp;title=2013+en+el+tenis+argentino\">\n<img src=\"http:\/\/labestiadeportiva.com\/lbd\/wp-content\/plugins\/jw-share-this\/digg.png\" alt=\"Share this page via Digg this\" \/>\n<\/a>\n<a target=\"_blank\" href=\"http:\/\/www.facebook.com\/sharer.php?u=http%3A%2F%2Flabestiadeportiva.com%2Flbd%2F2013-en-el-tenis-argentino%2F&amp;t=2013+en+el+tenis+argentino\">\n<img src=\"http:\/\/labestiadeportiva.com\/lbd\/wp-content\/plugins\/jw-share-this\/fb.png\" alt=\"Share this page via Facebook\" \/>\n<\/a>\n<a target=\"_blank\" href=\"http:\/\/twitter.com\/intent\/tweet?text=I+like+http%3A%2F%2Flabestiadeportiva.com%2Flbd%2F2013-en-el-tenis-argentino%2F&amp;title=2013+en+el+tenis+argentino\">\n<img src=\"http:\/\/labestiadeportiva.com\/lbd\/wp-content\/plugins\/jw-share-this\/twitter.png\" alt=\"Share this page via Twitter\" \/>\n<\/a>\n<\/div>\n","protected":false},"excerpt":{"rendered":"<p>Por Mat\u00edas Pouso (Corresponsal LBD en la Ciudad Aut\u00f3noma de Buenos Aires) Una nueva temporada finaliz\u00f3 en el deporte blanco y la hora del balance en cuanto a las actuaciones de los tenistas nacionales, el saldo es positivo pero aun manteniendo ciertas deudas tanto personales como para quienes sue\u00f1an con grandes resultados de sus \u00eddolos. &hellip; <a href=\"http:\/\/labestiadeportiva.com\/lbd\/2013-en-el-tenis-argentino\/\" class=\"more-link\">Seguir leyendo <span class=\"screen-reader-text\">2013 en el tenis argentino<\/span> <span class=\"meta-nav\">&rarr;<\/span><\/a><\/p>\n","protected":false},"author":1,"featured_media":8618,"comment_status":"open","ping_status":"open","sticky":false,"template":"","format":"standard","meta":[],"categories":[6,1,39],"tags":[1197,34],"_links":{"self":[{"href":"http:\/\/labestiadeportiva.com\/lbd\/wp-json\/wp\/v2\/posts\/8615"}],"collection":[{"href":"http:\/\/labestiadeportiva.com\/lbd\/wp-json\/wp\/v2\/posts"}],"about":[{"href":"http:\/\/labestiadeportiva.com\/lbd\/wp-json\/wp\/v2\/types\/post"}],"author":[{"embeddable":true,"href":"http:\/\/labestiadeportiva.com\/lbd\/wp-json\/wp\/v2\/users\/1"}],"replies":[{"embeddable":true,"href":"http:\/\/labestiadeportiva.com\/lbd\/wp-json\/wp\/v2\/comments?post=8615"}],"version-history":[{"count":1,"href":"http:\/\/labestiadeportiva.com\/lbd\/wp-json\/wp\/v2\/posts\/8615\/revisions"}],"predecessor-version":[{"id":8624,"href":"http:\/\/labestiadeportiva.com\/lbd\/wp-json\/wp\/v2\/posts\/8615\/revisions\/8624"}],"wp:featuredmedia":[{"embeddable":true,"href":"http:\/\/labestiadeportiva.com\/lbd\/wp-json\/wp\/v2\/media\/8618"}],"wp:attachment":[{"href":"http:\/\/labestiadeportiva.com\/lbd\/wp-json\/wp\/v2\/media?parent=8615"}],"wp:term":[{"taxonomy":"category","embeddable":true,"href":"http:\/\/labestiadeportiva.com\/lbd\/wp-json\/wp\/v2\/categories?post=8615"},{"taxonomy":"post_tag","embeddable":true,"href":"http:\/\/labestiadeportiva.com\/lbd\/wp-json\/wp\/v2\/tags?post=8615"}],"curies":[{"name":"wp","href":"https:\/\/api.w.org\/{rel}","templated":true}]}}