{"id":9146,"date":"2014-02-11T14:25:08","date_gmt":"2014-02-11T14:25:08","guid":{"rendered":"http:\/\/labestiadeportiva.com\/lbd\/?p=9146"},"modified":"2014-02-11T14:26:10","modified_gmt":"2014-02-11T14:26:10","slug":"hockey-fueguino-de-primer-nivel","status":"publish","type":"post","link":"http:\/\/labestiadeportiva.com\/lbd\/hockey-fueguino-de-primer-nivel\/","title":{"rendered":"Hockey fueguino de primer nivel"},"content":{"rendered":"<p style=\"text-align: left;\" align=\"center\"><em>Por Mauricio Zentner Lavori (Corresponsal LBD en Buenos Aires) \/@MZLDeportes\/<\/em><\/p>\n<p style=\"text-align: center;\" align=\"center\"><a href=\"http:\/\/labestiadeportiva.com\/lbd\/wp-content\/uploads\/2014\/02\/Colo.jpg\"><img loading=\"lazy\" class=\"wp-image-9147 aligncenter\" title=\"Colo\" src=\"http:\/\/labestiadeportiva.com\/lbd\/wp-content\/uploads\/2014\/02\/Colo.jpg\" alt=\"\" width=\"478\" height=\"360\" srcset=\"http:\/\/labestiadeportiva.com\/lbd\/wp-content\/uploads\/2014\/02\/Colo.jpg 1024w, http:\/\/labestiadeportiva.com\/lbd\/wp-content\/uploads\/2014\/02\/Colo-300x225.jpg 300w\" sizes=\"(max-width: 478px) 100vw, 478px\" \/><\/a><\/p>\n<p style=\"text-align: left;\">Cuatro jugadoras ushuaienses iniciaron este lunes en el Cenard la preselecci\u00f3n con vistas al Panamericano que clasifica al Mundial 2015. Rios, Yanzi, Bocchero y Casta\u00f1eda Paz vuelven a poner a Tierra del Fuego en el m\u00e1ximo escal\u00f3n; la \u201cColo\u201d nos detalla pormenores y nos cuenta su trayectoria en esta nota exclusiva<\/p>\n<p align=\"center\"><!--moreLeer nota completa--><\/p>\n<p>Si decimos que Ushuaia dentro del Hockey Indoor, o tambi\u00e9n conocido como Pista, es potencia a nivel nacional no sorprendemos a nadie. Menos todav\u00eda cuando hacemos referencia al primer seleccionado argentino que nos represent\u00f3 en un Mundial (Polonia 2011), con dos jugadoras de nuestra ciudad dentro del plantel.<\/p>\n<p>Juliana Rios (Ushuaia Rugby Club) y Emma Yanzi (Colegio) han sido las precursoras de este deporte impulsando a las m\u00e1s j\u00f3venes a seguir sus pasos con el objetivo de poder alcanzar el m\u00e1ximo nivel.<\/p>\n<p><span style=\"color: #ff0000;\"><em>\u201cComenc\u00e9 en el 2009 con la selecci\u00f3n, justo cuando viaj\u00e9 a C\u00f3rdoba para empezar mi primer a\u00f1o de estudios asique fueron tiempos de muchas cosas nuevas. A partir de Febrero viaj\u00e9 todos los meses a jornadas de tres d\u00edas en el CENARD de Buenos Aires; las primeras dos o tres veces fui de invitada, hasta que me comunicaron que iba a pertenecer al seleccionado oficialmente. De ah\u00ed en m\u00e1s as\u00ed fue mi rutina mensual porque todos los meses hab\u00eda una concentraci\u00f3n en la cual trabaj\u00e1bamos cuestiones t\u00e1ctico-t\u00e9cnicas y por ah\u00ed alg\u00fan testeo f\u00edsico. De Ushuaia en ese momento \u00e9ramos tres: Emma Yanzi, formada en Colegio del Sur y en el plantel de River, Nadia Coman de \u00d1ires y yo. Hicimos algunos amistosos contra Uruguay como visitante y esos fueron mis primeros partidos con la camiseta argentina; luego jugamos un Cuatro Naciones en Trelew y viajamos al Distrito Federal de M\u00e9xico para enfrentarnos con la selecci\u00f3n local. Fue el primer gran viaje que realizamos\u201d<\/em><\/span>, cuenta emocionada la \u201cColo\u201d reviviendo sus comienzos con la celeste y blanca.<\/p>\n<p>Posteriormente, en 2010, la vida le dio un golpe del cu\u00e1l supo reponerse de la mejor manera: <span style=\"color: #ff0000;\"><em>\u201cNo fui citada para el Panamericano clasificatorio de Venezuela, donde tras un dif\u00edcil partido con Uruguay las chicas lograron conseguir la \u00fanica plaza que Am\u00e9rica ten\u00eda para el Mundial del a\u00f1o siguiente en Polonia\u201d<\/em><\/span>.<\/p>\n<p>Pero la vida le dar\u00eda revancha una vez retomados los entrenamientos de cara a la cita mundialista: <span style=\"color: #ff0000;\"><em>\u201cFueron meses de mucho sacrificio a nivel organizativo ya que nuestro principal obst\u00e1culo era la parte econ\u00f3mica. Organizamos torneos y realizamos distintas actividades para sustentar el viaje. Finalmente el Enard nos acept\u00f3 el presupuesto y logramos ir, incluyendo una gira previa\u201d<\/em><\/span>.<\/p>\n<p>As\u00ed fue que en Enero de 2011 comenz\u00f3 su periplo por Europa. Visit\u00f3 Madrid y Berl\u00edn, donde jugaron varios amistosos antes de arribar a Polonia, la sede de la Copa del Mundo de Hockey Indoor. <span style=\"color: #ff0000;\"><em>\u201cJugamos cinco partidos en la zona y s\u00f3lo ganamos el \u00faltimo, por lo que nos cruzamos con la otra zona por el noveno y d\u00e9cimo puesto. Logramos ganar y nos trajimos un 9\u00ba en el primer mundial donde Argentina particip\u00f3. M\u00e1s all\u00e1 de los resultados, el haber logrado llegar (Panamericano y Mundial) fue un triunfo porque adem\u00e1s abrimos finalmente la puerta para que Argentina comience a existir en esta rama del deporte\u201d<\/em><\/span>, enfatiz\u00f3 la representante provincial.<\/p>\n<p style=\"text-align: center;\"><a href=\"http:\/\/labestiadeportiva.com\/lbd\/wp-content\/uploads\/2014\/02\/MZL3.jpg\"><img loading=\"lazy\" class=\" wp-image-9149 aligncenter\" title=\"MZL\" src=\"http:\/\/labestiadeportiva.com\/lbd\/wp-content\/uploads\/2014\/02\/MZL3.jpg\" alt=\"\" width=\"478\" height=\"319\" \/><\/a><\/p>\n<p>Asimismo agreg\u00f3:<span style=\"color: #ff0000;\"><em> \u201cPersonalmente me siento orgullosa de haber podido formar parte de ese proceso y haber tenido la experiencia de viajar con mis compa\u00f1eras y cuerpo t\u00e9cnico fue algo \u00fanico que no voy a olvidar jam\u00e1s\u201d<\/em><\/span>.<\/p>\n<p>Tras el Mundial se detuvieron los entrenamientos por todo el 2011 y reci\u00e9n se hizo un viaje a Uruguay en 2012. Ya en 2013, hubo algunos test matches con Estados Unidos y Uruguay para mantener el ritmo, pero el seleccionado no funcion\u00f3 debido al cambio de autoridades que hubo en la Confederaci\u00f3n Argentina, desde la cual se impuls\u00f3 un nuevo cuerpo t\u00e9cnico, retomando las actividades reci\u00e9n en Diciembre del a\u00f1o pasado.<\/p>\n<p>Finalmente, hoy son veinte las jugadoras que est\u00e1n pre-seleccionadas para un nuevo Panamericano clasificatorio y Ushuaia cuenta con cuatro baluartes que intentar\u00e1n repetir la proeza de 2011. Ellas son: Emma Yanzi (Colegio), Josefina Casta\u00f1eda Paz (URC), Natalia Bocchero (URC) y Juliana R\u00edos (URC).<\/p>\n<p><span style=\"color: #ff0000;\"><em>\u201cSeguramente el mes que viene se presentar\u00e1 la lista de las jugadoras que finalmente viajar\u00e1n, pero hubo un cambio respecto a 2011 ya que antes se jugaba de a seis y hoy se ha implementado jugar de a cinco por lo que los planteles ser\u00e1n de dos jugadoras menos y quiz\u00e1 con dos jugadoras de reserva\u201d<\/em><\/span>, aclar\u00f3 R\u00edos sobre la reciente convocatoria.<\/p>\n<p>Todas quieren estar vistiendo la albiceleste y ninguna se dar\u00e1 por vencida. Talento al por mayor desde la ciudad m\u00e1s austral del mundo.<\/p>\n<div class='epvc-post-count'><span class='epvc-eye'><\/span>  <span class=\"epvc-count\"> 1.486<\/span><span class='epvc-label'> veces le\u00edda<\/span><\/div>\n<div class=\"jwsharethis\">\nShare this: \n<br \/>\n<a href=\"mailto:?subject=Hockey%20fueguino%20de%20primer%20nivel&amp;body=http%3A%2F%2Flabestiadeportiva.com%2Flbd%2Fhockey-fueguino-de-primer-nivel%2F\">\n<img src=\"http:\/\/labestiadeportiva.com\/lbd\/wp-content\/plugins\/jw-share-this\/email.png\" alt=\"Share this page via Email\" \/>\n<\/a>\n<a target=\"_blank\" href=\"http:\/\/www.stumbleupon.com\/submit?url=http%3A%2F%2Flabestiadeportiva.com%2Flbd%2Fhockey-fueguino-de-primer-nivel%2F&amp;title=Hockey+fueguino+de+primer+nivel\">\n<img src=\"http:\/\/labestiadeportiva.com\/lbd\/wp-content\/plugins\/jw-share-this\/su.png\" alt=\"Share this page via Stumble Upon\" \/>\n<\/a>\n<a target=\"_blank\" href=\"http:\/\/digg.com\/submit?url=http%3A%2F%2Flabestiadeportiva.com%2Flbd%2Fhockey-fueguino-de-primer-nivel%2F&amp;title=Hockey+fueguino+de+primer+nivel\">\n<img src=\"http:\/\/labestiadeportiva.com\/lbd\/wp-content\/plugins\/jw-share-this\/digg.png\" alt=\"Share this page via Digg this\" \/>\n<\/a>\n<a target=\"_blank\" href=\"http:\/\/www.facebook.com\/sharer.php?u=http%3A%2F%2Flabestiadeportiva.com%2Flbd%2Fhockey-fueguino-de-primer-nivel%2F&amp;t=Hockey+fueguino+de+primer+nivel\">\n<img src=\"http:\/\/labestiadeportiva.com\/lbd\/wp-content\/plugins\/jw-share-this\/fb.png\" alt=\"Share this page via Facebook\" \/>\n<\/a>\n<a target=\"_blank\" href=\"http:\/\/twitter.com\/intent\/tweet?text=I+like+http%3A%2F%2Flabestiadeportiva.com%2Flbd%2Fhockey-fueguino-de-primer-nivel%2F&amp;title=Hockey+fueguino+de+primer+nivel\">\n<img src=\"http:\/\/labestiadeportiva.com\/lbd\/wp-content\/plugins\/jw-share-this\/twitter.png\" alt=\"Share this page via Twitter\" \/>\n<\/a>\n<\/div>\n","protected":false},"excerpt":{"rendered":"<p>Por Mauricio Zentner Lavori (Corresponsal LBD en Buenos Aires) \/@MZLDeportes\/ Cuatro jugadoras ushuaienses iniciaron este lunes en el Cenard la preselecci\u00f3n con vistas al Panamericano que clasifica al Mundial 2015. Rios, Yanzi, Bocchero y Casta\u00f1eda Paz vuelven a poner a Tierra del Fuego en el m\u00e1ximo escal\u00f3n; la \u201cColo\u201d nos detalla pormenores y nos cuenta &hellip; <a href=\"http:\/\/labestiadeportiva.com\/lbd\/hockey-fueguino-de-primer-nivel\/\" class=\"more-link\">Seguir leyendo <span class=\"screen-reader-text\">Hockey fueguino de primer nivel<\/span> <span class=\"meta-nav\">&rarr;<\/span><\/a><\/p>\n","protected":false},"author":1,"featured_media":9147,"comment_status":"open","ping_status":"open","sticky":false,"template":"","format":"standard","meta":[],"categories":[5,4,6,60,650,1],"tags":[1267,1268,1264,32,1265,1266],"_links":{"self":[{"href":"http:\/\/labestiadeportiva.com\/lbd\/wp-json\/wp\/v2\/posts\/9146"}],"collection":[{"href":"http:\/\/labestiadeportiva.com\/lbd\/wp-json\/wp\/v2\/posts"}],"about":[{"href":"http:\/\/labestiadeportiva.com\/lbd\/wp-json\/wp\/v2\/types\/post"}],"author":[{"embeddable":true,"href":"http:\/\/labestiadeportiva.com\/lbd\/wp-json\/wp\/v2\/users\/1"}],"replies":[{"embeddable":true,"href":"http:\/\/labestiadeportiva.com\/lbd\/wp-json\/wp\/v2\/comments?post=9146"}],"version-history":[{"count":2,"href":"http:\/\/labestiadeportiva.com\/lbd\/wp-json\/wp\/v2\/posts\/9146\/revisions"}],"predecessor-version":[{"id":9150,"href":"http:\/\/labestiadeportiva.com\/lbd\/wp-json\/wp\/v2\/posts\/9146\/revisions\/9150"}],"wp:featuredmedia":[{"embeddable":true,"href":"http:\/\/labestiadeportiva.com\/lbd\/wp-json\/wp\/v2\/media\/9147"}],"wp:attachment":[{"href":"http:\/\/labestiadeportiva.com\/lbd\/wp-json\/wp\/v2\/media?parent=9146"}],"wp:term":[{"taxonomy":"category","embeddable":true,"href":"http:\/\/labestiadeportiva.com\/lbd\/wp-json\/wp\/v2\/categories?post=9146"},{"taxonomy":"post_tag","embeddable":true,"href":"http:\/\/labestiadeportiva.com\/lbd\/wp-json\/wp\/v2\/tags?post=9146"}],"curies":[{"name":"wp","href":"https:\/\/api.w.org\/{rel}","templated":true}]}}