{"id":9151,"date":"2014-02-11T20:04:16","date_gmt":"2014-02-11T20:04:16","guid":{"rendered":"http:\/\/labestiadeportiva.com\/lbd\/?p=9151"},"modified":"2014-02-11T20:20:54","modified_gmt":"2014-02-11T20:20:54","slug":"presentacion-en-sociedad-3","status":"publish","type":"post","link":"http:\/\/labestiadeportiva.com\/lbd\/presentacion-en-sociedad-3\/","title":{"rendered":"Presentaci\u00f3n en sociedad"},"content":{"rendered":"<p class=\"MsoNormal\">Por Sabrina Ambrosi (Colaboraci\u00f3n Especial para LBD)<\/p>\n<p class=\"MsoNormal\"><a href=\"http:\/\/labestiadeportiva.com\/lbd\/wp-content\/uploads\/2014\/02\/MG_8783.jpg\"><img loading=\"lazy\" class=\"alignleft size-medium wp-image-9152\" title=\"_MG_8783\" src=\"http:\/\/labestiadeportiva.com\/lbd\/wp-content\/uploads\/2014\/02\/MG_8783-300x248.jpg\" alt=\"\" width=\"300\" height=\"248\" srcset=\"http:\/\/labestiadeportiva.com\/lbd\/wp-content\/uploads\/2014\/02\/MG_8783-300x248.jpg 300w, http:\/\/labestiadeportiva.com\/lbd\/wp-content\/uploads\/2014\/02\/MG_8783.jpg 406w\" sizes=\"(max-width: 300px) 100vw, 300px\" \/><\/a>Este pasado viernes 7 y s\u00e1bado 8 se realiz\u00f3 con \u00e9xito la primera actividad de deportes de gravedad en Tierra del Fuego. Organizado inicialmente para los deportistas locales de Longboard, Luge y Drift Trike, el evento escal\u00f3 a otro nivel cuando una delegaci\u00f3n de Longboard y Roller (pat\u00edn en l\u00ednea) de Rio Grande solicit\u00f3 su participaci\u00f3n. De esta forma el \u201cEncuentro de Tabla Larga\u201d fue el puntapi\u00e9 inicial para la oficializaci\u00f3n de la disciplina en nuestra provincia.<!--morePara leer Click Aqu\u00ed--><\/p>\n<p class=\"MsoNormal\"><a href=\"http:\/\/labestiadeportiva.com\/lbd\/wp-content\/uploads\/2014\/02\/MG_8764.jpg\"><img loading=\"lazy\" class=\"aligncenter size-medium wp-image-9153\" title=\"_MG_8764\" src=\"http:\/\/labestiadeportiva.com\/lbd\/wp-content\/uploads\/2014\/02\/MG_8764-300x200.jpg\" alt=\"\" width=\"300\" height=\"200\" srcset=\"http:\/\/labestiadeportiva.com\/lbd\/wp-content\/uploads\/2014\/02\/MG_8764-300x200.jpg 300w, http:\/\/labestiadeportiva.com\/lbd\/wp-content\/uploads\/2014\/02\/MG_8764.jpg 448w\" sizes=\"(max-width: 300px) 100vw, 300px\" \/><\/a><\/p>\n<p class=\"MsoNormal\">Durante su primer d\u00eda, el evento tuvo lugar en la bajada del colegio Monse\u00f1or Alem\u00e1n (Onas y Leandro N. Alem) presentando las cl\u00ednicas, demostraciones y actividades relativas al freeride, freestyle y slalom, siendo el d\u00eda culmine en el Glaciar Martial donde todas las disciplinas demostraron su m\u00e1xima velocidad en la categor\u00eda de DH o descenso.<a name=\"_GoBack\"><\/a><\/p>\n<p class=\"MsoNormal\">Los organizadores, Sabrina Ambrosi y Gast\u00f3n Merlo Roa, contaron con la asistencia y colaboraci\u00f3n de riders (corredores) de la ciudad de Buenos Aires, Claudio Morales, Leandro Salaberry y Lucas Portela, quienes brindaron su conocimiento tanto durante el evento como en la etapa de organizaci\u00f3n.<\/p>\n<p class=\"MsoNormal\"><a href=\"http:\/\/labestiadeportiva.com\/lbd\/wp-content\/uploads\/2014\/02\/MG_8778.jpg\"><img loading=\"lazy\" class=\"aligncenter size-medium wp-image-9155\" title=\"_MG_8778\" src=\"http:\/\/labestiadeportiva.com\/lbd\/wp-content\/uploads\/2014\/02\/MG_8778-300x176.jpg\" alt=\"\" width=\"300\" height=\"176\" srcset=\"http:\/\/labestiadeportiva.com\/lbd\/wp-content\/uploads\/2014\/02\/MG_8778-300x176.jpg 300w, http:\/\/labestiadeportiva.com\/lbd\/wp-content\/uploads\/2014\/02\/MG_8778.jpg 448w\" sizes=\"(max-width: 300px) 100vw, 300px\" \/><\/a>Durante el encuentro se hizo especial \u00e9nfasis en el uso de casco y dem\u00e1s protecciones relativas a los deportes de gravedad y se trat\u00f3 de concientizar a los automovilistas presentes sobre lo esencial de respetar las normas de tr\u00e1nsito para evitar accidentes.<\/p>\n<p class=\"MsoNormal\">El evento que tomo ribetes de provincial cont\u00f3 con la colaboraci\u00f3n del Gobierno, a trav\u00e9s de la Secretaria de Deportes, que proporcion\u00f3 alojamiento para la delegaci\u00f3n de Rio Grande, como as\u00ed tambi\u00e9n varios elementos necesarios para realizar los cortes y las actividades (conos, cinta de corte, agua, etc.).<\/p>\n<p class=\"MsoNormal\"><a href=\"http:\/\/labestiadeportiva.com\/lbd\/wp-content\/uploads\/2014\/02\/MG_87731.jpg\"><img loading=\"lazy\" class=\"aligncenter size-medium wp-image-9157\" title=\"_MG_8773\" src=\"http:\/\/labestiadeportiva.com\/lbd\/wp-content\/uploads\/2014\/02\/MG_87731-300x159.jpg\" alt=\"\" width=\"300\" height=\"159\" srcset=\"http:\/\/labestiadeportiva.com\/lbd\/wp-content\/uploads\/2014\/02\/MG_87731-300x159.jpg 300w, http:\/\/labestiadeportiva.com\/lbd\/wp-content\/uploads\/2014\/02\/MG_87731.jpg 448w\" sizes=\"(max-width: 300px) 100vw, 300px\" \/><\/a>La Municipalidad colabor\u00f3 con los cortes de tr\u00e1nsito, el concejal Walter Vuotto aport\u00f3 la comida para ambos d\u00edas del evento, incluyendo frutas para consumir durante el mismo.<\/p>\n<p class=\"MsoNormal\"><a href=\"http:\/\/labestiadeportiva.com\/lbd\/wp-content\/uploads\/2014\/02\/MG_8776.jpg\"><img loading=\"lazy\" class=\"aligncenter size-medium wp-image-9158\" title=\"_MG_8776\" src=\"http:\/\/labestiadeportiva.com\/lbd\/wp-content\/uploads\/2014\/02\/MG_8776-300x237.jpg\" alt=\"\" width=\"300\" height=\"237\" srcset=\"http:\/\/labestiadeportiva.com\/lbd\/wp-content\/uploads\/2014\/02\/MG_8776-300x237.jpg 300w, http:\/\/labestiadeportiva.com\/lbd\/wp-content\/uploads\/2014\/02\/MG_8776.jpg 425w\" sizes=\"(max-width: 300px) 100vw, 300px\" \/><\/a>Los premios fueron proporcionados por los auspiciantes, entre ellos varios locales de la calle San Martin y marcas reconocidas en el rubro de Longboard.<\/p>\n<p class=\"MsoNormal\">De esta manera, y concluidas las acciones, queda demostrado, mas all\u00e1 de toda duda, que Ushuaia es el escenario perfecto para el desarrollo de los deportes de gravedad.<\/p>\n<p class=\"MsoNormal\"><a href=\"http:\/\/labestiadeportiva.com\/lbd\/wp-content\/uploads\/2014\/02\/MG_8785.jpg\"><img loading=\"lazy\" class=\"aligncenter size-medium wp-image-9156\" title=\"_MG_8785\" src=\"http:\/\/labestiadeportiva.com\/lbd\/wp-content\/uploads\/2014\/02\/MG_8785-300x181.jpg\" alt=\"\" width=\"300\" height=\"181\" srcset=\"http:\/\/labestiadeportiva.com\/lbd\/wp-content\/uploads\/2014\/02\/MG_8785-300x181.jpg 300w, http:\/\/labestiadeportiva.com\/lbd\/wp-content\/uploads\/2014\/02\/MG_8785.jpg 448w\" sizes=\"(max-width: 300px) 100vw, 300px\" \/><\/a><\/p>\n<div class='epvc-post-count'><span class='epvc-eye'><\/span>  <span class=\"epvc-count\"> 1.030<\/span><span class='epvc-label'> veces le\u00edda<\/span><\/div>\n<div class=\"jwsharethis\">\nShare this: \n<br \/>\n<a href=\"mailto:?subject=Presentaci%C3%B3n%20en%20sociedad&amp;body=http%3A%2F%2Flabestiadeportiva.com%2Flbd%2Fpresentacion-en-sociedad-3%2F\">\n<img src=\"http:\/\/labestiadeportiva.com\/lbd\/wp-content\/plugins\/jw-share-this\/email.png\" alt=\"Share this page via Email\" \/>\n<\/a>\n<a target=\"_blank\" href=\"http:\/\/www.stumbleupon.com\/submit?url=http%3A%2F%2Flabestiadeportiva.com%2Flbd%2Fpresentacion-en-sociedad-3%2F&amp;title=Presentaci%C3%B3n+en+sociedad\">\n<img src=\"http:\/\/labestiadeportiva.com\/lbd\/wp-content\/plugins\/jw-share-this\/su.png\" alt=\"Share this page via Stumble Upon\" \/>\n<\/a>\n<a target=\"_blank\" href=\"http:\/\/digg.com\/submit?url=http%3A%2F%2Flabestiadeportiva.com%2Flbd%2Fpresentacion-en-sociedad-3%2F&amp;title=Presentaci%C3%B3n+en+sociedad\">\n<img src=\"http:\/\/labestiadeportiva.com\/lbd\/wp-content\/plugins\/jw-share-this\/digg.png\" alt=\"Share this page via Digg this\" \/>\n<\/a>\n<a target=\"_blank\" href=\"http:\/\/www.facebook.com\/sharer.php?u=http%3A%2F%2Flabestiadeportiva.com%2Flbd%2Fpresentacion-en-sociedad-3%2F&amp;t=Presentaci%C3%B3n+en+sociedad\">\n<img src=\"http:\/\/labestiadeportiva.com\/lbd\/wp-content\/plugins\/jw-share-this\/fb.png\" alt=\"Share this page via Facebook\" \/>\n<\/a>\n<a target=\"_blank\" href=\"http:\/\/twitter.com\/intent\/tweet?text=I+like+http%3A%2F%2Flabestiadeportiva.com%2Flbd%2Fpresentacion-en-sociedad-3%2F&amp;title=Presentaci%C3%B3n+en+sociedad\">\n<img src=\"http:\/\/labestiadeportiva.com\/lbd\/wp-content\/plugins\/jw-share-this\/twitter.png\" alt=\"Share this page via Twitter\" \/>\n<\/a>\n<\/div>\n","protected":false},"excerpt":{"rendered":"<p>Por Sabrina Ambrosi (Colaboraci\u00f3n Especial para LBD) Este pasado viernes 7 y s\u00e1bado 8 se realiz\u00f3 con \u00e9xito la primera actividad de deportes de gravedad en Tierra del Fuego. Organizado inicialmente para los deportistas locales de Longboard, Luge y Drift Trike, el evento escal\u00f3 a otro nivel cuando una delegaci\u00f3n de Longboard y Roller (pat\u00edn &hellip; <a href=\"http:\/\/labestiadeportiva.com\/lbd\/presentacion-en-sociedad-3\/\" class=\"more-link\">Seguir leyendo <span class=\"screen-reader-text\">Presentaci\u00f3n en sociedad<\/span> <span class=\"meta-nav\">&rarr;<\/span><\/a><\/p>\n","protected":false},"author":1,"featured_media":9152,"comment_status":"open","ping_status":"open","sticky":false,"template":"","format":"standard","meta":[],"categories":[5,1],"tags":[1252,1269],"_links":{"self":[{"href":"http:\/\/labestiadeportiva.com\/lbd\/wp-json\/wp\/v2\/posts\/9151"}],"collection":[{"href":"http:\/\/labestiadeportiva.com\/lbd\/wp-json\/wp\/v2\/posts"}],"about":[{"href":"http:\/\/labestiadeportiva.com\/lbd\/wp-json\/wp\/v2\/types\/post"}],"author":[{"embeddable":true,"href":"http:\/\/labestiadeportiva.com\/lbd\/wp-json\/wp\/v2\/users\/1"}],"replies":[{"embeddable":true,"href":"http:\/\/labestiadeportiva.com\/lbd\/wp-json\/wp\/v2\/comments?post=9151"}],"version-history":[{"count":3,"href":"http:\/\/labestiadeportiva.com\/lbd\/wp-json\/wp\/v2\/posts\/9151\/revisions"}],"predecessor-version":[{"id":9161,"href":"http:\/\/labestiadeportiva.com\/lbd\/wp-json\/wp\/v2\/posts\/9151\/revisions\/9161"}],"wp:featuredmedia":[{"embeddable":true,"href":"http:\/\/labestiadeportiva.com\/lbd\/wp-json\/wp\/v2\/media\/9152"}],"wp:attachment":[{"href":"http:\/\/labestiadeportiva.com\/lbd\/wp-json\/wp\/v2\/media?parent=9151"}],"wp:term":[{"taxonomy":"category","embeddable":true,"href":"http:\/\/labestiadeportiva.com\/lbd\/wp-json\/wp\/v2\/categories?post=9151"},{"taxonomy":"post_tag","embeddable":true,"href":"http:\/\/labestiadeportiva.com\/lbd\/wp-json\/wp\/v2\/tags?post=9151"}],"curies":[{"name":"wp","href":"https:\/\/api.w.org\/{rel}","templated":true}]}}