{"id":9444,"date":"2014-03-03T00:11:57","date_gmt":"2014-03-03T00:11:57","guid":{"rendered":"http:\/\/labestiadeportiva.com\/lbd\/?p=9444"},"modified":"2014-03-04T14:27:43","modified_gmt":"2014-03-04T14:27:43","slug":"concentracion-pumita-en-puerto-madryn","status":"publish","type":"post","link":"http:\/\/labestiadeportiva.com\/lbd\/concentracion-pumita-en-puerto-madryn\/","title":{"rendered":"Concentraci\u00f3n \u201cPumita\u201d en Puerto Madryn"},"content":{"rendered":"<p class=\"MsoNormal\">Por Mart\u00edn \u201cNegro\u201d Monte (Especial para LBD en Chubut)<\/p>\n<p class=\"MsoNormal\"><a href=\"http:\/\/labestiadeportiva.com\/lbd\/wp-content\/uploads\/2014\/03\/Pumitas-M20-Copa-en-Chubut-2014.jpg\"><img loading=\"lazy\" class=\"alignleft size-medium wp-image-9445\" title=\"Pumitas M20 Copa en Chubut 2014\" src=\"http:\/\/labestiadeportiva.com\/lbd\/wp-content\/uploads\/2014\/03\/Pumitas-M20-Copa-en-Chubut-2014-300x168.jpg\" alt=\"\" width=\"300\" height=\"168\" srcset=\"http:\/\/labestiadeportiva.com\/lbd\/wp-content\/uploads\/2014\/03\/Pumitas-M20-Copa-en-Chubut-2014-300x168.jpg 300w, http:\/\/labestiadeportiva.com\/lbd\/wp-content\/uploads\/2014\/03\/Pumitas-M20-Copa-en-Chubut-2014.jpg 470w\" sizes=\"(max-width: 300px) 100vw, 300px\" \/><\/a>Desde el lunes 24 de febrero al s\u00e1bado 1 de marzo se realiz\u00f3 en la localidad balnearia de la provincia de Chubut la<span style=\"mso-spacerun: yes;\">\u00a0 <\/span>concentraci\u00f3n del seleccionado juvenil de la UAR que se prepara para la cita mundialista en Nueva Zelanda. La foto interior es gentileza de Pablo Casas.<\/p>\n<p class=\"MsoNormal\"><span style=\"mso-spacerun: yes;\">\u00a0<\/span>Los jugadores nacionales realizaron intensas sesiones de entrenamientos en doble turno finalizando sus actividades el s\u00e1bado con un enfrentamiento amistoso ante Chubut 15, combinado de varios clubes de la provincia patag\u00f3nica.<!--morePara leer Click Aqu\u00ed--><\/p>\n<p class=\"MsoNormal\">El combinado provincial mostr\u00f3 una gran actitud, pero no pudo ante la gran producci\u00f3n de los M20 de la celeste y blanca quienes ganaron c\u00f3modamente por 86 a 0.<\/p>\n<p class=\"MsoNormal\">El plantel nacional es conducido por Rodolfo Ambrosio y Nicol\u00e1s Fern\u00e1ndez Lobbe y se encuentra en su preparaci\u00f3n final de cara al mundial que se realizar\u00e1 en el mes de junio.<\/p>\n<p class=\"MsoNormal\">La pr\u00f3xima semana las acciones se trasladar\u00e1n a la capital de la provincia de Buenos Aires donde el seleccionado juvenil se medir\u00e1 ante el primer equipo uruguayo.<\/p>\n<p class=\"MsoNormal\">En los \u00faltimos tres d\u00edas de la concentraci\u00f3n los integrantes del Cuerpo T\u00e9cnico Mauricio Reggiardo, Ricardo Lefort<span style=\"mso-spacerun: yes;\">\u00a0 <\/span>y Pablo Bouza, dictaron capacitaciones enfocadas al scrum , line y diferentes destrezas.<\/p>\n<p class=\"MsoNormal\"><a href=\"http:\/\/labestiadeportiva.com\/lbd\/wp-content\/uploads\/2014\/03\/DSC06084.jpg\"><img loading=\"lazy\" class=\"aligncenter size-medium wp-image-9474\" title=\"DSC06084\" src=\"http:\/\/labestiadeportiva.com\/lbd\/wp-content\/uploads\/2014\/03\/DSC06084-300x168.jpg\" alt=\"\" width=\"300\" height=\"168\" srcset=\"http:\/\/labestiadeportiva.com\/lbd\/wp-content\/uploads\/2014\/03\/DSC06084-300x168.jpg 300w, http:\/\/labestiadeportiva.com\/lbd\/wp-content\/uploads\/2014\/03\/DSC06084.jpg 448w\" sizes=\"(max-width: 300px) 100vw, 300px\" \/><\/a><\/p>\n<p class=\"MsoNormal\">\n<div class='epvc-post-count'><span class='epvc-eye'><\/span>  <span class=\"epvc-count\"> 1.029<\/span><span class='epvc-label'> veces le\u00edda<\/span><\/div>\n<div class=\"jwsharethis\">\nShare this: \n<br \/>\n<a href=\"mailto:?subject=Concentraci%C3%B3n%20%E2%80%9CPumita%E2%80%9D%20en%20Puerto%20Madryn&amp;body=http%3A%2F%2Flabestiadeportiva.com%2Flbd%2Fconcentracion-pumita-en-puerto-madryn%2F\">\n<img src=\"http:\/\/labestiadeportiva.com\/lbd\/wp-content\/plugins\/jw-share-this\/email.png\" alt=\"Share this page via Email\" \/>\n<\/a>\n<a target=\"_blank\" href=\"http:\/\/www.stumbleupon.com\/submit?url=http%3A%2F%2Flabestiadeportiva.com%2Flbd%2Fconcentracion-pumita-en-puerto-madryn%2F&amp;title=Concentraci%C3%B3n+%E2%80%9CPumita%E2%80%9D+en+Puerto+Madryn\">\n<img src=\"http:\/\/labestiadeportiva.com\/lbd\/wp-content\/plugins\/jw-share-this\/su.png\" alt=\"Share this page via Stumble Upon\" \/>\n<\/a>\n<a target=\"_blank\" href=\"http:\/\/digg.com\/submit?url=http%3A%2F%2Flabestiadeportiva.com%2Flbd%2Fconcentracion-pumita-en-puerto-madryn%2F&amp;title=Concentraci%C3%B3n+%E2%80%9CPumita%E2%80%9D+en+Puerto+Madryn\">\n<img src=\"http:\/\/labestiadeportiva.com\/lbd\/wp-content\/plugins\/jw-share-this\/digg.png\" alt=\"Share this page via Digg this\" \/>\n<\/a>\n<a target=\"_blank\" href=\"http:\/\/www.facebook.com\/sharer.php?u=http%3A%2F%2Flabestiadeportiva.com%2Flbd%2Fconcentracion-pumita-en-puerto-madryn%2F&amp;t=Concentraci%C3%B3n+%E2%80%9CPumita%E2%80%9D+en+Puerto+Madryn\">\n<img src=\"http:\/\/labestiadeportiva.com\/lbd\/wp-content\/plugins\/jw-share-this\/fb.png\" alt=\"Share this page via Facebook\" \/>\n<\/a>\n<a target=\"_blank\" href=\"http:\/\/twitter.com\/intent\/tweet?text=I+like+http%3A%2F%2Flabestiadeportiva.com%2Flbd%2Fconcentracion-pumita-en-puerto-madryn%2F&amp;title=Concentraci%C3%B3n+%E2%80%9CPumita%E2%80%9D+en+Puerto+Madryn\">\n<img src=\"http:\/\/labestiadeportiva.com\/lbd\/wp-content\/plugins\/jw-share-this\/twitter.png\" alt=\"Share this page via Twitter\" \/>\n<\/a>\n<\/div>\n","protected":false},"excerpt":{"rendered":"<p>Por Mart\u00edn \u201cNegro\u201d Monte (Especial para LBD en Chubut) Desde el lunes 24 de febrero al s\u00e1bado 1 de marzo se realiz\u00f3 en la localidad balnearia de la provincia de Chubut la\u00a0 concentraci\u00f3n del seleccionado juvenil de la UAR que se prepara para la cita mundialista en Nueva Zelanda. La foto interior es gentileza de &hellip; <a href=\"http:\/\/labestiadeportiva.com\/lbd\/concentracion-pumita-en-puerto-madryn\/\" class=\"more-link\">Seguir leyendo <span class=\"screen-reader-text\">Concentraci\u00f3n \u201cPumita\u201d en Puerto Madryn<\/span> <span class=\"meta-nav\">&rarr;<\/span><\/a><\/p>\n","protected":false},"author":1,"featured_media":9445,"comment_status":"open","ping_status":"open","sticky":false,"template":"","format":"standard","meta":[],"categories":[6,1],"tags":[1304,1303,1301,1302],"_links":{"self":[{"href":"http:\/\/labestiadeportiva.com\/lbd\/wp-json\/wp\/v2\/posts\/9444"}],"collection":[{"href":"http:\/\/labestiadeportiva.com\/lbd\/wp-json\/wp\/v2\/posts"}],"about":[{"href":"http:\/\/labestiadeportiva.com\/lbd\/wp-json\/wp\/v2\/types\/post"}],"author":[{"embeddable":true,"href":"http:\/\/labestiadeportiva.com\/lbd\/wp-json\/wp\/v2\/users\/1"}],"replies":[{"embeddable":true,"href":"http:\/\/labestiadeportiva.com\/lbd\/wp-json\/wp\/v2\/comments?post=9444"}],"version-history":[{"count":3,"href":"http:\/\/labestiadeportiva.com\/lbd\/wp-json\/wp\/v2\/posts\/9444\/revisions"}],"predecessor-version":[{"id":9473,"href":"http:\/\/labestiadeportiva.com\/lbd\/wp-json\/wp\/v2\/posts\/9444\/revisions\/9473"}],"wp:featuredmedia":[{"embeddable":true,"href":"http:\/\/labestiadeportiva.com\/lbd\/wp-json\/wp\/v2\/media\/9445"}],"wp:attachment":[{"href":"http:\/\/labestiadeportiva.com\/lbd\/wp-json\/wp\/v2\/media?parent=9444"}],"wp:term":[{"taxonomy":"category","embeddable":true,"href":"http:\/\/labestiadeportiva.com\/lbd\/wp-json\/wp\/v2\/categories?post=9444"},{"taxonomy":"post_tag","embeddable":true,"href":"http:\/\/labestiadeportiva.com\/lbd\/wp-json\/wp\/v2\/tags?post=9444"}],"curies":[{"name":"wp","href":"https:\/\/api.w.org\/{rel}","templated":true}]}}