{"id":9507,"date":"2014-03-05T21:14:19","date_gmt":"2014-03-05T21:14:19","guid":{"rendered":"http:\/\/labestiadeportiva.com\/lbd\/?p=9507"},"modified":"2014-03-06T21:26:26","modified_gmt":"2014-03-06T21:26:26","slug":"los-karts-pusieron-primera-con-novedades","status":"publish","type":"post","link":"http:\/\/labestiadeportiva.com\/lbd\/los-karts-pusieron-primera-con-novedades\/","title":{"rendered":"Los karts pusieron primera, con novedades"},"content":{"rendered":"<p><a href=\"http:\/\/labestiadeportiva.com\/lbd\/wp-content\/uploads\/2014\/03\/jm-izarra-zanella-jr.jpg\"><img loading=\"lazy\" class=\"alignleft size-medium wp-image-9508\" title=\"jm izarra - zanella jr\" src=\"http:\/\/labestiadeportiva.com\/lbd\/wp-content\/uploads\/2014\/03\/jm-izarra-zanella-jr-300x231.jpg\" alt=\"\" width=\"300\" height=\"231\" srcset=\"http:\/\/labestiadeportiva.com\/lbd\/wp-content\/uploads\/2014\/03\/jm-izarra-zanella-jr-300x231.jpg 300w, http:\/\/labestiadeportiva.com\/lbd\/wp-content\/uploads\/2014\/03\/jm-izarra-zanella-jr.jpg 1024w\" sizes=\"(max-width: 300px) 100vw, 300px\" \/><\/a>El pasado domingo se disput\u00f3 la fecha inicial del campeonato de la presente temporada organizado por la Asociaci\u00f3n Pro Karting Ushuaia 2000. Durante este a\u00f1o, despu\u00e9s de varios per\u00edodos, las asociaciones volver\u00e1n a correr campeonatos independientes. Algunos cambios reglamentarios y tres categor\u00edas en pista las principales modificaciones. 19 autos en l\u00ednea de largada, Marcos Agnes, Juan Mar\u00eda Izarra y Federico G\u00f3mez los ganadores. Las fotos son gentileza del colega y amigo Gustavo Carrasco.<!--more--><\/p>\n<p>La APKU 2000 inici\u00f3 sus actividades programadas para este 2014. Las novedades son muchas, la principal es que por ahora se terminaron los Campeonatos Provinciales, algo que verdaderamente lamentamos, porque somos de la idea que las disciplinas deportivas deber\u00edan competir juntas en toda la Tierra del Fuego. Esto ser\u00eda lo ideal aunque lamentablemente la realidad en muchos casos nos dice lo contrario.<\/p>\n<p>Las categor\u00edas que ver\u00e1n acci\u00f3n en la asociaci\u00f3n ushuaiense ser\u00e1n tres Stihl 60 c.c., Zanella Jrs. 125 c.c. (Con tope de edad hasta los 17 a\u00f1os y peso m\u00ednimo de 145 kilos) y\u00a0 Zanella Seniors 125 c.c. (para pilotos mayores de 18 a\u00f1os y m\u00e1s de 155 kilos en sus autos).<\/p>\n<p>Cambios tambi\u00e9n en el cronograma de carrera donde a partir de aqu\u00ed se realizar\u00e1n dos series y final. En la segunda manga se invierten las primeras seis colocaciones, mientras que en el segmento final se larga por sumatoria de tiempos logrados en dichas series.<\/p>\n<p>En cuanto a lo sucedido en pista Marcos Agnes marc\u00f3 el camino en el segmento menor, quien gan\u00f3 todo lo que corri\u00f3 el fin de semana se guido por Joaqu\u00edn Pereyra y Thiago Yerobi.<\/p>\n<p>En la categor\u00eda escuela fue de la partida la joven Luc\u00eda G\u00f3mez quien mostr\u00f3 que tiene pasta para acelerar logrando la cuarta ubicaci\u00f3n.<\/p>\n<p><a href=\"http:\/\/labestiadeportiva.com\/lbd\/wp-content\/uploads\/2014\/03\/Marcos-agnes-stihl.jpg\"><img loading=\"lazy\" class=\"aligncenter size-medium wp-image-9510\" title=\"Marcos agnes - stihl\" src=\"http:\/\/labestiadeportiva.com\/lbd\/wp-content\/uploads\/2014\/03\/Marcos-agnes-stihl-300x224.jpg\" alt=\"\" width=\"300\" height=\"224\" srcset=\"http:\/\/labestiadeportiva.com\/lbd\/wp-content\/uploads\/2014\/03\/Marcos-agnes-stihl-300x224.jpg 300w, http:\/\/labestiadeportiva.com\/lbd\/wp-content\/uploads\/2014\/03\/Marcos-agnes-stihl.jpg 448w\" sizes=\"(max-width: 300px) 100vw, 300px\" \/><\/a>En la\u00a0 Zanella Jrs. 125 el experimentado Juan Mar\u00eda Izarra volvi\u00f3 a ser noticia, mejor tiempo de clasificaci\u00f3n, primera serie mientras que en la segunda manga fue segundo muy cerca de Tom\u00e1s Agnes. Izarra sin inconvenientes se quedaba con la final acompa\u00f1ado en el podio por Franco Gim\u00e9nez e Ignacio Ateiro.<\/p>\n<p>En la Zanella Seniors 125 fue momento de regresos, Mat\u00edas Rodr\u00edguez y Federico G\u00f3mez volvieron a ponerse guantes y casco. Otra grata sorpresa fue el retorno a la ciudad y las pistas de Nicol\u00e1s Loiza. Estos condimentos extras le dieron un sabor especial a la categor\u00eda mayor.<\/p>\n<p>Javier Muniello hac\u00eda el mejor tiempo y ganaba la primera serie, G\u00f3mez triunfaba en la segunda mientras que en la final nuevamente G\u00f3mez lograba la victoria seguido por Loiza y Tabachi.<\/p>\n<p>La pr\u00f3xima cita oficial ser\u00e1 el domingo 30 de marzo, la APKU 2000 se puso en marcha dejando a sus pilotos asociados con la libertad de elegir donde competir pudiendo hacerlo en ambos campeonatos. No es un panorama ideal, principalmente para el p\u00fablico, pero algo es algo.<\/p>\n<p><a href=\"http:\/\/labestiadeportiva.com\/lbd\/wp-content\/uploads\/2014\/03\/Federico-gomez-1-zanella-senior.jpg\"><img loading=\"lazy\" class=\"aligncenter size-medium wp-image-9509\" title=\"Federico gomez - 1 zanella senior\" src=\"http:\/\/labestiadeportiva.com\/lbd\/wp-content\/uploads\/2014\/03\/Federico-gomez-1-zanella-senior-300x206.jpg\" alt=\"\" width=\"300\" height=\"206\" srcset=\"http:\/\/labestiadeportiva.com\/lbd\/wp-content\/uploads\/2014\/03\/Federico-gomez-1-zanella-senior-300x206.jpg 300w, http:\/\/labestiadeportiva.com\/lbd\/wp-content\/uploads\/2014\/03\/Federico-gomez-1-zanella-senior.jpg 448w\" sizes=\"(max-width: 300px) 100vw, 300px\" \/><\/a><\/p>\n<p><span style=\"color: #0000ff;\">Sthil 60 c.c.<\/span><br \/>\nPos. N\u00b0 Nombre Pts.<br \/>\n<span style=\"color: #ff0000;\">1\u00b0 1 Marcos Agnes 37<\/span><br \/>\n2\u00b0 11 Joaqu\u00edn Pereira 27<br \/>\n3\u00b0 4 Thiago Yerobi 20<br \/>\n4\u00b0 2 Lucia G\u00f3mez 13<br \/>\n5\u00b0 10 Von Mundhart 12<\/p>\n<p><span style=\"color: #0000ff;\">Zanella Juniors<\/span><br \/>\nPos. N\u00b0 Nombre Pts.<br \/>\n<span style=\"color: #ff0000;\">1\u00b0 2 Juan Mar\u00eda Izarra 35<\/span><br \/>\n2\u00b0 25 Franco Gim\u00e9nez 21<br \/>\n3\u00b0 7 Ignacio Ateiro 18<br \/>\n4\u00b0 61 Tomas Agnes 14<br \/>\n5\u00b0 12 Martin G\u00f3mez 2<\/p>\n<p><span style=\"color: #0000ff;\">Zanella Seniors<\/span><br \/>\nPos. N\u00b0 Nombre Pts.<br \/>\n<span style=\"color: #ff0000;\">1\u00b0 2 Federico G\u00f3mez\u00a0 30<\/span><br \/>\n2\u00b0 9 Nicol\u00e1s Loiza 21<br \/>\n3\u00b0 41 Mat\u00edas Rodr\u00edguez 18<br \/>\n4\u00b0 30 Javier Muniello 17<br \/>\n5\u00b0 33 Sebasti\u00e1n Tabachi 14<br \/>\n6\u00b0 5 Fernando Rodr\u00edguez 13<br \/>\n7\u00b0 22 Hugo Biroccio 10<br \/>\n8\u00b0 14 Mat\u00edas Osorio\u00a0 6<br \/>\n9\u00b0 8 Guillermo Sarena 1<\/p>\n<div class='epvc-post-count'><span class='epvc-eye'><\/span>  <span class=\"epvc-count\"> 2.159<\/span><span class='epvc-label'> veces le\u00edda<\/span><\/div>\n<div class=\"jwsharethis\">\nShare this: \n<br \/>\n<a href=\"mailto:?subject=Los%20karts%20pusieron%20primera%2C%20con%20novedades&amp;body=http%3A%2F%2Flabestiadeportiva.com%2Flbd%2Flos-karts-pusieron-primera-con-novedades%2F\">\n<img src=\"http:\/\/labestiadeportiva.com\/lbd\/wp-content\/plugins\/jw-share-this\/email.png\" alt=\"Share this page via Email\" \/>\n<\/a>\n<a target=\"_blank\" href=\"http:\/\/www.stumbleupon.com\/submit?url=http%3A%2F%2Flabestiadeportiva.com%2Flbd%2Flos-karts-pusieron-primera-con-novedades%2F&amp;title=Los+karts+pusieron+primera%2C+con+novedades\">\n<img src=\"http:\/\/labestiadeportiva.com\/lbd\/wp-content\/plugins\/jw-share-this\/su.png\" alt=\"Share this page via Stumble Upon\" \/>\n<\/a>\n<a target=\"_blank\" href=\"http:\/\/digg.com\/submit?url=http%3A%2F%2Flabestiadeportiva.com%2Flbd%2Flos-karts-pusieron-primera-con-novedades%2F&amp;title=Los+karts+pusieron+primera%2C+con+novedades\">\n<img src=\"http:\/\/labestiadeportiva.com\/lbd\/wp-content\/plugins\/jw-share-this\/digg.png\" alt=\"Share this page via Digg this\" \/>\n<\/a>\n<a target=\"_blank\" href=\"http:\/\/www.facebook.com\/sharer.php?u=http%3A%2F%2Flabestiadeportiva.com%2Flbd%2Flos-karts-pusieron-primera-con-novedades%2F&amp;t=Los+karts+pusieron+primera%2C+con+novedades\">\n<img src=\"http:\/\/labestiadeportiva.com\/lbd\/wp-content\/plugins\/jw-share-this\/fb.png\" alt=\"Share this page via Facebook\" \/>\n<\/a>\n<a target=\"_blank\" href=\"http:\/\/twitter.com\/intent\/tweet?text=I+like+http%3A%2F%2Flabestiadeportiva.com%2Flbd%2Flos-karts-pusieron-primera-con-novedades%2F&amp;title=Los+karts+pusieron+primera%2C+con+novedades\">\n<img src=\"http:\/\/labestiadeportiva.com\/lbd\/wp-content\/plugins\/jw-share-this\/twitter.png\" alt=\"Share this page via Twitter\" \/>\n<\/a>\n<\/div>\n","protected":false},"excerpt":{"rendered":"<p>El pasado domingo se disput\u00f3 la fecha inicial del campeonato de la presente temporada organizado por la Asociaci\u00f3n Pro Karting Ushuaia 2000. Durante este a\u00f1o, despu\u00e9s de varios per\u00edodos, las asociaciones volver\u00e1n a correr campeonatos independientes. Algunos cambios reglamentarios y tres categor\u00edas en pista las principales modificaciones. 19 autos en l\u00ednea de largada, Marcos Agnes, &hellip; <a href=\"http:\/\/labestiadeportiva.com\/lbd\/los-karts-pusieron-primera-con-novedades\/\" class=\"more-link\">Seguir leyendo <span class=\"screen-reader-text\">Los karts pusieron primera, con novedades<\/span> <span class=\"meta-nav\">&rarr;<\/span><\/a><\/p>\n","protected":false},"author":1,"featured_media":9508,"comment_status":"open","ping_status":"open","sticky":false,"template":"","format":"standard","meta":[],"categories":[5,1],"tags":[738,192,1311],"_links":{"self":[{"href":"http:\/\/labestiadeportiva.com\/lbd\/wp-json\/wp\/v2\/posts\/9507"}],"collection":[{"href":"http:\/\/labestiadeportiva.com\/lbd\/wp-json\/wp\/v2\/posts"}],"about":[{"href":"http:\/\/labestiadeportiva.com\/lbd\/wp-json\/wp\/v2\/types\/post"}],"author":[{"embeddable":true,"href":"http:\/\/labestiadeportiva.com\/lbd\/wp-json\/wp\/v2\/users\/1"}],"replies":[{"embeddable":true,"href":"http:\/\/labestiadeportiva.com\/lbd\/wp-json\/wp\/v2\/comments?post=9507"}],"version-history":[{"count":4,"href":"http:\/\/labestiadeportiva.com\/lbd\/wp-json\/wp\/v2\/posts\/9507\/revisions"}],"predecessor-version":[{"id":9525,"href":"http:\/\/labestiadeportiva.com\/lbd\/wp-json\/wp\/v2\/posts\/9507\/revisions\/9525"}],"wp:featuredmedia":[{"embeddable":true,"href":"http:\/\/labestiadeportiva.com\/lbd\/wp-json\/wp\/v2\/media\/9508"}],"wp:attachment":[{"href":"http:\/\/labestiadeportiva.com\/lbd\/wp-json\/wp\/v2\/media?parent=9507"}],"wp:term":[{"taxonomy":"category","embeddable":true,"href":"http:\/\/labestiadeportiva.com\/lbd\/wp-json\/wp\/v2\/categories?post=9507"},{"taxonomy":"post_tag","embeddable":true,"href":"http:\/\/labestiadeportiva.com\/lbd\/wp-json\/wp\/v2\/tags?post=9507"}],"curies":[{"name":"wp","href":"https:\/\/api.w.org\/{rel}","templated":true}]}}