{"id":9513,"date":"2014-03-06T13:25:52","date_gmt":"2014-03-06T13:25:52","guid":{"rendered":"http:\/\/labestiadeportiva.com\/lbd\/?p=9513"},"modified":"2014-03-06T13:30:53","modified_gmt":"2014-03-06T13:30:53","slug":"acreditacion-reunion-informativa-y-presentacion-oficial","status":"publish","type":"post","link":"http:\/\/labestiadeportiva.com\/lbd\/acreditacion-reunion-informativa-y-presentacion-oficial\/","title":{"rendered":"Acreditaci\u00f3n, reuni\u00f3n informativa y presentaci\u00f3n oficial"},"content":{"rendered":"<p class=\"MsoNormal\" style=\"margin-bottom: .0001pt;\"><a href=\"http:\/\/labestiadeportiva.com\/lbd\/wp-content\/uploads\/2014\/03\/DSC5684.jpg\"><img loading=\"lazy\" class=\"alignleft size-medium wp-image-9514\" title=\"_DSC5684\" src=\"http:\/\/labestiadeportiva.com\/lbd\/wp-content\/uploads\/2014\/03\/DSC5684-300x199.jpg\" alt=\"\" width=\"300\" height=\"199\" srcset=\"http:\/\/labestiadeportiva.com\/lbd\/wp-content\/uploads\/2014\/03\/DSC5684-300x199.jpg 300w, http:\/\/labestiadeportiva.com\/lbd\/wp-content\/uploads\/2014\/03\/DSC5684.jpg 448w\" sizes=\"(max-width: 300px) 100vw, 300px\" \/><\/a>Ser\u00e1 este viernes 7 desde las cinco de la tarde en el Shopping Paseo del Fuego. De esta forma se debelar\u00e1n todos los misterios de la 2\u00b0 edici\u00f3n de verano del \u201cDesaf\u00edo Ushuaia\u201d. Las actividades estar\u00e1n destinadas a participantes y p\u00fablico en general. Se abordar\u00e1n aspectos que tienen que ver con esta nueva edici\u00f3n donde los organizadores har\u00e1n entrega de la hoja de ruta. La prueba tendr\u00e1 52 k de recorrido, 20 pedrestre y 32 en bicicletas de monta\u00f1a, poni\u00e9ndose en marcha el s\u00e1bado a partir de las 7.30 de la ma\u00f1ana. Se duplic\u00f3 el n\u00famero de equipos respecto a la edici\u00f3n 2013. Fuente y fotos prensa DSH.<!--more--><\/p>\n<p class=\"MsoNormal\" style=\"margin-bottom: .0001pt;\">Se han recibido 50 inscripciones de equipos conformados<span style=\"mso-spacerun: yes;\">\u00a0 <\/span>por deportistas locales, nacionales e internacionales.<span style=\"mso-spacerun: yes;\">\u00a0 <\/span>Promediando la semana pasada la organizaci\u00f3n dio cierre al cupo, evidenciando una gran participaci\u00f3n. Se dar\u00e1 inicio a una nueva fecha de este evento deportivo, tur\u00edstico y social sin precedentes, el mismo se largar\u00e1 el d\u00eda s\u00e1bado y transcurrir\u00e1 por terreno de monta\u00f1a espec\u00edficamente dise\u00f1ado por especialistas en las distintas disciplinas que conforman cada etapa, para brindar un circuito de calidad, aprovechando nuestro maravilloso entorno natural.<\/p>\n<p class=\"MsoNormal\" style=\"margin-bottom: .0001pt;\">La presentaci\u00f3n oficial ser\u00e1 en rueda de prensa en el Shopping Paseo del Fuego desde a las 19 horas del viernes 7 de marzo. Contar\u00e1 con la participaci\u00f3n de los atletas, autoridades de turismo, el Intendente de Ushuaia, representantes de los diferentes patrocinadores y colaboradores e interesados en general, la misma estar\u00e1 a cargo de los organizadores Pablo Valcheff y Daniel Catania, quienes expondr\u00e1n los fundamentos que dieron origen a esta nueva aventura que se desarrollar\u00e1 en terreno fueguino, destacando el aporte deportivo, tur\u00edstico y social que representa esta iniciativa, consolidando el objetivo de ofrecer a la comunidad local y a quienes nos visitan una propuesta diferente.<\/p>\n<p class=\"MsoNormal\" style=\"margin-bottom: .0001pt;\">Daniel Catania, director de la prueba, coment\u00f3 que entre otras cosas, que en la reuni\u00f3n se tratar\u00e1n temas relacionados con los aspectos multidisciplinarios, adem\u00e1s de comentar detalles y condiciones de la carrera. Se har\u00e1 un breve repaso de las cuestiones t\u00e9cnicas y estrat\u00e9gicas de esta fecha, por otra parte el eje de esta reuni\u00f3n tendr\u00e1 como objetivo dar inicio oficial mediante el aporte de datos espec\u00edficos y la revelaci\u00f3n del circuito para los corredores, horas antes de la largada, modalidad que es caracter\u00edstica en este tipo de pruebas.<\/p>\n<p class=\"MsoNormal\" style=\"margin-bottom: .0001pt;\"><a href=\"http:\/\/labestiadeportiva.com\/lbd\/wp-content\/uploads\/2014\/03\/DSC6180.jpg\"><img loading=\"lazy\" class=\"aligncenter size-medium wp-image-9515\" title=\"_DSC6180\" src=\"http:\/\/labestiadeportiva.com\/lbd\/wp-content\/uploads\/2014\/03\/DSC6180-300x199.jpg\" alt=\"\" width=\"300\" height=\"199\" srcset=\"http:\/\/labestiadeportiva.com\/lbd\/wp-content\/uploads\/2014\/03\/DSC6180-300x199.jpg 300w, http:\/\/labestiadeportiva.com\/lbd\/wp-content\/uploads\/2014\/03\/DSC6180.jpg 448w\" sizes=\"(max-width: 300px) 100vw, 300px\" \/><\/a><\/p>\n<p class=\"MsoNormal\" style=\"margin-bottom: .0001pt;\">Pablo Valcheff nos adelant\u00f3 que la participaci\u00f3n aumenta en cada evento, la expectativa es muy grande, teniendo en cuenta que se est\u00e1<span style=\"mso-spacerun: yes;\">\u00a0 <\/span>promoviendo y desarrollando un bien propicio para nuestra comunidad en torno a beneficios econ\u00f3micos, culturales, tur\u00edsticos y sociales.<\/p>\n<p class=\"MsoNormal\" style=\"margin-bottom: .0001pt;\">Se incentiva a la comunidad en general a participar haciendo hincapi\u00e9 en el verdadero sentido del deporte dejando la competencia neta en un segundo plano, para demostrar que el principal fin del evento no solo es plantearse desaf\u00edos como en la vida misma y descubrirse a s\u00ed mismo, si no hacerlo en un entorno de inigualable belleza y en un contexto social que tiene que ver con la vida en la naturaleza.<\/p>\n<p class=\"MsoNormal\" style=\"margin-bottom: .0001pt;\">Queda demostrado de esta manera, que este proyecto est\u00e1 a la altura de las circunstancias, m\u00e1s all\u00e1 de realizarse en un ambiente \u00f3ptimo,<span style=\"mso-spacerun: yes;\">\u00a0 <\/span>respondiendo a las exigencias de deportistas y aventureros. Pablo Valcheff\u00a0 destac\u00f3 el gran compromiso y el acompa\u00f1amiento que han tenido de parte de los patrocinadores siendo clave para este tipo de acontecimientos, la confianza de empresas locales y naciones es crucial para la realizaci\u00f3n del \u201cDesaf\u00edo Ushuaia\u201d.<\/p>\n<p class=\"MsoNormal\" style=\"margin-bottom: .0001pt;\">Es por ello que los organizadores quieren agradecer de manera especial al main sponsor Salomon a trav\u00e9s de Popper, Tante Sara, Optitech, Municipalidad de Ushuaia, Infuetur, Heli Ushuaia, Cl\u00ednica San Jorge, Ushuaia Mobil, Relojer\u00eda Titanium, Paseo del Fuego y Gatorade.<\/p>\n<p class=\"MsoNormal\" style=\"margin-bottom: .0001pt;\"><a href=\"http:\/\/labestiadeportiva.com\/lbd\/wp-content\/uploads\/2014\/03\/IMG_5454.jpg\"><img loading=\"lazy\" class=\"aligncenter size-medium wp-image-9516\" title=\"IMG_5454\" src=\"http:\/\/labestiadeportiva.com\/lbd\/wp-content\/uploads\/2014\/03\/IMG_5454-300x200.jpg\" alt=\"\" width=\"300\" height=\"200\" srcset=\"http:\/\/labestiadeportiva.com\/lbd\/wp-content\/uploads\/2014\/03\/IMG_5454-300x200.jpg 300w, http:\/\/labestiadeportiva.com\/lbd\/wp-content\/uploads\/2014\/03\/IMG_5454.jpg 448w\" sizes=\"(max-width: 300px) 100vw, 300px\" \/><\/a><\/p>\n<div class='epvc-post-count'><span class='epvc-eye'><\/span>  <span class=\"epvc-count\"> 921<\/span><span class='epvc-label'> veces le\u00edda<\/span><\/div>\n<div class=\"jwsharethis\">\nShare this: \n<br \/>\n<a href=\"mailto:?subject=Acreditaci%C3%B3n%2C%20reuni%C3%B3n%20informativa%20y%20presentaci%C3%B3n%20oficial&amp;body=http%3A%2F%2Flabestiadeportiva.com%2Flbd%2Facreditacion-reunion-informativa-y-presentacion-oficial%2F\">\n<img src=\"http:\/\/labestiadeportiva.com\/lbd\/wp-content\/plugins\/jw-share-this\/email.png\" alt=\"Share this page via Email\" \/>\n<\/a>\n<a target=\"_blank\" href=\"http:\/\/www.stumbleupon.com\/submit?url=http%3A%2F%2Flabestiadeportiva.com%2Flbd%2Facreditacion-reunion-informativa-y-presentacion-oficial%2F&amp;title=Acreditaci%C3%B3n%2C+reuni%C3%B3n+informativa+y+presentaci%C3%B3n+oficial\">\n<img src=\"http:\/\/labestiadeportiva.com\/lbd\/wp-content\/plugins\/jw-share-this\/su.png\" alt=\"Share this page via Stumble Upon\" \/>\n<\/a>\n<a target=\"_blank\" href=\"http:\/\/digg.com\/submit?url=http%3A%2F%2Flabestiadeportiva.com%2Flbd%2Facreditacion-reunion-informativa-y-presentacion-oficial%2F&amp;title=Acreditaci%C3%B3n%2C+reuni%C3%B3n+informativa+y+presentaci%C3%B3n+oficial\">\n<img src=\"http:\/\/labestiadeportiva.com\/lbd\/wp-content\/plugins\/jw-share-this\/digg.png\" alt=\"Share this page via Digg this\" \/>\n<\/a>\n<a target=\"_blank\" href=\"http:\/\/www.facebook.com\/sharer.php?u=http%3A%2F%2Flabestiadeportiva.com%2Flbd%2Facreditacion-reunion-informativa-y-presentacion-oficial%2F&amp;t=Acreditaci%C3%B3n%2C+reuni%C3%B3n+informativa+y+presentaci%C3%B3n+oficial\">\n<img src=\"http:\/\/labestiadeportiva.com\/lbd\/wp-content\/plugins\/jw-share-this\/fb.png\" alt=\"Share this page via Facebook\" \/>\n<\/a>\n<a target=\"_blank\" href=\"http:\/\/twitter.com\/intent\/tweet?text=I+like+http%3A%2F%2Flabestiadeportiva.com%2Flbd%2Facreditacion-reunion-informativa-y-presentacion-oficial%2F&amp;title=Acreditaci%C3%B3n%2C+reuni%C3%B3n+informativa+y+presentaci%C3%B3n+oficial\">\n<img src=\"http:\/\/labestiadeportiva.com\/lbd\/wp-content\/plugins\/jw-share-this\/twitter.png\" alt=\"Share this page via Twitter\" \/>\n<\/a>\n<\/div>\n","protected":false},"excerpt":{"rendered":"<p>Ser\u00e1 este viernes 7 desde las cinco de la tarde en el Shopping Paseo del Fuego. De esta forma se debelar\u00e1n todos los misterios de la 2\u00b0 edici\u00f3n de verano del \u201cDesaf\u00edo Ushuaia\u201d. Las actividades estar\u00e1n destinadas a participantes y p\u00fablico en general. Se abordar\u00e1n aspectos que tienen que ver con esta nueva edici\u00f3n donde &hellip; <a href=\"http:\/\/labestiadeportiva.com\/lbd\/acreditacion-reunion-informativa-y-presentacion-oficial\/\" class=\"more-link\">Seguir leyendo <span class=\"screen-reader-text\">Acreditaci\u00f3n, reuni\u00f3n informativa y presentaci\u00f3n oficial<\/span> <span class=\"meta-nav\">&rarr;<\/span><\/a><\/p>\n","protected":false},"author":1,"featured_media":9514,"comment_status":"open","ping_status":"open","sticky":false,"template":"","format":"standard","meta":[],"categories":[5,4,6,1],"tags":[1312,1270,1313],"_links":{"self":[{"href":"http:\/\/labestiadeportiva.com\/lbd\/wp-json\/wp\/v2\/posts\/9513"}],"collection":[{"href":"http:\/\/labestiadeportiva.com\/lbd\/wp-json\/wp\/v2\/posts"}],"about":[{"href":"http:\/\/labestiadeportiva.com\/lbd\/wp-json\/wp\/v2\/types\/post"}],"author":[{"embeddable":true,"href":"http:\/\/labestiadeportiva.com\/lbd\/wp-json\/wp\/v2\/users\/1"}],"replies":[{"embeddable":true,"href":"http:\/\/labestiadeportiva.com\/lbd\/wp-json\/wp\/v2\/comments?post=9513"}],"version-history":[{"count":2,"href":"http:\/\/labestiadeportiva.com\/lbd\/wp-json\/wp\/v2\/posts\/9513\/revisions"}],"predecessor-version":[{"id":9518,"href":"http:\/\/labestiadeportiva.com\/lbd\/wp-json\/wp\/v2\/posts\/9513\/revisions\/9518"}],"wp:featuredmedia":[{"embeddable":true,"href":"http:\/\/labestiadeportiva.com\/lbd\/wp-json\/wp\/v2\/media\/9514"}],"wp:attachment":[{"href":"http:\/\/labestiadeportiva.com\/lbd\/wp-json\/wp\/v2\/media?parent=9513"}],"wp:term":[{"taxonomy":"category","embeddable":true,"href":"http:\/\/labestiadeportiva.com\/lbd\/wp-json\/wp\/v2\/categories?post=9513"},{"taxonomy":"post_tag","embeddable":true,"href":"http:\/\/labestiadeportiva.com\/lbd\/wp-json\/wp\/v2\/tags?post=9513"}],"curies":[{"name":"wp","href":"https:\/\/api.w.org\/{rel}","templated":true}]}}