{"id":9961,"date":"2014-03-31T04:56:00","date_gmt":"2014-03-31T04:56:00","guid":{"rendered":"http:\/\/labestiadeportiva.com\/lbd\/?p=9961"},"modified":"2014-03-31T04:56:00","modified_gmt":"2014-03-31T04:56:00","slug":"historica-actuacion","status":"publish","type":"post","link":"http:\/\/labestiadeportiva.com\/lbd\/historica-actuacion\/","title":{"rendered":"Hist\u00f3rica actuaci\u00f3n"},"content":{"rendered":"<p class=\"MsoNormal\" style=\"margin-bottom: .0001pt;\">Por Mart\u00edn \u201cNegro\u201d Monte (Rugby para LBD desde San Luis)<\/p>\n<p class=\"MsoNormal\" style=\"margin-bottom: .0001pt;\"><a href=\"http:\/\/labestiadeportiva.com\/lbd\/wp-content\/uploads\/2014\/03\/la-foto.jpg\"><img loading=\"lazy\" class=\"alignleft size-medium wp-image-9962\" title=\"la foto\" src=\"http:\/\/labestiadeportiva.com\/lbd\/wp-content\/uploads\/2014\/03\/la-foto-300x145.jpg\" alt=\"\" width=\"300\" height=\"145\" srcset=\"http:\/\/labestiadeportiva.com\/lbd\/wp-content\/uploads\/2014\/03\/la-foto-300x145.jpg 300w, http:\/\/labestiadeportiva.com\/lbd\/wp-content\/uploads\/2014\/03\/la-foto.jpg 448w\" sizes=\"(max-width: 300px) 100vw, 300px\" \/><\/a>Gran producci\u00f3n del equipo superior de la URTF en el \u201cSuper 9\u201d de San Luis. Meritorio tercer puesto. Las \u00faltimas victorias sobre UROBA y UREBA se remontan a la gira realizada en el a\u00f1o 2002. Asimismo los juveniles M17 tambi\u00e9n lograron el tercer escal\u00f3n del podio, sobre ellos ampliaremos en la pr\u00f3xima nota. <span style=\"mso-spacerun: yes;\">\u00a0<\/span><span style=\"mso-spacerun: yes;\">\u00a0<\/span><\/p>\n<p class=\"MsoNormal\" style=\"margin-bottom: .0001pt;\">Con un trabajo de fowars, que fue fundamental, la selecci\u00f3n provincial comenz\u00f3 el d\u00eda gan\u00e1ndole categ\u00f3ricamente al local San Luis por 27 a 5<span style=\"mso-spacerun: yes;\">\u00a0 <\/span>obteniendo punto bonus. Solo le quedaba tratar de repetir en el pr\u00f3ximo partido ante el siempre candidato C\u00f3rdoba para acceder a la final, lamentablemente se cay\u00f3 por un ajustado 12 a 11.<!--more--><\/p>\n<p class=\"MsoNormal\" style=\"margin-bottom: .0001pt;\">El encuentro ante los cordobeses comenzaba de<span style=\"mso-spacerun: yes;\">\u00a0 <\/span>con un try en contra y 7 a 0 luego<span style=\"mso-spacerun: yes;\">\u00a0 <\/span>Santoro convert\u00eda un penal, a los pocos minutos el maul letal de los de TDF les daba un try<span style=\"mso-spacerun: yes;\">\u00a0 <\/span>llevando a los fueguinos al descanso arriba por 8 a 7.<\/p>\n<p class=\"MsoNormal\" style=\"margin-bottom: .0001pt;\">A los 10 minutos C\u00f3rdoba realizaba un nuevo try pasando al frente nuevamente, esta vez por 12 a 8, un nuevo penal de Santoro dejaba las acciones en el definitivo 12 a 11.<\/p>\n<p class=\"MsoNormal\" style=\"margin-bottom: .0001pt;\">Misi\u00f3n cumplida para los patag\u00f3nicos que se propusieron ser protagonistas y as\u00ed lo hicieron. Gran imagen dejada por un extraordinario grupo. Excelentes resultados que motivan a seguir trabajando en pos de seguir subiendo de nivel.<\/p>\n<p class=\"MsoNormal\" style=\"margin-bottom: .0001pt;\">UROBA quedo primero en la zona pasando a la final por el ascenso, que luego perdi\u00f3 ante <span style=\"mso-spacerun: yes;\">\u00a0<\/span>misiones.<\/p>\n<p class=\"MsoNormal\" style=\"margin-bottom: .0001pt;\">Entre los datos estad\u00edsticos podemos citar que hac\u00eda 12 a\u00f1os que no se lograba un triunfo sobre UROBA<span style=\"mso-spacerun: yes;\">\u00a0 <\/span>y fue la primera victoria ante los due\u00f1os de casa, San Luis.<\/p>\n<p class=\"MsoNormal\" style=\"margin-bottom: .0001pt;\"><span style=\"color: #ff0000;\">El Plantel Fueguino<\/span><\/p>\n<p class=\"MsoNormal\" style=\"margin-bottom: .0001pt;\"><span style=\"color: #0000ff;\">Bruno Pani, Manuel Pascual, Emiliano Arguello, Humberto \u201cTarta\u201d Godoy, Francisco Larminat, Leonardo Bassetti, Jos\u00e9 Cort\u00e9s, Francisco Santoro, Ramiro Santoro, Franco Isorna, Nicol\u00e1s Scotto, Nicol\u00e1s Loiacono, Patricio Alonso, Agust\u00edn Zscpanxki, Cristian Garc\u00eda, Jos\u00e9 Luis Araya, Fabi\u00e1n Figueredo, Ariel Molina, Santiago Lotz, Gast\u00f3n Ben\u00edtez Castellanos, Thomas Fotheringham, Denis Alvarenga. <\/span>Cuerpo T\u00e9cnico: Fernando Canova, Mario Saucedo.<\/p>\n<div class='epvc-post-count'><span class='epvc-eye'><\/span>  <span class=\"epvc-count\"> 1.153<\/span><span class='epvc-label'> veces le\u00edda<\/span><\/div>\n<div class=\"jwsharethis\">\nShare this: \n<br \/>\n<a href=\"mailto:?subject=Hist%C3%B3rica%20actuaci%C3%B3n&amp;body=http%3A%2F%2Flabestiadeportiva.com%2Flbd%2Fhistorica-actuacion%2F\">\n<img src=\"http:\/\/labestiadeportiva.com\/lbd\/wp-content\/plugins\/jw-share-this\/email.png\" alt=\"Share this page via Email\" \/>\n<\/a>\n<a target=\"_blank\" href=\"http:\/\/www.stumbleupon.com\/submit?url=http%3A%2F%2Flabestiadeportiva.com%2Flbd%2Fhistorica-actuacion%2F&amp;title=Hist%C3%B3rica+actuaci%C3%B3n\">\n<img src=\"http:\/\/labestiadeportiva.com\/lbd\/wp-content\/plugins\/jw-share-this\/su.png\" alt=\"Share this page via Stumble Upon\" \/>\n<\/a>\n<a target=\"_blank\" href=\"http:\/\/digg.com\/submit?url=http%3A%2F%2Flabestiadeportiva.com%2Flbd%2Fhistorica-actuacion%2F&amp;title=Hist%C3%B3rica+actuaci%C3%B3n\">\n<img src=\"http:\/\/labestiadeportiva.com\/lbd\/wp-content\/plugins\/jw-share-this\/digg.png\" alt=\"Share this page via Digg this\" \/>\n<\/a>\n<a target=\"_blank\" href=\"http:\/\/www.facebook.com\/sharer.php?u=http%3A%2F%2Flabestiadeportiva.com%2Flbd%2Fhistorica-actuacion%2F&amp;t=Hist%C3%B3rica+actuaci%C3%B3n\">\n<img src=\"http:\/\/labestiadeportiva.com\/lbd\/wp-content\/plugins\/jw-share-this\/fb.png\" alt=\"Share this page via Facebook\" \/>\n<\/a>\n<a target=\"_blank\" href=\"http:\/\/twitter.com\/intent\/tweet?text=I+like+http%3A%2F%2Flabestiadeportiva.com%2Flbd%2Fhistorica-actuacion%2F&amp;title=Hist%C3%B3rica+actuaci%C3%B3n\">\n<img src=\"http:\/\/labestiadeportiva.com\/lbd\/wp-content\/plugins\/jw-share-this\/twitter.png\" alt=\"Share this page via Twitter\" \/>\n<\/a>\n<\/div>\n","protected":false},"excerpt":{"rendered":"<p>Por Mart\u00edn \u201cNegro\u201d Monte (Rugby para LBD desde San Luis) Gran producci\u00f3n del equipo superior de la URTF en el \u201cSuper 9\u201d de San Luis. Meritorio tercer puesto. Las \u00faltimas victorias sobre UROBA y UREBA se remontan a la gira realizada en el a\u00f1o 2002. Asimismo los juveniles M17 tambi\u00e9n lograron el tercer escal\u00f3n del &hellip; <a href=\"http:\/\/labestiadeportiva.com\/lbd\/historica-actuacion\/\" class=\"more-link\">Seguir leyendo <span class=\"screen-reader-text\">Hist\u00f3rica actuaci\u00f3n<\/span> <span class=\"meta-nav\">&rarr;<\/span><\/a><\/p>\n","protected":false},"author":1,"featured_media":9962,"comment_status":"open","ping_status":"open","sticky":false,"template":"","format":"standard","meta":[],"categories":[5,6,1],"tags":[190,1369,535,1082,191],"_links":{"self":[{"href":"http:\/\/labestiadeportiva.com\/lbd\/wp-json\/wp\/v2\/posts\/9961"}],"collection":[{"href":"http:\/\/labestiadeportiva.com\/lbd\/wp-json\/wp\/v2\/posts"}],"about":[{"href":"http:\/\/labestiadeportiva.com\/lbd\/wp-json\/wp\/v2\/types\/post"}],"author":[{"embeddable":true,"href":"http:\/\/labestiadeportiva.com\/lbd\/wp-json\/wp\/v2\/users\/1"}],"replies":[{"embeddable":true,"href":"http:\/\/labestiadeportiva.com\/lbd\/wp-json\/wp\/v2\/comments?post=9961"}],"version-history":[{"count":1,"href":"http:\/\/labestiadeportiva.com\/lbd\/wp-json\/wp\/v2\/posts\/9961\/revisions"}],"predecessor-version":[{"id":9963,"href":"http:\/\/labestiadeportiva.com\/lbd\/wp-json\/wp\/v2\/posts\/9961\/revisions\/9963"}],"wp:featuredmedia":[{"embeddable":true,"href":"http:\/\/labestiadeportiva.com\/lbd\/wp-json\/wp\/v2\/media\/9962"}],"wp:attachment":[{"href":"http:\/\/labestiadeportiva.com\/lbd\/wp-json\/wp\/v2\/media?parent=9961"}],"wp:term":[{"taxonomy":"category","embeddable":true,"href":"http:\/\/labestiadeportiva.com\/lbd\/wp-json\/wp\/v2\/categories?post=9961"},{"taxonomy":"post_tag","embeddable":true,"href":"http:\/\/labestiadeportiva.com\/lbd\/wp-json\/wp\/v2\/tags?post=9961"}],"curies":[{"name":"wp","href":"https:\/\/api.w.org\/{rel}","templated":true}]}}