{"id":10179,"date":"2014-04-08T22:14:29","date_gmt":"2014-04-08T22:14:29","guid":{"rendered":"http:\/\/labestiadeportiva.com\/lbd\/?p=10179"},"modified":"2014-04-08T22:14:29","modified_gmt":"2014-04-08T22:14:29","slug":"felicidade-nao-tem-fim","status":"publish","type":"post","link":"https:\/\/labestiadeportiva.com\/lbd\/felicidade-nao-tem-fim\/","title":{"rendered":"\u201cFelicidade nao tem fim\u201d"},"content":{"rendered":"<p><a href=\"http:\/\/labestiadeportiva.com\/lbd\/wp-content\/uploads\/2014\/04\/MG_9967.jpg\"><img loading=\"lazy\" class=\"alignleft size-medium wp-image-10180\" title=\"_MG_9967\" src=\"http:\/\/labestiadeportiva.com\/lbd\/wp-content\/uploads\/2014\/04\/MG_9967-300x173.jpg\" alt=\"\" width=\"300\" height=\"173\" srcset=\"https:\/\/labestiadeportiva.com\/lbd\/wp-content\/uploads\/2014\/04\/MG_9967-300x173.jpg 300w, https:\/\/labestiadeportiva.com\/lbd\/wp-content\/uploads\/2014\/04\/MG_9967.jpg 448w\" sizes=\"(max-width: 300px) 100vw, 300px\" \/><\/a>El pasado domingo se disput\u00f3 en Ushuaia la competencia Mountain Do Fim Do Mundo a cargo de la empresa brasilera Sports Do. 690 participantes en las pruebas de 42,21 y 10 k. El santafesino Javier Secco (2h 39\u00b425\u00b4\u00b4) y la brasilera Rovana Lampet (3h 30\u00b443\u00b4\u00b4) ganaron el marat\u00f3n. S\u00e1, Cardoso, Santos y Morais vencieron en sus segmentos. Impecable organizaci\u00f3n para la primera fecha del circuito que visitar\u00e1 distintas localidades de Brasil como as\u00ed tambi\u00e9n el desierto de Atacama en Chile. Desde LBD agradecemos especialmente a Heliushuaia por la posibilidad de permitirnos hacer im\u00e1genes desde el aire.<!--more--><\/p>\n<p><a href=\"http:\/\/labestiadeportiva.com\/lbd\/wp-content\/uploads\/2014\/04\/MG_9988.jpg\"><img loading=\"lazy\" class=\"aligncenter size-medium wp-image-10185\" title=\"_MG_9988\" src=\"http:\/\/labestiadeportiva.com\/lbd\/wp-content\/uploads\/2014\/04\/MG_9988-300x231.jpg\" alt=\"\" width=\"300\" height=\"231\" srcset=\"https:\/\/labestiadeportiva.com\/lbd\/wp-content\/uploads\/2014\/04\/MG_9988-300x231.jpg 300w, https:\/\/labestiadeportiva.com\/lbd\/wp-content\/uploads\/2014\/04\/MG_9988.jpg 436w\" sizes=\"(max-width: 300px) 100vw, 300px\" \/><\/a>No fue un domingo m\u00e1s. Despu\u00e9s de un largo tiempo regres\u00f3 una competencia atl\u00e9tica internacional a la capital de Tierra del Fuego. Desde los d\u00edas previos pudo verse en la ciudad una cantidad importante de turistas brasileros, m\u00e1s de 600,\u00a0 quienes se sumaron a la propuesta de la empresa de interactuar con el deporte y turismo.<\/p>\n<p>El d\u00eda previo fue el momento de retirar los kits de competencia en la Casa de la Cultura, cabe aclarar que la Municipalidad de Ushuaia a trav\u00e9s de su Subsecretar\u00eda de Deportes particip\u00f3 en parte de la log\u00edstica del evento.<br \/>\nUn par de horas antes de iniciarse las acciones el grueso de los participantes fue trasladado en micros al sector de largada preparado estrat\u00e9gicamente entre el\u00a0 \u201cTrencito del Fin del Mundo\u201d y el Camping Municipal.<\/p>\n<p>Minutos antes de las diez de la ma\u00f1ana se inici\u00f3 la prueba que en sus dos recorridos principales, 42 y 21 K, transit\u00f3 por el Parque Nacional Tierra del Fuego. Lo ben\u00e9volo del clima ayud\u00f3 y mucho para que la competencia se realizara sin contratiempos. El recorrido alternativo de 10 K se inici\u00f3 cuando el resto de los atletas ya ten\u00edan casi 40 minutos de carrera.<\/p>\n<p><a href=\"http:\/\/labestiadeportiva.com\/lbd\/wp-content\/uploads\/2014\/04\/MG_9878.jpg\"><img loading=\"lazy\" class=\"aligncenter size-medium wp-image-10181\" title=\"_MG_9878\" src=\"http:\/\/labestiadeportiva.com\/lbd\/wp-content\/uploads\/2014\/04\/MG_9878-300x200.jpg\" alt=\"\" width=\"300\" height=\"200\" srcset=\"https:\/\/labestiadeportiva.com\/lbd\/wp-content\/uploads\/2014\/04\/MG_9878-300x200.jpg 300w, https:\/\/labestiadeportiva.com\/lbd\/wp-content\/uploads\/2014\/04\/MG_9878.jpg 448w\" sizes=\"(max-width: 300px) 100vw, 300px\" \/><\/a><\/p>\n<p>En cuanto a los resultados finales en 10.000 metros se impusieron Juliana S\u00e1 y Edinilson \u201cKaf\u00fa\u201d Cardoso, la dama acompa\u00f1ada en el podio por las fueguinas Paola Ag\u00fcero y Clarisa Panosetti mientras que a Kaf\u00fa lo secundaron Pablo Ernaga y Bruno Clark.<\/p>\n<p>El medio marat\u00f3n fue para los brasileros Gabriela Santos y Ricardo Morais, en el segmento femenino completaron el podio Cassiana Colletes y la local Silvia Palomo en ese orden. A Morais lo acompa\u00f1aron el ushuaiense Jorge Garrido\u00a0 y Sergio Callipo.<\/p>\n<p><a href=\"http:\/\/labestiadeportiva.com\/lbd\/wp-content\/uploads\/2014\/04\/MG_99571.jpg\"><img loading=\"lazy\" class=\"aligncenter size-medium wp-image-10187\" title=\"_MG_9957\" src=\"http:\/\/labestiadeportiva.com\/lbd\/wp-content\/uploads\/2014\/04\/MG_99571-300x200.jpg\" alt=\"\" width=\"300\" height=\"200\" srcset=\"https:\/\/labestiadeportiva.com\/lbd\/wp-content\/uploads\/2014\/04\/MG_99571-300x200.jpg 300w, https:\/\/labestiadeportiva.com\/lbd\/wp-content\/uploads\/2014\/04\/MG_99571.jpg 448w\" sizes=\"(max-width: 300px) 100vw, 300px\" \/><\/a><\/p>\n<p>El marat\u00f3n qued\u00f3 en manos del santafesino de la localidad norte\u00f1a de Rom\u00e1n Javier Secco quien emple\u00f3 un formidable tiempo de 2h 39\u00b425\u00b4\u00b4 mientras que la brasilera Rovana Lampet lo hizo en 3h 30\u00b443\u00b4\u00b4. Los puestos de privilegio fueron ocupados por Walter Acu\u00f1a y Virgilio de Morais en hombres y Gleisse Fonseca junto a Melissa Bertti en mujeres.<\/p>\n<p>Impecable evento que tiene como principal objetivo el de hacer interactuar el turismo con el deporte. Esperemos que se mantenga en el tiempo e inclusive se sumen otras iniciativas similares.\u00a0 Seis atletas provinciales accedieron a los diferentes podios, lo que habla muy bien de la disciplina como as\u00ed tambi\u00e9n de sus preparaciones individuales.<\/p>\n<p><a href=\"http:\/\/labestiadeportiva.com\/lbd\/wp-content\/uploads\/2014\/04\/MG_9953.jpg\"><img loading=\"lazy\" class=\"aligncenter size-medium wp-image-10182\" title=\"_MG_9953\" src=\"http:\/\/labestiadeportiva.com\/lbd\/wp-content\/uploads\/2014\/04\/MG_9953-300x262.jpg\" alt=\"\" width=\"300\" height=\"262\" srcset=\"https:\/\/labestiadeportiva.com\/lbd\/wp-content\/uploads\/2014\/04\/MG_9953-300x262.jpg 300w, https:\/\/labestiadeportiva.com\/lbd\/wp-content\/uploads\/2014\/04\/MG_9953.jpg 384w\" sizes=\"(max-width: 300px) 100vw, 300px\" \/><\/a><span style=\"color: #0000ff;\">Los podios por distancias y categor\u00edas<\/span><br \/>\n10 K<br \/>\nDamas<br \/>\n<span style=\"color: #ff0000;\">1\u00b0 Juliana S\u00e1 39\u00b459\u00b4\u00b4<\/span><br \/>\n2\u00b0 Paola Ag\u00fcero 40\u00b438\u00b4\u00b4<br \/>\n3\u00b0 Clarisa Panosetti 41\u00b404\u00b4\u00b4<br \/>\nCaballeros<br \/>\n<span style=\"color: #ff0000;\">1\u00b0 Edinilson \u201cKaf\u00fa\u201dCardoso\u00a0 30\u00b427\u00b4\u00b4<\/span><br \/>\n2\u00b0 Pablo Ernaga 30\u00b439\u00b4\u00b4<br \/>\n3\u00b0 Bruno Clark 35\u00b424\u00b4\u00b4<\/p>\n<p><a href=\"http:\/\/labestiadeportiva.com\/lbd\/wp-content\/uploads\/2014\/04\/MG_9868.jpg\"><img loading=\"lazy\" class=\"aligncenter size-medium wp-image-10183\" title=\"_MG_9868\" src=\"http:\/\/labestiadeportiva.com\/lbd\/wp-content\/uploads\/2014\/04\/MG_9868-300x158.jpg\" alt=\"\" width=\"300\" height=\"158\" srcset=\"https:\/\/labestiadeportiva.com\/lbd\/wp-content\/uploads\/2014\/04\/MG_9868-300x158.jpg 300w, https:\/\/labestiadeportiva.com\/lbd\/wp-content\/uploads\/2014\/04\/MG_9868.jpg 448w\" sizes=\"(max-width: 300px) 100vw, 300px\" \/><\/a>21 K<br \/>\nDamas<br \/>\n<span style=\"color: #ff0000;\">1\u00b0 Gabriela Paula Santos 1h 43\u00b402\u00b4\u00b4<\/span><br \/>\n2\u00b0 Cassiana Colletes 1h 46\u00b442\u00b4\u00b4<br \/>\n3\u00b0 Silvia Palomo 1h 46\u00b442\u00b4\u00b4<br \/>\nCaballeros<br \/>\n<span style=\"color: #ff0000;\">1\u00b0 Ricardo Morais 1h 27\u00b459\u00b4\u00b4<\/span><br \/>\n2\u00b0 Jorge Garrido 1h 28\u00b438\u00b4\u00b4<br \/>\n3\u00b0 Sergio Callipo 1h 28\u00b453\u00b4\u00b4<\/p>\n<p><a href=\"http:\/\/labestiadeportiva.com\/lbd\/wp-content\/uploads\/2014\/04\/MG_9909.jpg\"><img loading=\"lazy\" class=\"aligncenter size-medium wp-image-10184\" title=\"_MG_9909\" src=\"http:\/\/labestiadeportiva.com\/lbd\/wp-content\/uploads\/2014\/04\/MG_9909-300x200.jpg\" alt=\"\" width=\"300\" height=\"200\" srcset=\"https:\/\/labestiadeportiva.com\/lbd\/wp-content\/uploads\/2014\/04\/MG_9909-300x200.jpg 300w, https:\/\/labestiadeportiva.com\/lbd\/wp-content\/uploads\/2014\/04\/MG_9909.jpg 448w\" sizes=\"(max-width: 300px) 100vw, 300px\" \/><\/a>42 K<br \/>\nDamas<br \/>\n<span style=\"color: #ff0000;\">1\u00b0 Rovana Lampet 3h 30\u00b443\u00b4\u00b4<\/span><br \/>\n2\u00b0 Gleisse Fonseca 3h 42\u00b418\u00b4\u00b4<br \/>\n3\u00b0 Melissa Bertti 3h 46\u00b408\u00b4\u00b4<br \/>\nCaballeros<br \/>\n<span style=\"color: #ff0000;\">1\u00b0 Javier Adri\u00e1n Secco 2h 39\u00b425\u00b4\u00b4<\/span><br \/>\n2\u00b0 Walter Acu\u00f1a 2h 42\u00b446\u00b4\u00b4<br \/>\n3\u00b0 Jos\u00e9 Virgilio de Morais 2h 44\u00b441\u00b4\u00b4<\/p>\n<p><a href=\"http:\/\/labestiadeportiva.com\/lbd\/wp-content\/uploads\/2014\/04\/MG_9864.jpg\"><img loading=\"lazy\" class=\"aligncenter size-medium wp-image-10186\" title=\"_MG_9864\" src=\"http:\/\/labestiadeportiva.com\/lbd\/wp-content\/uploads\/2014\/04\/MG_9864-213x300.jpg\" alt=\"\" width=\"213\" height=\"300\" srcset=\"https:\/\/labestiadeportiva.com\/lbd\/wp-content\/uploads\/2014\/04\/MG_9864-213x300.jpg 213w, https:\/\/labestiadeportiva.com\/lbd\/wp-content\/uploads\/2014\/04\/MG_9864.jpg 319w\" sizes=\"(max-width: 213px) 100vw, 213px\" \/><\/a><\/p>\n<p>&nbsp;<\/p>\n<div class='epvc-post-count'><span class='epvc-eye'><\/span>  <span class=\"epvc-count\"> 2.357<\/span><span class='epvc-label'> veces le\u00edda<\/span><\/div>\n<div class=\"jwsharethis\">\nShare this: \n<br \/>\n<a href=\"mailto:?subject=%E2%80%9CFelicidade%20nao%20tem%20fim%E2%80%9D&amp;body=https%3A%2F%2Flabestiadeportiva.com%2Flbd%2Ffelicidade-nao-tem-fim%2F\">\n<img src=\"https:\/\/labestiadeportiva.com\/lbd\/wp-content\/plugins\/jw-share-this\/email.png\" alt=\"Share this page via Email\" \/>\n<\/a>\n<a target=\"_blank\" href=\"http:\/\/www.stumbleupon.com\/submit?url=https%3A%2F%2Flabestiadeportiva.com%2Flbd%2Ffelicidade-nao-tem-fim%2F&amp;title=%E2%80%9CFelicidade+nao+tem+fim%E2%80%9D\">\n<img src=\"https:\/\/labestiadeportiva.com\/lbd\/wp-content\/plugins\/jw-share-this\/su.png\" alt=\"Share this page via Stumble Upon\" \/>\n<\/a>\n<a target=\"_blank\" href=\"http:\/\/digg.com\/submit?url=https%3A%2F%2Flabestiadeportiva.com%2Flbd%2Ffelicidade-nao-tem-fim%2F&amp;title=%E2%80%9CFelicidade+nao+tem+fim%E2%80%9D\">\n<img src=\"https:\/\/labestiadeportiva.com\/lbd\/wp-content\/plugins\/jw-share-this\/digg.png\" alt=\"Share this page via Digg this\" \/>\n<\/a>\n<a target=\"_blank\" href=\"http:\/\/www.facebook.com\/sharer.php?u=https%3A%2F%2Flabestiadeportiva.com%2Flbd%2Ffelicidade-nao-tem-fim%2F&amp;t=%E2%80%9CFelicidade+nao+tem+fim%E2%80%9D\">\n<img src=\"https:\/\/labestiadeportiva.com\/lbd\/wp-content\/plugins\/jw-share-this\/fb.png\" alt=\"Share this page via Facebook\" \/>\n<\/a>\n<a target=\"_blank\" href=\"http:\/\/twitter.com\/intent\/tweet?text=I+like+https%3A%2F%2Flabestiadeportiva.com%2Flbd%2Ffelicidade-nao-tem-fim%2F&amp;title=%E2%80%9CFelicidade+nao+tem+fim%E2%80%9D\">\n<img src=\"https:\/\/labestiadeportiva.com\/lbd\/wp-content\/plugins\/jw-share-this\/twitter.png\" alt=\"Share this page via Twitter\" \/>\n<\/a>\n<\/div>\n","protected":false},"excerpt":{"rendered":"<p>El pasado domingo se disput\u00f3 en Ushuaia la competencia Mountain Do Fim Do Mundo a cargo de la empresa brasilera Sports Do. 690 participantes en las pruebas de 42,21 y 10 k. El santafesino Javier Secco (2h 39\u00b425\u00b4\u00b4) y la brasilera Rovana Lampet (3h 30\u00b443\u00b4\u00b4) ganaron el marat\u00f3n. S\u00e1, Cardoso, Santos y Morais vencieron en &hellip; <a href=\"https:\/\/labestiadeportiva.com\/lbd\/felicidade-nao-tem-fim\/\" class=\"more-link\">Seguir leyendo <span class=\"screen-reader-text\">\u201cFelicidade nao tem fim\u201d<\/span> <span class=\"meta-nav\">&rarr;<\/span><\/a><\/p>\n","protected":false},"author":1,"featured_media":10180,"comment_status":"open","ping_status":"open","sticky":false,"template":"","format":"standard","meta":[],"categories":[22,4,1],"tags":[1395,1394],"_links":{"self":[{"href":"https:\/\/labestiadeportiva.com\/lbd\/wp-json\/wp\/v2\/posts\/10179"}],"collection":[{"href":"https:\/\/labestiadeportiva.com\/lbd\/wp-json\/wp\/v2\/posts"}],"about":[{"href":"https:\/\/labestiadeportiva.com\/lbd\/wp-json\/wp\/v2\/types\/post"}],"author":[{"embeddable":true,"href":"https:\/\/labestiadeportiva.com\/lbd\/wp-json\/wp\/v2\/users\/1"}],"replies":[{"embeddable":true,"href":"https:\/\/labestiadeportiva.com\/lbd\/wp-json\/wp\/v2\/comments?post=10179"}],"version-history":[{"count":1,"href":"https:\/\/labestiadeportiva.com\/lbd\/wp-json\/wp\/v2\/posts\/10179\/revisions"}],"predecessor-version":[{"id":10188,"href":"https:\/\/labestiadeportiva.com\/lbd\/wp-json\/wp\/v2\/posts\/10179\/revisions\/10188"}],"wp:featuredmedia":[{"embeddable":true,"href":"https:\/\/labestiadeportiva.com\/lbd\/wp-json\/wp\/v2\/media\/10180"}],"wp:attachment":[{"href":"https:\/\/labestiadeportiva.com\/lbd\/wp-json\/wp\/v2\/media?parent=10179"}],"wp:term":[{"taxonomy":"category","embeddable":true,"href":"https:\/\/labestiadeportiva.com\/lbd\/wp-json\/wp\/v2\/categories?post=10179"},{"taxonomy":"post_tag","embeddable":true,"href":"https:\/\/labestiadeportiva.com\/lbd\/wp-json\/wp\/v2\/tags?post=10179"}],"curies":[{"name":"wp","href":"https:\/\/api.w.org\/{rel}","templated":true}]}}