{"id":102,"date":"2012-09-03T00:45:36","date_gmt":"2012-09-03T00:45:36","guid":{"rendered":"http:\/\/labestiadeportiva.com\/lbd\/?p=102"},"modified":"2012-09-03T00:49:24","modified_gmt":"2012-09-03T00:49:24","slug":"los-siete-primeros-dias-del-us-open","status":"publish","type":"post","link":"https:\/\/labestiadeportiva.com\/lbd\/los-siete-primeros-dias-del-us-open\/","title":{"rendered":"Los siete primeros d\u00edas del US Open"},"content":{"rendered":"<p>Por Mat\u00edas Pouso (Corresponsal LBD en la Ciudad Aut\u00f3noma de Buenos Aires)<\/p>\n<p><a href=\"http:\/\/labestiadeportiva.com\/lbd\/wp-content\/uploads\/2012\/09\/federer1.jpg\"><img loading=\"lazy\" class=\"alignleft size-medium wp-image-108\" title=\"federer\" src=\"http:\/\/labestiadeportiva.com\/lbd\/wp-content\/uploads\/2012\/09\/federer1-300x163.jpg\" alt=\"\" width=\"300\" height=\"163\" srcset=\"https:\/\/labestiadeportiva.com\/lbd\/wp-content\/uploads\/2012\/09\/federer1-300x163.jpg 300w, https:\/\/labestiadeportiva.com\/lbd\/wp-content\/uploads\/2012\/09\/federer1.jpg 990w\" sizes=\"(max-width: 300px) 100vw, 300px\" \/><\/a>Con la presencia de Juan Mart\u00edn Del Potro como \u00fanico representante argentino en los octavos de final, concluy\u00f3 la primera semana de competencia del US Open. Los principales candidatos siguen en carrera. Preocupa la lesi\u00f3n de David Nalbandian en cara a la semifinal de Copa Davis a disputarse dentro de dos semanas.<!--morePara leer Click Aqu\u00ed--><\/p>\n<p>El cuadro principal del \u00faltimo Grand Slam de la temporada empieza a decantar a los aspirantes al t\u00edtulo y aquellos que se conforman con hacer un buen papel y sumar minutos en cancha. Entre los 16 tenistas que siguen en carrera se encuentran ocho de los diez primeros preclasificados, Juan M\u00f3naco (10) y el franc\u00e9s Jo-Wilfried Tsonga (5) quedaron eliminados en la primera y en la segunda ronda respectivamente.<\/p>\n<p>La noticia de la semana fue el anuncio de retiro de la actividad profesional del ex n\u00famero uno del mundo, Andy Roddick. El tenista oriundo de Nebraska fue la \u00faltima gran estrella estadounidense que vio este deporte, y eligi\u00f3 el torneo en el que tambi\u00e9n dijeron adi\u00f3s Pete Sampras y Andre Agassi. A los 30 a\u00f1os A-Rod deja un registro de 32 t\u00edtulos profesionales, uno de ellos de Grand Slam, justamente en suelo neoyorquino sumado a las tres finales en Wimbledon que perdi\u00f3 contra Roger Federer.<\/p>\n<p>Juan Mart\u00edn Del Potro venci\u00f3 al correntino Leonardo Mayer por 6-3, 7-5 y 7-6 (9) en un encuentro m\u00e1s re\u00f1ido de lo que el marcador sugiere. Ambos jugadores sufrieron much\u00edsimo el agobiante calor y la humedad que azot\u00f3 Flushing Meadows. El primer set tuvo un claro dominio del tandilense, que solamente necesito de un quiebre para adjudicarse el parcial. En el segundo Mayer reaccion\u00f3 y estuvo a dos puntos de quedarse con la manga, pero ah\u00ed la experiencia del n\u00famero ocho del mundo pes\u00f3 m\u00e1s que los embates del Yacar\u00e9.<\/p>\n<p><a href=\"http:\/\/labestiadeportiva.com\/lbd\/wp-content\/uploads\/2012\/09\/david_nalbandian_01.jpg\"><img loading=\"lazy\" class=\"aligncenter size-medium wp-image-106\" title=\"david_nalbandian_0\" src=\"http:\/\/labestiadeportiva.com\/lbd\/wp-content\/uploads\/2012\/09\/david_nalbandian_01-300x164.jpg\" alt=\"\" width=\"300\" height=\"164\" srcset=\"https:\/\/labestiadeportiva.com\/lbd\/wp-content\/uploads\/2012\/09\/david_nalbandian_01-300x164.jpg 300w, https:\/\/labestiadeportiva.com\/lbd\/wp-content\/uploads\/2012\/09\/david_nalbandian_01.jpg 745w\" sizes=\"(max-width: 300px) 100vw, 300px\" \/><\/a><\/p>\n<p>Ya en el tercero, el duelo sigui\u00f3 siendo palo a palo sin sacarse diferencia; por lo cual se debi\u00f3 definir en un tie break.\u00a0 En el desempate Delpo pudo definir el encuentro luego de desperdiciar varios match points. Su rival en los octavos de final ser\u00e1 nada m\u00e1s y nada menos que Andy Roddick, en el que podr\u00eda ser el \u00faltimo partido de la carrera del norteamericano.<\/p>\n<p>Roger Federer se hace cargo de su candidatura al t\u00edtulo, y su andar perfecto hace pensar que el domingo que viene la final del torneo lo tendr\u00e1 como protagonista. No ha perdido ning\u00fan set en los cuatro partidos que lleva disputados, y su nivel se acrecienta con el correr de los d\u00edas. En octavos enfrentar\u00e1 al local Mardy Fish. En la otra punta del cuadro, Novak Djokovic sigue los pasos del \u00fanico que lo supera en el ranking.<\/p>\n<p>Con cuatro triunfos sin ceder sets llega a la segunda semana con aspiraciones de defender el t\u00edtulo obtenido en 2011 y as\u00ed evitar que el suizo se aleje a\u00fan m\u00e1s en el escalaf\u00f3n mundial. Stanislas Wawrinka ser\u00e1 su pr\u00f3ximo rival. Con la ausencia de Rafael Nadal, quienes completan el poker de candidatos son Andy Murray y David Ferrer, que enfrentar\u00e1n a Milos Raonic y a Richard Gasquet respectivamente. Ambos buscan confirmar su jerarqu\u00eda ganando lo que ser\u00eda el primer t\u00edtulo grande en la carrera de ambos.<\/p>\n<p>La alarma son\u00f3 para la delegaci\u00f3n argentina antes de que se iniciara la actividad. David Nalbandian no pudo presentarse a su duelo contra Juan Mart\u00edn Del Potro debido a un desgarro en la zona abdominal. Este tipo de lesiones lleva un promedio de tres semanas en recuperarse, por lo cual su presencia en el equipo argentino de Copa Davis est\u00e1 casi descartada. Carlos Berlocq ocupar\u00eda su lugar ya que hab\u00eda sido previamente convocado como quinto jugador, la l\u00f3gica indica que Del Potro y M\u00f3naco ser\u00edan los singlistas y Berlocq har\u00eda dupla con Eduardo Schwank en el dobles. La serie se disputar\u00e1 del 14 al 16 de este mes contra Rep\u00fablica Checa en Parque Roca.<\/p>\n<p><a href=\"http:\/\/labestiadeportiva.com\/lbd\/wp-content\/uploads\/2012\/09\/del-potro.jpg\"><img loading=\"lazy\" class=\"aligncenter size-medium wp-image-105\" title=\"del potro\" src=\"http:\/\/labestiadeportiva.com\/lbd\/wp-content\/uploads\/2012\/09\/del-potro-300x178.jpg\" alt=\"\" width=\"300\" height=\"178\" srcset=\"https:\/\/labestiadeportiva.com\/lbd\/wp-content\/uploads\/2012\/09\/del-potro-300x178.jpg 300w, https:\/\/labestiadeportiva.com\/lbd\/wp-content\/uploads\/2012\/09\/del-potro-1024x609.jpg 1024w, https:\/\/labestiadeportiva.com\/lbd\/wp-content\/uploads\/2012\/09\/del-potro.jpg 1289w\" sizes=\"(max-width: 300px) 100vw, 300px\" \/><\/a><\/p>\n<div class='epvc-post-count'><span class='epvc-eye'><\/span>  <span class=\"epvc-count\"> 1.161<\/span><span class='epvc-label'> veces le\u00edda<\/span><\/div>\n<div class=\"jwsharethis\">\nShare this: \n<br \/>\n<a href=\"mailto:?subject=Los%20siete%20primeros%20d%C3%ADas%20del%20US%20Open&amp;body=https%3A%2F%2Flabestiadeportiva.com%2Flbd%2Flos-siete-primeros-dias-del-us-open%2F\">\n<img src=\"https:\/\/labestiadeportiva.com\/lbd\/wp-content\/plugins\/jw-share-this\/email.png\" alt=\"Share this page via Email\" \/>\n<\/a>\n<a target=\"_blank\" href=\"http:\/\/www.stumbleupon.com\/submit?url=https%3A%2F%2Flabestiadeportiva.com%2Flbd%2Flos-siete-primeros-dias-del-us-open%2F&amp;title=Los+siete+primeros+d%C3%ADas+del+US+Open\">\n<img src=\"https:\/\/labestiadeportiva.com\/lbd\/wp-content\/plugins\/jw-share-this\/su.png\" alt=\"Share this page via Stumble Upon\" \/>\n<\/a>\n<a target=\"_blank\" href=\"http:\/\/digg.com\/submit?url=https%3A%2F%2Flabestiadeportiva.com%2Flbd%2Flos-siete-primeros-dias-del-us-open%2F&amp;title=Los+siete+primeros+d%C3%ADas+del+US+Open\">\n<img src=\"https:\/\/labestiadeportiva.com\/lbd\/wp-content\/plugins\/jw-share-this\/digg.png\" alt=\"Share this page via Digg this\" \/>\n<\/a>\n<a target=\"_blank\" href=\"http:\/\/www.facebook.com\/sharer.php?u=https%3A%2F%2Flabestiadeportiva.com%2Flbd%2Flos-siete-primeros-dias-del-us-open%2F&amp;t=Los+siete+primeros+d%C3%ADas+del+US+Open\">\n<img src=\"https:\/\/labestiadeportiva.com\/lbd\/wp-content\/plugins\/jw-share-this\/fb.png\" alt=\"Share this page via Facebook\" \/>\n<\/a>\n<a target=\"_blank\" href=\"http:\/\/twitter.com\/intent\/tweet?text=I+like+https%3A%2F%2Flabestiadeportiva.com%2Flbd%2Flos-siete-primeros-dias-del-us-open%2F&amp;title=Los+siete+primeros+d%C3%ADas+del+US+Open\">\n<img src=\"https:\/\/labestiadeportiva.com\/lbd\/wp-content\/plugins\/jw-share-this\/twitter.png\" alt=\"Share this page via Twitter\" \/>\n<\/a>\n<\/div>\n","protected":false},"excerpt":{"rendered":"<p>Por Mat\u00edas Pouso (Corresponsal LBD en la Ciudad Aut\u00f3noma de Buenos Aires) Con la presencia de Juan Mart\u00edn Del Potro como \u00fanico representante argentino en los octavos de final, concluy\u00f3 la primera semana de competencia del US Open. Los principales candidatos siguen en carrera. Preocupa la lesi\u00f3n de David Nalbandian en cara a la semifinal &hellip; <a href=\"https:\/\/labestiadeportiva.com\/lbd\/los-siete-primeros-dias-del-us-open\/\" class=\"more-link\">Seguir leyendo <span class=\"screen-reader-text\">Los siete primeros d\u00edas del US Open<\/span> <span class=\"meta-nav\">&rarr;<\/span><\/a><\/p>\n","protected":false},"author":1,"featured_media":108,"comment_status":"open","ping_status":"open","sticky":false,"template":"","format":"standard","meta":[],"categories":[4,1],"tags":[34],"_links":{"self":[{"href":"https:\/\/labestiadeportiva.com\/lbd\/wp-json\/wp\/v2\/posts\/102"}],"collection":[{"href":"https:\/\/labestiadeportiva.com\/lbd\/wp-json\/wp\/v2\/posts"}],"about":[{"href":"https:\/\/labestiadeportiva.com\/lbd\/wp-json\/wp\/v2\/types\/post"}],"author":[{"embeddable":true,"href":"https:\/\/labestiadeportiva.com\/lbd\/wp-json\/wp\/v2\/users\/1"}],"replies":[{"embeddable":true,"href":"https:\/\/labestiadeportiva.com\/lbd\/wp-json\/wp\/v2\/comments?post=102"}],"version-history":[{"count":2,"href":"https:\/\/labestiadeportiva.com\/lbd\/wp-json\/wp\/v2\/posts\/102\/revisions"}],"predecessor-version":[{"id":109,"href":"https:\/\/labestiadeportiva.com\/lbd\/wp-json\/wp\/v2\/posts\/102\/revisions\/109"}],"wp:featuredmedia":[{"embeddable":true,"href":"https:\/\/labestiadeportiva.com\/lbd\/wp-json\/wp\/v2\/media\/108"}],"wp:attachment":[{"href":"https:\/\/labestiadeportiva.com\/lbd\/wp-json\/wp\/v2\/media?parent=102"}],"wp:term":[{"taxonomy":"category","embeddable":true,"href":"https:\/\/labestiadeportiva.com\/lbd\/wp-json\/wp\/v2\/categories?post=102"},{"taxonomy":"post_tag","embeddable":true,"href":"https:\/\/labestiadeportiva.com\/lbd\/wp-json\/wp\/v2\/tags?post=102"}],"curies":[{"name":"wp","href":"https:\/\/api.w.org\/{rel}","templated":true}]}}