{"id":10306,"date":"2014-04-15T13:22:37","date_gmt":"2014-04-15T13:22:37","guid":{"rendered":"http:\/\/labestiadeportiva.com\/lbd\/?p=10306"},"modified":"2014-04-15T13:22:37","modified_gmt":"2014-04-15T13:22:37","slug":"enard-capacita","status":"publish","type":"post","link":"https:\/\/labestiadeportiva.com\/lbd\/enard-capacita\/","title":{"rendered":"ENARD capacita"},"content":{"rendered":"<p class=\"MsoNormal\" style=\"margin-bottom: .0001pt;\"><a href=\"http:\/\/labestiadeportiva.com\/lbd\/wp-content\/uploads\/2014\/04\/index.jpg\"><img loading=\"lazy\" class=\"alignleft size-full wp-image-10307\" title=\"index\" src=\"http:\/\/labestiadeportiva.com\/lbd\/wp-content\/uploads\/2014\/04\/index.jpg\" alt=\"\" width=\"296\" height=\"170\" \/><\/a>La capacitaci\u00f3n llegar\u00e1 a la provincia el pr\u00f3ximo s\u00e1bado 19. El Ente Nacional de Alto Rendimiento Deportivo la realizar\u00e1 con el objetivo de preparar evaluadores del Programa 2018. La actividad, a efectuarse en R\u00edo Grande, estar\u00e1 orientada a un grupo de profesores de educaci\u00f3n f\u00edsica de ambas ciudades. Persigue la finalidad de b\u00fasqueda de talentos para los Juegos Ol\u00edmpicos de la Juventud que se efectuar\u00e1n dentro de cuatro a\u00f1os en la Ciudad Aut\u00f3noma de Buenos Aires. Fuente Prensa Secretar\u00eda de Deportes Provincial.<!--more--><\/p>\n<p class=\"MsoNormal\" style=\"margin-bottom: .0001pt;\">El perfeccionamiento, que se desplegar\u00e1 en el Centro Cultural Los Yaganes de la localidad de R\u00edo Grande, estar\u00e1 a cargo del capacitador del Ente Nacional de Alto Rendimiento Deportivo (ENARD), Germ\u00e1n Romanach.<\/p>\n<p class=\"MsoNormal\" style=\"margin-bottom: .0001pt;\">Es preciso destacar que junto a la capacitaci\u00f3n se entregar\u00e1n los kits de evaluaci\u00f3n del programa que fueron gestionados por la Secretar\u00eda de Deportes.<\/p>\n<p class=\"MsoNormal\" style=\"margin-bottom: .0001pt;\"><span style=\"color: #0000ff;\">Cronograma de Actividades:<\/span><\/p>\n<p class=\"MsoNormal\" style=\"margin-bottom: .0001pt;\">\u00a010.00 Arribo del capacitador del ENARD. Reuni\u00f3n con referente provincial y los dos asistentes. Visita de las instalaciones y puesta a punto<\/p>\n<p class=\"MsoNormal\" style=\"margin-bottom: .0001pt;\">12.00 Arribo de los micros con evaluadores de provincias visitantes. Almuerzo<\/p>\n<p class=\"MsoNormal\" style=\"margin-bottom: .0001pt;\">13.30 a 13.45 Acreditaci\u00f3n de evaluadores que tomar\u00e1n la capacitaci\u00f3n<\/p>\n<p class=\"MsoNormal\" style=\"margin-bottom: .0001pt;\">14.00 a 17.30 Capacitaci\u00f3n te\u00f3rico \/ pr\u00e1ctica<\/p>\n<p class=\"MsoNormal\" style=\"margin-bottom: .0001pt;\">17.30 a 18.00 Evaluaci\u00f3n<\/p>\n<div class='epvc-post-count'><span class='epvc-eye'><\/span>  <span class=\"epvc-count\"> 919<\/span><span class='epvc-label'> veces le\u00edda<\/span><\/div>\n<div class=\"jwsharethis\">\nShare this: \n<br \/>\n<a href=\"mailto:?subject=ENARD%20capacita&amp;body=https%3A%2F%2Flabestiadeportiva.com%2Flbd%2Fenard-capacita%2F\">\n<img src=\"https:\/\/labestiadeportiva.com\/lbd\/wp-content\/plugins\/jw-share-this\/email.png\" alt=\"Share this page via Email\" \/>\n<\/a>\n<a target=\"_blank\" href=\"http:\/\/www.stumbleupon.com\/submit?url=https%3A%2F%2Flabestiadeportiva.com%2Flbd%2Fenard-capacita%2F&amp;title=ENARD+capacita\">\n<img src=\"https:\/\/labestiadeportiva.com\/lbd\/wp-content\/plugins\/jw-share-this\/su.png\" alt=\"Share this page via Stumble Upon\" \/>\n<\/a>\n<a target=\"_blank\" href=\"http:\/\/digg.com\/submit?url=https%3A%2F%2Flabestiadeportiva.com%2Flbd%2Fenard-capacita%2F&amp;title=ENARD+capacita\">\n<img src=\"https:\/\/labestiadeportiva.com\/lbd\/wp-content\/plugins\/jw-share-this\/digg.png\" alt=\"Share this page via Digg this\" \/>\n<\/a>\n<a target=\"_blank\" href=\"http:\/\/www.facebook.com\/sharer.php?u=https%3A%2F%2Flabestiadeportiva.com%2Flbd%2Fenard-capacita%2F&amp;t=ENARD+capacita\">\n<img src=\"https:\/\/labestiadeportiva.com\/lbd\/wp-content\/plugins\/jw-share-this\/fb.png\" alt=\"Share this page via Facebook\" \/>\n<\/a>\n<a target=\"_blank\" href=\"http:\/\/twitter.com\/intent\/tweet?text=I+like+https%3A%2F%2Flabestiadeportiva.com%2Flbd%2Fenard-capacita%2F&amp;title=ENARD+capacita\">\n<img src=\"https:\/\/labestiadeportiva.com\/lbd\/wp-content\/plugins\/jw-share-this\/twitter.png\" alt=\"Share this page via Twitter\" \/>\n<\/a>\n<\/div>\n","protected":false},"excerpt":{"rendered":"<p>La capacitaci\u00f3n llegar\u00e1 a la provincia el pr\u00f3ximo s\u00e1bado 19. El Ente Nacional de Alto Rendimiento Deportivo la realizar\u00e1 con el objetivo de preparar evaluadores del Programa 2018. La actividad, a efectuarse en R\u00edo Grande, estar\u00e1 orientada a un grupo de profesores de educaci\u00f3n f\u00edsica de ambas ciudades. Persigue la finalidad de b\u00fasqueda de talentos &hellip; <a href=\"https:\/\/labestiadeportiva.com\/lbd\/enard-capacita\/\" class=\"more-link\">Seguir leyendo <span class=\"screen-reader-text\">ENARD capacita<\/span> <span class=\"meta-nav\">&rarr;<\/span><\/a><\/p>\n","protected":false},"author":1,"featured_media":10307,"comment_status":"open","ping_status":"open","sticky":false,"template":"","format":"standard","meta":[],"categories":[5,6,1],"tags":[941,486,83],"_links":{"self":[{"href":"https:\/\/labestiadeportiva.com\/lbd\/wp-json\/wp\/v2\/posts\/10306"}],"collection":[{"href":"https:\/\/labestiadeportiva.com\/lbd\/wp-json\/wp\/v2\/posts"}],"about":[{"href":"https:\/\/labestiadeportiva.com\/lbd\/wp-json\/wp\/v2\/types\/post"}],"author":[{"embeddable":true,"href":"https:\/\/labestiadeportiva.com\/lbd\/wp-json\/wp\/v2\/users\/1"}],"replies":[{"embeddable":true,"href":"https:\/\/labestiadeportiva.com\/lbd\/wp-json\/wp\/v2\/comments?post=10306"}],"version-history":[{"count":1,"href":"https:\/\/labestiadeportiva.com\/lbd\/wp-json\/wp\/v2\/posts\/10306\/revisions"}],"predecessor-version":[{"id":10308,"href":"https:\/\/labestiadeportiva.com\/lbd\/wp-json\/wp\/v2\/posts\/10306\/revisions\/10308"}],"wp:featuredmedia":[{"embeddable":true,"href":"https:\/\/labestiadeportiva.com\/lbd\/wp-json\/wp\/v2\/media\/10307"}],"wp:attachment":[{"href":"https:\/\/labestiadeportiva.com\/lbd\/wp-json\/wp\/v2\/media?parent=10306"}],"wp:term":[{"taxonomy":"category","embeddable":true,"href":"https:\/\/labestiadeportiva.com\/lbd\/wp-json\/wp\/v2\/categories?post=10306"},{"taxonomy":"post_tag","embeddable":true,"href":"https:\/\/labestiadeportiva.com\/lbd\/wp-json\/wp\/v2\/tags?post=10306"}],"curies":[{"name":"wp","href":"https:\/\/api.w.org\/{rel}","templated":true}]}}