{"id":10309,"date":"2014-04-15T19:07:16","date_gmt":"2014-04-15T19:07:16","guid":{"rendered":"http:\/\/labestiadeportiva.com\/lbd\/?p=10309"},"modified":"2014-04-15T19:07:16","modified_gmt":"2014-04-15T19:07:16","slug":"debuto-y-charlo-con-lbd-audio","status":"publish","type":"post","link":"https:\/\/labestiadeportiva.com\/lbd\/debuto-y-charlo-con-lbd-audio\/","title":{"rendered":"Debut\u00f3 y charl\u00f3 con LBD (Audio)"},"content":{"rendered":"<p><a href=\"http:\/\/labestiadeportiva.com\/lbd\/wp-content\/uploads\/2014\/04\/10250269_726660290689939_7722989233603415144_n.jpg\"><img loading=\"lazy\" class=\"alignleft size-medium wp-image-10310\" title=\"10250269_726660290689939_7722989233603415144_n\" src=\"http:\/\/labestiadeportiva.com\/lbd\/wp-content\/uploads\/2014\/04\/10250269_726660290689939_7722989233603415144_n-300x171.jpg\" alt=\"\" width=\"300\" height=\"171\" srcset=\"https:\/\/labestiadeportiva.com\/lbd\/wp-content\/uploads\/2014\/04\/10250269_726660290689939_7722989233603415144_n-300x171.jpg 300w, https:\/\/labestiadeportiva.com\/lbd\/wp-content\/uploads\/2014\/04\/10250269_726660290689939_7722989233603415144_n.jpg 960w\" sizes=\"(max-width: 300px) 100vw, 300px\" \/><\/a>El joven mediocampista ushuaiense, <span style=\"color: #ff0000;\">Nicol\u00e1s Bueno<\/span>, fue titular en Villa San Carlos, equipo que milita en la Primera \u201cB\u201d Nacional, ante Brown de Adrogu\u00e9. Fue con derrota por 2 a 1, en el complemento el \u201cpibe\u201d de 18 a\u00f1os fue reemplazado. Desde nuestro programa, que se emite de lunes a viernes por FM del Sur 94.1, nos contactamos con \u00e9l. Compartimos el di\u00e1logo completo con el jugador del club de la localidad de Berisso. La foto es gentileza de MZL Deportes.<!--more--><\/p>\n<p><iframe loading=\"lazy\" src=\"\/\/www.youtube.com\/embed\/sYBcQHNnqIA\" frameborder=\"0\" width=\"560\" height=\"315\"><\/iframe><\/p>\n<div class='epvc-post-count'><span class='epvc-eye'><\/span>  <span class=\"epvc-count\"> 985<\/span><span class='epvc-label'> veces le\u00edda<\/span><\/div>\n<div class=\"jwsharethis\">\nShare this: \n<br \/>\n<a href=\"mailto:?subject=Debut%C3%B3%20y%20charl%C3%B3%20con%20LBD%20%28Audio%29&amp;body=https%3A%2F%2Flabestiadeportiva.com%2Flbd%2Fdebuto-y-charlo-con-lbd-audio%2F\">\n<img src=\"https:\/\/labestiadeportiva.com\/lbd\/wp-content\/plugins\/jw-share-this\/email.png\" alt=\"Share this page via Email\" \/>\n<\/a>\n<a target=\"_blank\" href=\"http:\/\/www.stumbleupon.com\/submit?url=https%3A%2F%2Flabestiadeportiva.com%2Flbd%2Fdebuto-y-charlo-con-lbd-audio%2F&amp;title=Debut%C3%B3+y+charl%C3%B3+con+LBD+%28Audio%29\">\n<img src=\"https:\/\/labestiadeportiva.com\/lbd\/wp-content\/plugins\/jw-share-this\/su.png\" alt=\"Share this page via Stumble Upon\" \/>\n<\/a>\n<a target=\"_blank\" href=\"http:\/\/digg.com\/submit?url=https%3A%2F%2Flabestiadeportiva.com%2Flbd%2Fdebuto-y-charlo-con-lbd-audio%2F&amp;title=Debut%C3%B3+y+charl%C3%B3+con+LBD+%28Audio%29\">\n<img src=\"https:\/\/labestiadeportiva.com\/lbd\/wp-content\/plugins\/jw-share-this\/digg.png\" alt=\"Share this page via Digg this\" \/>\n<\/a>\n<a target=\"_blank\" href=\"http:\/\/www.facebook.com\/sharer.php?u=https%3A%2F%2Flabestiadeportiva.com%2Flbd%2Fdebuto-y-charlo-con-lbd-audio%2F&amp;t=Debut%C3%B3+y+charl%C3%B3+con+LBD+%28Audio%29\">\n<img src=\"https:\/\/labestiadeportiva.com\/lbd\/wp-content\/plugins\/jw-share-this\/fb.png\" alt=\"Share this page via Facebook\" \/>\n<\/a>\n<a target=\"_blank\" href=\"http:\/\/twitter.com\/intent\/tweet?text=I+like+https%3A%2F%2Flabestiadeportiva.com%2Flbd%2Fdebuto-y-charlo-con-lbd-audio%2F&amp;title=Debut%C3%B3+y+charl%C3%B3+con+LBD+%28Audio%29\">\n<img src=\"https:\/\/labestiadeportiva.com\/lbd\/wp-content\/plugins\/jw-share-this\/twitter.png\" alt=\"Share this page via Twitter\" \/>\n<\/a>\n<\/div>\n","protected":false},"excerpt":{"rendered":"<p>El joven mediocampista ushuaiense, Nicol\u00e1s Bueno, fue titular en Villa San Carlos, equipo que milita en la Primera \u201cB\u201d Nacional, ante Brown de Adrogu\u00e9. Fue con derrota por 2 a 1, en el complemento el \u201cpibe\u201d de 18 a\u00f1os fue reemplazado. Desde nuestro programa, que se emite de lunes a viernes por FM del Sur &hellip; <a href=\"https:\/\/labestiadeportiva.com\/lbd\/debuto-y-charlo-con-lbd-audio\/\" class=\"more-link\">Seguir leyendo <span class=\"screen-reader-text\">Debut\u00f3 y charl\u00f3 con LBD (Audio)<\/span> <span class=\"meta-nav\">&rarr;<\/span><\/a><\/p>\n","protected":false},"author":1,"featured_media":10310,"comment_status":"open","ping_status":"open","sticky":false,"template":"","format":"standard","meta":[],"categories":[5,6,60,1],"tags":[271,17,328],"_links":{"self":[{"href":"https:\/\/labestiadeportiva.com\/lbd\/wp-json\/wp\/v2\/posts\/10309"}],"collection":[{"href":"https:\/\/labestiadeportiva.com\/lbd\/wp-json\/wp\/v2\/posts"}],"about":[{"href":"https:\/\/labestiadeportiva.com\/lbd\/wp-json\/wp\/v2\/types\/post"}],"author":[{"embeddable":true,"href":"https:\/\/labestiadeportiva.com\/lbd\/wp-json\/wp\/v2\/users\/1"}],"replies":[{"embeddable":true,"href":"https:\/\/labestiadeportiva.com\/lbd\/wp-json\/wp\/v2\/comments?post=10309"}],"version-history":[{"count":1,"href":"https:\/\/labestiadeportiva.com\/lbd\/wp-json\/wp\/v2\/posts\/10309\/revisions"}],"predecessor-version":[{"id":10311,"href":"https:\/\/labestiadeportiva.com\/lbd\/wp-json\/wp\/v2\/posts\/10309\/revisions\/10311"}],"wp:featuredmedia":[{"embeddable":true,"href":"https:\/\/labestiadeportiva.com\/lbd\/wp-json\/wp\/v2\/media\/10310"}],"wp:attachment":[{"href":"https:\/\/labestiadeportiva.com\/lbd\/wp-json\/wp\/v2\/media?parent=10309"}],"wp:term":[{"taxonomy":"category","embeddable":true,"href":"https:\/\/labestiadeportiva.com\/lbd\/wp-json\/wp\/v2\/categories?post=10309"},{"taxonomy":"post_tag","embeddable":true,"href":"https:\/\/labestiadeportiva.com\/lbd\/wp-json\/wp\/v2\/tags?post=10309"}],"curies":[{"name":"wp","href":"https:\/\/api.w.org\/{rel}","templated":true}]}}