{"id":10312,"date":"2014-04-15T19:24:38","date_gmt":"2014-04-15T19:24:38","guid":{"rendered":"http:\/\/labestiadeportiva.com\/lbd\/?p=10312"},"modified":"2014-04-15T19:24:38","modified_gmt":"2014-04-15T19:24:38","slug":"pre-selectivos-rumbo-a-los-epade","status":"publish","type":"post","link":"https:\/\/labestiadeportiva.com\/lbd\/pre-selectivos-rumbo-a-los-epade\/","title":{"rendered":"Pre selectivos rumbo a los EPADE"},"content":{"rendered":"<p class=\"MsoNormal\">Por Lisandro Muhoberac (Discapacidad para LBD)<\/p>\n<p class=\"MsoNormal\"><a href=\"http:\/\/labestiadeportiva.com\/lbd\/wp-content\/uploads\/2014\/04\/104_0327.jpg\"><img loading=\"lazy\" class=\"alignleft size-medium wp-image-10313\" title=\"104_0327\" src=\"http:\/\/labestiadeportiva.com\/lbd\/wp-content\/uploads\/2014\/04\/104_0327-300x168.jpg\" alt=\"\" width=\"300\" height=\"168\" srcset=\"https:\/\/labestiadeportiva.com\/lbd\/wp-content\/uploads\/2014\/04\/104_0327-300x168.jpg 300w, https:\/\/labestiadeportiva.com\/lbd\/wp-content\/uploads\/2014\/04\/104_0327.jpg 448w\" sizes=\"(max-width: 300px) 100vw, 300px\" \/><\/a>El pasado viernes se llevaron a cabo el pre selectivo hacia los Juegos EPADE 2014 para deportistas con discapacidad en las disciplinas atletismo y nataci\u00f3n. M\u00e1s de 40 deportistas formaron parte de la actividad que se desarroll\u00f3 en el natatorio y pista municipal. La cita patag\u00f3nica ser\u00e1 en la provincia de Chubut del 11 al 16 de mayo pr\u00f3ximo. Foto gentileza prensa Secretar\u00eda de Deportes Provincial.<!--more--><\/p>\n<p class=\"MsoNormal\">Las acciones comenzaron a las doce del mediod\u00eda en el natatorio municipal \u201cAna Karelovich\u201d cedido gentilmente por la subsecretar\u00eda de deportes. Se llevaron a cabo los testeos con alrededor de 15 nadadores en 25 metros libres, espalda y pecho y 50 metros libres.<\/p>\n<p class=\"MsoNormal\">Luego de eso todos los atletas participantes se trasladaron al CAAD, instituci\u00f3n organizadora del <span style=\"mso-spacerun: yes;\">\u00a0<\/span>evento en conjunto con la Secretar\u00eda de Deportes Provincial, para el almuerzo.<\/p>\n<p class=\"MsoNormal\">Para finalizar, desde las 15, lleg\u00f3 el turno de testear a los atletas en la pista municipal Oscar \u201cCabez\u00f3n\u201d Oyarz\u00fan. Se efectuaron pruebas de pista en 80 y 150 metros, como as\u00ed tambi\u00e9n de campo en salto en largo, lanzamiento de bala y jabalina.<\/p>\n<p class=\"MsoNormal\">En total participaron m\u00e1s de 40 deportistas, un verdadero logro si se tiene en cuenta que en la edici\u00f3n 2013 fueron de la partida solo 25 deportistas, sin poder realizar el testeo de nataci\u00f3n.<\/p>\n<p class=\"MsoNormal\">Los deportistas con discapacidad siguen creciendo y prepar\u00e1ndose cada vez m\u00e1s para todo tipo de eventos.<\/p>\n<div class='epvc-post-count'><span class='epvc-eye'><\/span>  <span class=\"epvc-count\"> 953<\/span><span class='epvc-label'> veces le\u00edda<\/span><\/div>\n<div class=\"jwsharethis\">\nShare this: \n<br \/>\n<a href=\"mailto:?subject=Pre%20selectivos%20rumbo%20a%20los%20EPADE&amp;body=https%3A%2F%2Flabestiadeportiva.com%2Flbd%2Fpre-selectivos-rumbo-a-los-epade%2F\">\n<img src=\"https:\/\/labestiadeportiva.com\/lbd\/wp-content\/plugins\/jw-share-this\/email.png\" alt=\"Share this page via Email\" \/>\n<\/a>\n<a target=\"_blank\" href=\"http:\/\/www.stumbleupon.com\/submit?url=https%3A%2F%2Flabestiadeportiva.com%2Flbd%2Fpre-selectivos-rumbo-a-los-epade%2F&amp;title=Pre+selectivos+rumbo+a+los+EPADE\">\n<img src=\"https:\/\/labestiadeportiva.com\/lbd\/wp-content\/plugins\/jw-share-this\/su.png\" alt=\"Share this page via Stumble Upon\" \/>\n<\/a>\n<a target=\"_blank\" href=\"http:\/\/digg.com\/submit?url=https%3A%2F%2Flabestiadeportiva.com%2Flbd%2Fpre-selectivos-rumbo-a-los-epade%2F&amp;title=Pre+selectivos+rumbo+a+los+EPADE\">\n<img src=\"https:\/\/labestiadeportiva.com\/lbd\/wp-content\/plugins\/jw-share-this\/digg.png\" alt=\"Share this page via Digg this\" \/>\n<\/a>\n<a target=\"_blank\" href=\"http:\/\/www.facebook.com\/sharer.php?u=https%3A%2F%2Flabestiadeportiva.com%2Flbd%2Fpre-selectivos-rumbo-a-los-epade%2F&amp;t=Pre+selectivos+rumbo+a+los+EPADE\">\n<img src=\"https:\/\/labestiadeportiva.com\/lbd\/wp-content\/plugins\/jw-share-this\/fb.png\" alt=\"Share this page via Facebook\" \/>\n<\/a>\n<a target=\"_blank\" href=\"http:\/\/twitter.com\/intent\/tweet?text=I+like+https%3A%2F%2Flabestiadeportiva.com%2Flbd%2Fpre-selectivos-rumbo-a-los-epade%2F&amp;title=Pre+selectivos+rumbo+a+los+EPADE\">\n<img src=\"https:\/\/labestiadeportiva.com\/lbd\/wp-content\/plugins\/jw-share-this\/twitter.png\" alt=\"Share this page via Twitter\" \/>\n<\/a>\n<\/div>\n","protected":false},"excerpt":{"rendered":"<p>Por Lisandro Muhoberac (Discapacidad para LBD) El pasado viernes se llevaron a cabo el pre selectivo hacia los Juegos EPADE 2014 para deportistas con discapacidad en las disciplinas atletismo y nataci\u00f3n. M\u00e1s de 40 deportistas formaron parte de la actividad que se desarroll\u00f3 en el natatorio y pista municipal. La cita patag\u00f3nica ser\u00e1 en la &hellip; <a href=\"https:\/\/labestiadeportiva.com\/lbd\/pre-selectivos-rumbo-a-los-epade\/\" class=\"more-link\">Seguir leyendo <span class=\"screen-reader-text\">Pre selectivos rumbo a los EPADE<\/span> <span class=\"meta-nav\">&rarr;<\/span><\/a><\/p>\n","protected":false},"author":1,"featured_media":10313,"comment_status":"open","ping_status":"open","sticky":false,"template":"","format":"standard","meta":[],"categories":[22,5,1],"tags":[689,1415,1414],"_links":{"self":[{"href":"https:\/\/labestiadeportiva.com\/lbd\/wp-json\/wp\/v2\/posts\/10312"}],"collection":[{"href":"https:\/\/labestiadeportiva.com\/lbd\/wp-json\/wp\/v2\/posts"}],"about":[{"href":"https:\/\/labestiadeportiva.com\/lbd\/wp-json\/wp\/v2\/types\/post"}],"author":[{"embeddable":true,"href":"https:\/\/labestiadeportiva.com\/lbd\/wp-json\/wp\/v2\/users\/1"}],"replies":[{"embeddable":true,"href":"https:\/\/labestiadeportiva.com\/lbd\/wp-json\/wp\/v2\/comments?post=10312"}],"version-history":[{"count":1,"href":"https:\/\/labestiadeportiva.com\/lbd\/wp-json\/wp\/v2\/posts\/10312\/revisions"}],"predecessor-version":[{"id":10314,"href":"https:\/\/labestiadeportiva.com\/lbd\/wp-json\/wp\/v2\/posts\/10312\/revisions\/10314"}],"wp:featuredmedia":[{"embeddable":true,"href":"https:\/\/labestiadeportiva.com\/lbd\/wp-json\/wp\/v2\/media\/10313"}],"wp:attachment":[{"href":"https:\/\/labestiadeportiva.com\/lbd\/wp-json\/wp\/v2\/media?parent=10312"}],"wp:term":[{"taxonomy":"category","embeddable":true,"href":"https:\/\/labestiadeportiva.com\/lbd\/wp-json\/wp\/v2\/categories?post=10312"},{"taxonomy":"post_tag","embeddable":true,"href":"https:\/\/labestiadeportiva.com\/lbd\/wp-json\/wp\/v2\/tags?post=10312"}],"curies":[{"name":"wp","href":"https:\/\/api.w.org\/{rel}","templated":true}]}}