{"id":10367,"date":"2014-04-20T13:21:40","date_gmt":"2014-04-20T13:21:40","guid":{"rendered":"http:\/\/labestiadeportiva.com\/lbd\/?p=10367"},"modified":"2014-04-20T13:26:01","modified_gmt":"2014-04-20T13:26:01","slug":"el-dia-sonado","status":"publish","type":"post","link":"https:\/\/labestiadeportiva.com\/lbd\/el-dia-sonado\/","title":{"rendered":"El d\u00eda so\u00f1ado"},"content":{"rendered":"<p><em>Por MZL Deportes (Corresponsal LBD en Buenos Aires)<\/em><\/p>\n<p><a href=\"http:\/\/labestiadeportiva.com\/lbd\/wp-content\/uploads\/2014\/04\/MZL-22.jpg\"><img loading=\"lazy\" class=\"alignleft  wp-image-10368\" title=\"MZL -Arciero-\" src=\"http:\/\/labestiadeportiva.com\/lbd\/wp-content\/uploads\/2014\/04\/MZL-22.jpg\" alt=\"\" width=\"295\" height=\"393\" srcset=\"https:\/\/labestiadeportiva.com\/lbd\/wp-content\/uploads\/2014\/04\/MZL-22.jpg 1024w, https:\/\/labestiadeportiva.com\/lbd\/wp-content\/uploads\/2014\/04\/MZL-22-225x300.jpg 225w, https:\/\/labestiadeportiva.com\/lbd\/wp-content\/uploads\/2014\/04\/MZL-22-768x1024.jpg 768w\" sizes=\"(max-width: 295px) 100vw, 295px\" \/><\/a><\/p>\n<p>El ushuaiense Rodrigo Arciero debut\u00f3 el jueves pasado vistiendo la camiseta de All Boys en la igualdad 1-1 ante Arsenal en Floresta y alcanz\u00f3 su debut en la Primera Divisi\u00f3n del F\u00fatbol Argentino. En di\u00e1logo con nosotros coment\u00f3 sus sensaciones.<br \/>\n<!--moreLeer nota completa --><\/p>\n<p>Y un d\u00eda lleg\u00f3 esa oportunidad tan buscada, ansiada y por la que se ha dejado la piel a pesar de las distancias. Rodri Arciero se convirti\u00f3 este jueves en el primer futbolista nacido y criado en Ushuaia que sale como titular en un elenco de la m\u00e1xima categor\u00eda de nuestro f\u00fatbol.<\/p>\n<p>Con el dorsal 18 en su espalda, en honor al n\u00famero favorito de su padre, Arciero sali\u00f3 como el 3 del Albo que necesitaba imperiosamente sumar un triunfo para seguir aspirando a salvarse del descenso.<\/p>\n<p>No fue un encuentro f\u00e1cil para hacer su presencia bautismal por las presiones a las que est\u00e1 sometido el club (deudas econ\u00f3micas) y, m\u00e1s a\u00fan, teniendo en cuenta que el fueguino debe hacer las cosas bien para seguir con chances de tener m\u00e1s minutos (ven\u00eda de ir al banco de suplentes ante River y Tigre).<\/p>\n<p>Sin embargo la actuaci\u00f3n de Rodri fue m\u00e1s que aceptable, sin cometer errores e impulsando al equipo a ir para adelante cuando el marcador le era desfavorable. Se lo not\u00f3 muy concentrado y metido en su funci\u00f3n de lateral izquierdo impidiendo la llegada del Arse por ese sector.<\/p>\n<p><span style=\"color: #ff0000;\"><em>\u201cCuando me prob\u00f3 el Negro en el 11 inicial me sorprendi\u00f3 mucho, pero lo tom\u00e9 con calma entrenando toda la semana de la mejor manera para quedarme tranquilo que hab\u00eda dejado todo para tener esa oportunidad que tanto buscaba\u201d<\/em><\/span>, comenz\u00f3 diciendo el capitalino en di\u00e1logo con nosotros.<\/p>\n<p style=\"text-align: center;\"><a href=\"http:\/\/labestiadeportiva.com\/lbd\/wp-content\/uploads\/2014\/04\/MZL-3.jpg\"><img loading=\"lazy\" class=\" wp-image-10369 aligncenter\" title=\"MZL -Arciero-\" src=\"http:\/\/labestiadeportiva.com\/lbd\/wp-content\/uploads\/2014\/04\/MZL-3.jpg\" alt=\"\" width=\"491\" height=\"369\" srcset=\"https:\/\/labestiadeportiva.com\/lbd\/wp-content\/uploads\/2014\/04\/MZL-3.jpg 1024w, https:\/\/labestiadeportiva.com\/lbd\/wp-content\/uploads\/2014\/04\/MZL-3-300x225.jpg 300w\" sizes=\"(max-width: 491px) 100vw, 491px\" \/><\/a><\/p>\n<p>Y a\u00f1adi\u00f3 en relaci\u00f3n a sus sentimientos: <span style=\"color: #ff0000;\"><em>\u201cCuando me enter\u00e9 que finalmente iba de titular estuve muy tranquilo en la concentraci\u00f3n, pero cuando \u00edbamos a la cancha en el micro ya se me ven\u00edan mil recuerdos a mi cabeza: familiares, amigos, mi novia que siempre est\u00e1n y siempre me apoyaron, gente que el futbol me hizo conocer que me tuvieron fe como Javier Eposto y tambi\u00e9n todo lo que hab\u00eda luchado y el esfuerzo que hice yo y mi familia para llegar a ese momento tan so\u00f1ado\u201d<\/em><\/span>.<\/p>\n<p>El lunes por la tarde All Boys visitar\u00e1 en El Bosque a uno de los candidatos, Gimnasia y Esgrima La Plata, en un choque clave para seguir aspirando a la permanencia.<\/p>\n<p>Todav\u00eda el entrenador no dio a conocer el listado para dicho cotejo, aunque esperamos que Rodri pueda estar nuevamente entre los concentrados. No obstante, \u00e9l no se desespera: <span style=\"color: #ff0000;\"><em>\u201cAhora seguir\u00e9 entrenando como lo hice siempre con muchas ganas porque es lo que me apasion\u00f3. Creo que rend\u00ed un examen muy importante en mi carrera que reci\u00e9n comienza. Estoy muy feliz\u201d<\/em><\/span>.<\/p>\n<div class='epvc-post-count'><span class='epvc-eye'><\/span>  <span class=\"epvc-count\"> 1.137<\/span><span class='epvc-label'> veces le\u00edda<\/span><\/div>\n<div class=\"jwsharethis\">\nShare this: \n<br \/>\n<a href=\"mailto:?subject=El%20d%C3%ADa%20so%C3%B1ado&amp;body=https%3A%2F%2Flabestiadeportiva.com%2Flbd%2Fel-dia-sonado%2F\">\n<img src=\"https:\/\/labestiadeportiva.com\/lbd\/wp-content\/plugins\/jw-share-this\/email.png\" alt=\"Share this page via Email\" \/>\n<\/a>\n<a target=\"_blank\" href=\"http:\/\/www.stumbleupon.com\/submit?url=https%3A%2F%2Flabestiadeportiva.com%2Flbd%2Fel-dia-sonado%2F&amp;title=El+d%C3%ADa+so%C3%B1ado\">\n<img src=\"https:\/\/labestiadeportiva.com\/lbd\/wp-content\/plugins\/jw-share-this\/su.png\" alt=\"Share this page via Stumble Upon\" \/>\n<\/a>\n<a target=\"_blank\" href=\"http:\/\/digg.com\/submit?url=https%3A%2F%2Flabestiadeportiva.com%2Flbd%2Fel-dia-sonado%2F&amp;title=El+d%C3%ADa+so%C3%B1ado\">\n<img src=\"https:\/\/labestiadeportiva.com\/lbd\/wp-content\/plugins\/jw-share-this\/digg.png\" alt=\"Share this page via Digg this\" \/>\n<\/a>\n<a target=\"_blank\" href=\"http:\/\/www.facebook.com\/sharer.php?u=https%3A%2F%2Flabestiadeportiva.com%2Flbd%2Fel-dia-sonado%2F&amp;t=El+d%C3%ADa+so%C3%B1ado\">\n<img src=\"https:\/\/labestiadeportiva.com\/lbd\/wp-content\/plugins\/jw-share-this\/fb.png\" alt=\"Share this page via Facebook\" \/>\n<\/a>\n<a target=\"_blank\" href=\"http:\/\/twitter.com\/intent\/tweet?text=I+like+https%3A%2F%2Flabestiadeportiva.com%2Flbd%2Fel-dia-sonado%2F&amp;title=El+d%C3%ADa+so%C3%B1ado\">\n<img src=\"https:\/\/labestiadeportiva.com\/lbd\/wp-content\/plugins\/jw-share-this\/twitter.png\" alt=\"Share this page via Twitter\" \/>\n<\/a>\n<\/div>\n","protected":false},"excerpt":{"rendered":"<p>Por MZL Deportes (Corresponsal LBD en Buenos Aires) El ushuaiense Rodrigo Arciero debut\u00f3 el jueves pasado vistiendo la camiseta de All Boys en la igualdad 1-1 ante Arsenal en Floresta y alcanz\u00f3 su debut en la Primera Divisi\u00f3n del F\u00fatbol Argentino. En di\u00e1logo con nosotros coment\u00f3 sus sensaciones. 1.137 veces le\u00edda Share this:<\/p>\n","protected":false},"author":1,"featured_media":10368,"comment_status":"open","ping_status":"open","sticky":false,"template":"","format":"standard","meta":[],"categories":[5,6,60,628,1],"tags":[315,310,1335,103,798,485],"_links":{"self":[{"href":"https:\/\/labestiadeportiva.com\/lbd\/wp-json\/wp\/v2\/posts\/10367"}],"collection":[{"href":"https:\/\/labestiadeportiva.com\/lbd\/wp-json\/wp\/v2\/posts"}],"about":[{"href":"https:\/\/labestiadeportiva.com\/lbd\/wp-json\/wp\/v2\/types\/post"}],"author":[{"embeddable":true,"href":"https:\/\/labestiadeportiva.com\/lbd\/wp-json\/wp\/v2\/users\/1"}],"replies":[{"embeddable":true,"href":"https:\/\/labestiadeportiva.com\/lbd\/wp-json\/wp\/v2\/comments?post=10367"}],"version-history":[{"count":3,"href":"https:\/\/labestiadeportiva.com\/lbd\/wp-json\/wp\/v2\/posts\/10367\/revisions"}],"predecessor-version":[{"id":10372,"href":"https:\/\/labestiadeportiva.com\/lbd\/wp-json\/wp\/v2\/posts\/10367\/revisions\/10372"}],"wp:featuredmedia":[{"embeddable":true,"href":"https:\/\/labestiadeportiva.com\/lbd\/wp-json\/wp\/v2\/media\/10368"}],"wp:attachment":[{"href":"https:\/\/labestiadeportiva.com\/lbd\/wp-json\/wp\/v2\/media?parent=10367"}],"wp:term":[{"taxonomy":"category","embeddable":true,"href":"https:\/\/labestiadeportiva.com\/lbd\/wp-json\/wp\/v2\/categories?post=10367"},{"taxonomy":"post_tag","embeddable":true,"href":"https:\/\/labestiadeportiva.com\/lbd\/wp-json\/wp\/v2\/tags?post=10367"}],"curies":[{"name":"wp","href":"https:\/\/api.w.org\/{rel}","templated":true}]}}