{"id":10419,"date":"2014-04-22T19:59:49","date_gmt":"2014-04-22T19:59:49","guid":{"rendered":"http:\/\/labestiadeportiva.com\/lbd\/?p=10419"},"modified":"2014-04-22T19:59:49","modified_gmt":"2014-04-22T19:59:49","slug":"se-viene-el-futsal-afa","status":"publish","type":"post","link":"https:\/\/labestiadeportiva.com\/lbd\/se-viene-el-futsal-afa\/","title":{"rendered":"Se viene el futsal AFA"},"content":{"rendered":"<p class=\"MsoNormal\"><a href=\"http:\/\/labestiadeportiva.com\/lbd\/wp-content\/uploads\/2014\/04\/MG_4413.jpg\"><img loading=\"lazy\" class=\"alignleft size-medium wp-image-10420\" title=\"_MG_4413\" src=\"http:\/\/labestiadeportiva.com\/lbd\/wp-content\/uploads\/2014\/04\/MG_4413-300x170.jpg\" alt=\"\" width=\"300\" height=\"170\" srcset=\"https:\/\/labestiadeportiva.com\/lbd\/wp-content\/uploads\/2014\/04\/MG_4413-300x170.jpg 300w, https:\/\/labestiadeportiva.com\/lbd\/wp-content\/uploads\/2014\/04\/MG_4413.jpg 448w\" sizes=\"(max-width: 300px) 100vw, 300px\" \/><\/a>A partir del pr\u00f3ximo s\u00e1bado comenzar\u00e1 la competici\u00f3n bajo techo organizada por la Liga Ushuaiense. Se confirmaron dos escenarios, la cancha 1 y 2 del \u201cCochocho\u201d Vargas y el gimnasio del CECU. Los detalles sobre la competencia por venir se conocer\u00e1n esta noche en la reuni\u00f3n a efectuarse en la \u201cCasita del F\u00fatbol\u201d. Desde el Departamento de Futsal se envi\u00f3 el siguiente comunicado que compartimos.<!--more--><\/p>\n<p><span style=\"color: #0000ff;\">El Departamento\u00a0 de Futsal AFA de la Liga Ushuaiense de F\u00fatbol<\/span><br \/>\n<span style=\"color: #0000ff;\">cita a los delegados de todos los equipos a la reuni\u00f3n a llevarse a cabo el\u00a0 d\u00eda martes 22 de abril a las\u00a0 20.00 horas en instalaciones de la \u201cCasita del F\u00fatbol\u201d donde se realizar\u00e9 el sorteo\u00a0 de la competencia de primera divisi\u00f3n bajo techo. Se ruega puntual asistencia.<\/span><\/p>\n<div class='epvc-post-count'><span class='epvc-eye'><\/span>  <span class=\"epvc-count\"> 1.111<\/span><span class='epvc-label'> veces le\u00edda<\/span><\/div>\n<div class=\"jwsharethis\">\nShare this: \n<br \/>\n<a href=\"mailto:?subject=Se%20viene%20el%20futsal%20AFA&amp;body=https%3A%2F%2Flabestiadeportiva.com%2Flbd%2Fse-viene-el-futsal-afa%2F\">\n<img src=\"https:\/\/labestiadeportiva.com\/lbd\/wp-content\/plugins\/jw-share-this\/email.png\" alt=\"Share this page via Email\" \/>\n<\/a>\n<a target=\"_blank\" href=\"http:\/\/www.stumbleupon.com\/submit?url=https%3A%2F%2Flabestiadeportiva.com%2Flbd%2Fse-viene-el-futsal-afa%2F&amp;title=Se+viene+el+futsal+AFA\">\n<img src=\"https:\/\/labestiadeportiva.com\/lbd\/wp-content\/plugins\/jw-share-this\/su.png\" alt=\"Share this page via Stumble Upon\" \/>\n<\/a>\n<a target=\"_blank\" href=\"http:\/\/digg.com\/submit?url=https%3A%2F%2Flabestiadeportiva.com%2Flbd%2Fse-viene-el-futsal-afa%2F&amp;title=Se+viene+el+futsal+AFA\">\n<img src=\"https:\/\/labestiadeportiva.com\/lbd\/wp-content\/plugins\/jw-share-this\/digg.png\" alt=\"Share this page via Digg this\" \/>\n<\/a>\n<a target=\"_blank\" href=\"http:\/\/www.facebook.com\/sharer.php?u=https%3A%2F%2Flabestiadeportiva.com%2Flbd%2Fse-viene-el-futsal-afa%2F&amp;t=Se+viene+el+futsal+AFA\">\n<img src=\"https:\/\/labestiadeportiva.com\/lbd\/wp-content\/plugins\/jw-share-this\/fb.png\" alt=\"Share this page via Facebook\" \/>\n<\/a>\n<a target=\"_blank\" href=\"http:\/\/twitter.com\/intent\/tweet?text=I+like+https%3A%2F%2Flabestiadeportiva.com%2Flbd%2Fse-viene-el-futsal-afa%2F&amp;title=Se+viene+el+futsal+AFA\">\n<img src=\"https:\/\/labestiadeportiva.com\/lbd\/wp-content\/plugins\/jw-share-this\/twitter.png\" alt=\"Share this page via Twitter\" \/>\n<\/a>\n<\/div>\n","protected":false},"excerpt":{"rendered":"<p>A partir del pr\u00f3ximo s\u00e1bado comenzar\u00e1 la competici\u00f3n bajo techo organizada por la Liga Ushuaiense. Se confirmaron dos escenarios, la cancha 1 y 2 del \u201cCochocho\u201d Vargas y el gimnasio del CECU. Los detalles sobre la competencia por venir se conocer\u00e1n esta noche en la reuni\u00f3n a efectuarse en la \u201cCasita del F\u00fatbol\u201d. Desde el &hellip; <a href=\"https:\/\/labestiadeportiva.com\/lbd\/se-viene-el-futsal-afa\/\" class=\"more-link\">Seguir leyendo <span class=\"screen-reader-text\">Se viene el futsal AFA<\/span> <span class=\"meta-nav\">&rarr;<\/span><\/a><\/p>\n","protected":false},"author":1,"featured_media":10420,"comment_status":"open","ping_status":"open","sticky":false,"template":"","format":"standard","meta":[],"categories":[5,47,1],"tags":[30,48,83],"_links":{"self":[{"href":"https:\/\/labestiadeportiva.com\/lbd\/wp-json\/wp\/v2\/posts\/10419"}],"collection":[{"href":"https:\/\/labestiadeportiva.com\/lbd\/wp-json\/wp\/v2\/posts"}],"about":[{"href":"https:\/\/labestiadeportiva.com\/lbd\/wp-json\/wp\/v2\/types\/post"}],"author":[{"embeddable":true,"href":"https:\/\/labestiadeportiva.com\/lbd\/wp-json\/wp\/v2\/users\/1"}],"replies":[{"embeddable":true,"href":"https:\/\/labestiadeportiva.com\/lbd\/wp-json\/wp\/v2\/comments?post=10419"}],"version-history":[{"count":2,"href":"https:\/\/labestiadeportiva.com\/lbd\/wp-json\/wp\/v2\/posts\/10419\/revisions"}],"predecessor-version":[{"id":10422,"href":"https:\/\/labestiadeportiva.com\/lbd\/wp-json\/wp\/v2\/posts\/10419\/revisions\/10422"}],"wp:featuredmedia":[{"embeddable":true,"href":"https:\/\/labestiadeportiva.com\/lbd\/wp-json\/wp\/v2\/media\/10420"}],"wp:attachment":[{"href":"https:\/\/labestiadeportiva.com\/lbd\/wp-json\/wp\/v2\/media?parent=10419"}],"wp:term":[{"taxonomy":"category","embeddable":true,"href":"https:\/\/labestiadeportiva.com\/lbd\/wp-json\/wp\/v2\/categories?post=10419"},{"taxonomy":"post_tag","embeddable":true,"href":"https:\/\/labestiadeportiva.com\/lbd\/wp-json\/wp\/v2\/tags?post=10419"}],"curies":[{"name":"wp","href":"https:\/\/api.w.org\/{rel}","templated":true}]}}