{"id":1053,"date":"2012-10-14T12:32:29","date_gmt":"2012-10-14T12:32:29","guid":{"rendered":"http:\/\/labestiadeportiva.com\/lbd\/?p=1053"},"modified":"2012-10-14T12:32:29","modified_gmt":"2012-10-14T12:32:29","slug":"red-bull-si-tiene-alas","status":"publish","type":"post","link":"https:\/\/labestiadeportiva.com\/lbd\/red-bull-si-tiene-alas\/","title":{"rendered":"Red Bull, s\u00ed tiene alas"},"content":{"rendered":"<p>Por Daniel Campos (Corresponsal LBD en Palma de Mallorca, Espa\u00f1a)<\/p>\n<p><a href=\"http:\/\/labestiadeportiva.com\/lbd\/wp-content\/uploads\/2012\/10\/trioKorea.jpg\"><img loading=\"lazy\" class=\"alignleft size-medium wp-image-1054\" title=\"trioKorea\" src=\"http:\/\/labestiadeportiva.com\/lbd\/wp-content\/uploads\/2012\/10\/trioKorea-300x159.jpg\" alt=\"\" width=\"300\" height=\"159\" srcset=\"https:\/\/labestiadeportiva.com\/lbd\/wp-content\/uploads\/2012\/10\/trioKorea-300x159.jpg 300w, https:\/\/labestiadeportiva.com\/lbd\/wp-content\/uploads\/2012\/10\/trioKorea.jpg 579w\" sizes=\"(max-width: 300px) 100vw, 300px\" \/><\/a>El australiano Mark Webber con Red Bull ha sido el m\u00e1s r\u00e1pido en Yeonman. Cn un tiempo de 1:37: 242, junto a su compa\u00f1ero de equipo Sebasti\u00e1n Vettel han copado la primer l\u00ednea de salida del Gran Premio de Corea.<\/p>\n<p>De esta manera el dominio de la escuder\u00eda austr\u00edaca ha sido la t\u00f3nica de este fin de semana, veremos si ma\u00f1ana se traslada tambi\u00e9n a la carrera. Por detr\u00e1s de los monoplazas de la\u00a0 bebida energ\u00e9tica, Lewis Hamilton con McLaren y el l\u00edder del Mundial, Fernando Alonso, con Ferrari, saldr\u00e1n desde la segunda fila.<!--morePara leer Click Aqu\u00ed--><\/p>\n<p>Ambos pilotos lo intentaron, pero la velocidad punta de los motores Renault, dan esas d\u00e9cimas de diferencia que las separa del resto. El espa\u00f1ol de Ferrari coment\u00f3 que si bien est\u00e1 luchando contra el auto m\u00e1s veloz de la parilla, se le puede combatir con otras armas.<\/p>\n<p>Tal vez una acertada estrategia de paradas y una correcta elecci\u00f3n de neum\u00e1ticos, aprovechar mejor las largas rectas del trazado coreano o esperar que no suceda nada extra\u00f1o en la salida, ya que por detr\u00e1s del asturiano, saldr\u00e1 Raikkonen.<\/p>\n<p>El piloto de Renault no trae muy buenos recuerdos tras lo sucedido en Suzuka la semana pasada al l\u00edder del torneo. La prueba de ma\u00f1ana seg\u00fan las previsiones meteorol\u00f3gicas no presenta complicaciones hasta el momento, as\u00ed que se espera buen tiempo.<\/p>\n<p>En la recta final de la temporada, ya no hay margen para el error, el t\u00edtulo es asunto de dos hombres, dos bicampeones que quieren sumar una nueva estrella en su palmar\u00e9s, aunque Raikkonen tenga opciones matem\u00e1ticas de sumarse a la fiesta.<\/p>\n<p>No estar\u00eda mal para el espect\u00e1culo, pero mejor dejemos que la F\u00f3rmula Uno siga su curso y ma\u00f1ana hablen los protagonistas.<\/p>\n<div class='epvc-post-count'><span class='epvc-eye'><\/span>  <span class=\"epvc-count\"> 1.259<\/span><span class='epvc-label'> veces le\u00edda<\/span><\/div>\n<div class=\"jwsharethis\">\nShare this: \n<br \/>\n<a href=\"mailto:?subject=Red%20Bull%2C%20s%C3%AD%20tiene%20alas&amp;body=https%3A%2F%2Flabestiadeportiva.com%2Flbd%2Fred-bull-si-tiene-alas%2F\">\n<img src=\"https:\/\/labestiadeportiva.com\/lbd\/wp-content\/plugins\/jw-share-this\/email.png\" alt=\"Share this page via Email\" \/>\n<\/a>\n<a target=\"_blank\" href=\"http:\/\/www.stumbleupon.com\/submit?url=https%3A%2F%2Flabestiadeportiva.com%2Flbd%2Fred-bull-si-tiene-alas%2F&amp;title=Red+Bull%2C+s%C3%AD+tiene+alas\">\n<img src=\"https:\/\/labestiadeportiva.com\/lbd\/wp-content\/plugins\/jw-share-this\/su.png\" alt=\"Share this page via Stumble Upon\" \/>\n<\/a>\n<a target=\"_blank\" href=\"http:\/\/digg.com\/submit?url=https%3A%2F%2Flabestiadeportiva.com%2Flbd%2Fred-bull-si-tiene-alas%2F&amp;title=Red+Bull%2C+s%C3%AD+tiene+alas\">\n<img src=\"https:\/\/labestiadeportiva.com\/lbd\/wp-content\/plugins\/jw-share-this\/digg.png\" alt=\"Share this page via Digg this\" \/>\n<\/a>\n<a target=\"_blank\" href=\"http:\/\/www.facebook.com\/sharer.php?u=https%3A%2F%2Flabestiadeportiva.com%2Flbd%2Fred-bull-si-tiene-alas%2F&amp;t=Red+Bull%2C+s%C3%AD+tiene+alas\">\n<img src=\"https:\/\/labestiadeportiva.com\/lbd\/wp-content\/plugins\/jw-share-this\/fb.png\" alt=\"Share this page via Facebook\" \/>\n<\/a>\n<a target=\"_blank\" href=\"http:\/\/twitter.com\/intent\/tweet?text=I+like+https%3A%2F%2Flabestiadeportiva.com%2Flbd%2Fred-bull-si-tiene-alas%2F&amp;title=Red+Bull%2C+s%C3%AD+tiene+alas\">\n<img src=\"https:\/\/labestiadeportiva.com\/lbd\/wp-content\/plugins\/jw-share-this\/twitter.png\" alt=\"Share this page via Twitter\" \/>\n<\/a>\n<\/div>\n","protected":false},"excerpt":{"rendered":"<p>Por Daniel Campos (Corresponsal LBD en Palma de Mallorca, Espa\u00f1a) El australiano Mark Webber con Red Bull ha sido el m\u00e1s r\u00e1pido en Yeonman. Cn un tiempo de 1:37: 242, junto a su compa\u00f1ero de equipo Sebasti\u00e1n Vettel han copado la primer l\u00ednea de salida del Gran Premio de Corea. De esta manera el dominio &hellip; <a href=\"https:\/\/labestiadeportiva.com\/lbd\/red-bull-si-tiene-alas\/\" class=\"more-link\">Seguir leyendo <span class=\"screen-reader-text\">Red Bull, s\u00ed tiene alas<\/span> <span class=\"meta-nav\">&rarr;<\/span><\/a><\/p>\n","protected":false},"author":1,"featured_media":1054,"comment_status":"open","ping_status":"open","sticky":false,"template":"","format":"standard","meta":[],"categories":[4,33,1],"tags":[154],"_links":{"self":[{"href":"https:\/\/labestiadeportiva.com\/lbd\/wp-json\/wp\/v2\/posts\/1053"}],"collection":[{"href":"https:\/\/labestiadeportiva.com\/lbd\/wp-json\/wp\/v2\/posts"}],"about":[{"href":"https:\/\/labestiadeportiva.com\/lbd\/wp-json\/wp\/v2\/types\/post"}],"author":[{"embeddable":true,"href":"https:\/\/labestiadeportiva.com\/lbd\/wp-json\/wp\/v2\/users\/1"}],"replies":[{"embeddable":true,"href":"https:\/\/labestiadeportiva.com\/lbd\/wp-json\/wp\/v2\/comments?post=1053"}],"version-history":[{"count":1,"href":"https:\/\/labestiadeportiva.com\/lbd\/wp-json\/wp\/v2\/posts\/1053\/revisions"}],"predecessor-version":[{"id":1055,"href":"https:\/\/labestiadeportiva.com\/lbd\/wp-json\/wp\/v2\/posts\/1053\/revisions\/1055"}],"wp:featuredmedia":[{"embeddable":true,"href":"https:\/\/labestiadeportiva.com\/lbd\/wp-json\/wp\/v2\/media\/1054"}],"wp:attachment":[{"href":"https:\/\/labestiadeportiva.com\/lbd\/wp-json\/wp\/v2\/media?parent=1053"}],"wp:term":[{"taxonomy":"category","embeddable":true,"href":"https:\/\/labestiadeportiva.com\/lbd\/wp-json\/wp\/v2\/categories?post=1053"},{"taxonomy":"post_tag","embeddable":true,"href":"https:\/\/labestiadeportiva.com\/lbd\/wp-json\/wp\/v2\/tags?post=1053"}],"curies":[{"name":"wp","href":"https:\/\/api.w.org\/{rel}","templated":true}]}}