{"id":10594,"date":"2014-05-07T21:24:31","date_gmt":"2014-05-07T21:24:31","guid":{"rendered":"http:\/\/labestiadeportiva.com\/lbd\/?p=10594"},"modified":"2014-05-07T21:24:31","modified_gmt":"2014-05-07T21:24:31","slug":"el-circuito-arranco-en-ushuaia","status":"publish","type":"post","link":"https:\/\/labestiadeportiva.com\/lbd\/el-circuito-arranco-en-ushuaia\/","title":{"rendered":"El circuito arranc\u00f3 en Ushuaia"},"content":{"rendered":"<p class=\"MsoNormal\" style=\"margin-bottom: .0001pt;\"><a href=\"http:\/\/labestiadeportiva.com\/lbd\/wp-content\/uploads\/2014\/05\/MG_0562.jpg\"><img loading=\"lazy\" class=\"alignleft size-medium wp-image-10595\" title=\"_MG_0562\" src=\"http:\/\/labestiadeportiva.com\/lbd\/wp-content\/uploads\/2014\/05\/MG_0562-300x182.jpg\" alt=\"\" width=\"300\" height=\"182\" srcset=\"https:\/\/labestiadeportiva.com\/lbd\/wp-content\/uploads\/2014\/05\/MG_0562-300x182.jpg 300w, https:\/\/labestiadeportiva.com\/lbd\/wp-content\/uploads\/2014\/05\/MG_0562.jpg 448w\" sizes=\"(max-width: 300px) 100vw, 300px\" \/><\/a>Viernes, s\u00e1bado y domingo para los j\u00f3venes tenistas de la Patagonia sur. La actividad fue organizada por la escuela de la AEP. Se compiti\u00f3 en las categor\u00edas Sub 10, 12, 14, 16 y 18. Valent\u00edn Garay, Ian Bark, J. Guill\u00e9n, Jorge Rulhe y Leo Sol\u00eds ganaron sus segmentos. 52 participantes en cancha quienes jugaron alrededor de 90 partidos.<!--more--><\/p>\n<p class=\"MsoNormal\" style=\"margin-bottom: .0001pt;\">El gimnasio de la Asociaci\u00f3n del Empleado P\u00fablico ubicado en la calle Congreso Nacional del barrio Monte Gallinero fue el lugar elegido para los tres intensos d\u00edas de competencia quienes se midieron en la primera fecha oficial del circuito patag\u00f3nico de menores.<\/p>\n<p class=\"MsoNormal\" style=\"margin-bottom: .0001pt;\"><a href=\"http:\/\/labestiadeportiva.com\/lbd\/wp-content\/uploads\/2014\/05\/10170971_453123184790528_1375639990480701546_n.jpg\"><img loading=\"lazy\" class=\"aligncenter size-medium wp-image-10596\" title=\"10170971_453123184790528_1375639990480701546_n\" src=\"http:\/\/labestiadeportiva.com\/lbd\/wp-content\/uploads\/2014\/05\/10170971_453123184790528_1375639990480701546_n-300x225.jpg\" alt=\"\" width=\"300\" height=\"225\" srcset=\"https:\/\/labestiadeportiva.com\/lbd\/wp-content\/uploads\/2014\/05\/10170971_453123184790528_1375639990480701546_n-300x225.jpg 300w, https:\/\/labestiadeportiva.com\/lbd\/wp-content\/uploads\/2014\/05\/10170971_453123184790528_1375639990480701546_n.jpg 960w\" sizes=\"(max-width: 300px) 100vw, 300px\" \/><\/a>A la hora de las definiciones en el segmento menor, Sub 10, el cr\u00e9dito local perteneciente a la Escuela \u201cFin del Mundo\u201d Valent\u00edn Garay de tan solo 7 a\u00f1os se impuso en el super tie break por 10 a 5 al galleguense Federico Heesch luego de caer 6\/4 en el primer set y vencer en el segundo por el mismo marcador.<\/p>\n<p class=\"MsoNormal\" style=\"margin-bottom: .0001pt;\">En Sub 12 el joven de R\u00edo Gallegos Ian Bark, perteneciente al club Asturiano derrot\u00f3 a Thiago Hawkins del R\u00edo Gallegos Tenis por 6\/4, 3\/6 y 10 a 5 en el tie break.<\/p>\n<p class=\"MsoNormal\" style=\"margin-bottom: .0001pt;\"><a href=\"http:\/\/labestiadeportiva.com\/lbd\/wp-content\/uploads\/2014\/05\/10314739_453123524790494_6207048057132427396_n.jpg\"><img loading=\"lazy\" class=\"aligncenter size-medium wp-image-10601\" title=\"10314739_453123524790494_6207048057132427396_n\" src=\"http:\/\/labestiadeportiva.com\/lbd\/wp-content\/uploads\/2014\/05\/10314739_453123524790494_6207048057132427396_n-300x225.jpg\" alt=\"\" width=\"300\" height=\"225\" srcset=\"https:\/\/labestiadeportiva.com\/lbd\/wp-content\/uploads\/2014\/05\/10314739_453123524790494_6207048057132427396_n-300x225.jpg 300w, https:\/\/labestiadeportiva.com\/lbd\/wp-content\/uploads\/2014\/05\/10314739_453123524790494_6207048057132427396_n.jpg 960w\" sizes=\"(max-width: 300px) 100vw, 300px\" \/><\/a>En el segmento intermedio, Sub 14, Guill\u00e9n del club Asturiano de la capital santa cruce\u00f1a derrot\u00f3 al riograndense Juan Sciutto del Club Cantera del norte de la isla por 6\/1 y 6\/3.<\/p>\n<p class=\"MsoNormal\" style=\"margin-bottom: .0001pt;\">Otro de los ushuaienses destacados fue Jorge Ruhle de la AEP quien en Sub 16 logr\u00f3 imponerse al riograndense Nicol\u00e1s Greco por 1\/6, 6\/4 y 10\/6 en el tie break.<\/p>\n<p class=\"MsoNormal\" style=\"margin-bottom: .0001pt;\"><a href=\"http:\/\/labestiadeportiva.com\/lbd\/wp-content\/uploads\/2014\/05\/MG_0558.jpg\"><img loading=\"lazy\" class=\"aligncenter size-medium wp-image-10597\" title=\"_MG_0558\" src=\"http:\/\/labestiadeportiva.com\/lbd\/wp-content\/uploads\/2014\/05\/MG_0558-300x177.jpg\" alt=\"\" width=\"300\" height=\"177\" srcset=\"https:\/\/labestiadeportiva.com\/lbd\/wp-content\/uploads\/2014\/05\/MG_0558-300x177.jpg 300w, https:\/\/labestiadeportiva.com\/lbd\/wp-content\/uploads\/2014\/05\/MG_0558.jpg 448w\" sizes=\"(max-width: 300px) 100vw, 300px\" \/><\/a>Finalmente el \u00faltimo campe\u00f3n de la fecha fue el local Leo Sol\u00eds de la Escuela \u201cFin del Mundo\u201d quien defini\u00f3 el partido a su favor sobre Nicol\u00e1s Ant\u00fanez<span style=\"mso-spacerun: yes;\">\u00a0 <\/span>en el super tie break por 10 a 7.<\/p>\n<p class=\"MsoNormal\" style=\"margin-bottom: .0001pt;\">A la hora de las menciones especiales el club Cantera de R\u00edo Grande fue el ganador de la primera jornada oficial mientras que el R\u00edo Gallegos Tenis Club a trav\u00e9s de Sebasti\u00e1n Navarro logro la distinci\u00f3n del Fair Play.<\/p>\n<p class=\"MsoNormal\" style=\"margin-bottom: .0001pt;\">Desde la organizaci\u00f3n <span style=\"mso-spacerun: yes;\">\u00a0<\/span>partieron agradecimientos y felicitaciones para todos los jugadores<span style=\"mso-spacerun: yes;\">\u00a0 <\/span>participantes quienes tuvieron un impecable comportamiento tanto dentro como fuera de la cancha.<\/p>\n<p class=\"MsoNormal\" style=\"margin-bottom: .0001pt;\"><a href=\"http:\/\/labestiadeportiva.com\/lbd\/wp-content\/uploads\/2014\/05\/DSCN0244.jpg\"><img loading=\"lazy\" class=\"aligncenter size-medium wp-image-10598\" title=\"DSCN0244\" src=\"http:\/\/labestiadeportiva.com\/lbd\/wp-content\/uploads\/2014\/05\/DSCN0244-300x295.jpg\" alt=\"\" width=\"300\" height=\"295\" srcset=\"https:\/\/labestiadeportiva.com\/lbd\/wp-content\/uploads\/2014\/05\/DSCN0244-300x295.jpg 300w, https:\/\/labestiadeportiva.com\/lbd\/wp-content\/uploads\/2014\/05\/DSCN0244.jpg 341w\" sizes=\"(max-width: 300px) 100vw, 300px\" \/><\/a>La continuidad del circuito ser\u00e1 en el mes de septiembre con la 2\u00b0 fecha en R\u00edo Gallegos organizada por el R\u00edo Gallegos Tenis, en octubre volver\u00e1 a la isla donde el riograndense Cantera ser\u00e1 el organizador para finalmente sobre el polvo de ladrillo del club Asturiano de la capital santacruce\u00f1a cerrar las acciones oficiales en el mes de noviembre.<\/p>\n<p class=\"MsoNormal\" style=\"margin-bottom: .0001pt;\"><a href=\"http:\/\/labestiadeportiva.com\/lbd\/wp-content\/uploads\/2014\/05\/1557737_453123781457135_3954308038283033058_n.jpg\"><img loading=\"lazy\" class=\"aligncenter size-medium wp-image-10599\" title=\"1557737_453123781457135_3954308038283033058_n\" src=\"http:\/\/labestiadeportiva.com\/lbd\/wp-content\/uploads\/2014\/05\/1557737_453123781457135_3954308038283033058_n-300x225.jpg\" alt=\"\" width=\"300\" height=\"225\" srcset=\"https:\/\/labestiadeportiva.com\/lbd\/wp-content\/uploads\/2014\/05\/1557737_453123781457135_3954308038283033058_n-300x225.jpg 300w, https:\/\/labestiadeportiva.com\/lbd\/wp-content\/uploads\/2014\/05\/1557737_453123781457135_3954308038283033058_n.jpg 960w\" sizes=\"(max-width: 300px) 100vw, 300px\" \/><\/a><\/p>\n<div class='epvc-post-count'><span class='epvc-eye'><\/span>  <span class=\"epvc-count\"> 1.210<\/span><span class='epvc-label'> veces le\u00edda<\/span><\/div>\n<div class=\"jwsharethis\">\nShare this: \n<br \/>\n<a href=\"mailto:?subject=El%20circuito%20arranc%C3%B3%20en%20Ushuaia&amp;body=https%3A%2F%2Flabestiadeportiva.com%2Flbd%2Fel-circuito-arranco-en-ushuaia%2F\">\n<img src=\"https:\/\/labestiadeportiva.com\/lbd\/wp-content\/plugins\/jw-share-this\/email.png\" alt=\"Share this page via Email\" \/>\n<\/a>\n<a target=\"_blank\" href=\"http:\/\/www.stumbleupon.com\/submit?url=https%3A%2F%2Flabestiadeportiva.com%2Flbd%2Fel-circuito-arranco-en-ushuaia%2F&amp;title=El+circuito+arranc%C3%B3+en+Ushuaia\">\n<img src=\"https:\/\/labestiadeportiva.com\/lbd\/wp-content\/plugins\/jw-share-this\/su.png\" alt=\"Share this page via Stumble Upon\" \/>\n<\/a>\n<a target=\"_blank\" href=\"http:\/\/digg.com\/submit?url=https%3A%2F%2Flabestiadeportiva.com%2Flbd%2Fel-circuito-arranco-en-ushuaia%2F&amp;title=El+circuito+arranc%C3%B3+en+Ushuaia\">\n<img src=\"https:\/\/labestiadeportiva.com\/lbd\/wp-content\/plugins\/jw-share-this\/digg.png\" alt=\"Share this page via Digg this\" \/>\n<\/a>\n<a target=\"_blank\" href=\"http:\/\/www.facebook.com\/sharer.php?u=https%3A%2F%2Flabestiadeportiva.com%2Flbd%2Fel-circuito-arranco-en-ushuaia%2F&amp;t=El+circuito+arranc%C3%B3+en+Ushuaia\">\n<img src=\"https:\/\/labestiadeportiva.com\/lbd\/wp-content\/plugins\/jw-share-this\/fb.png\" alt=\"Share this page via Facebook\" \/>\n<\/a>\n<a target=\"_blank\" href=\"http:\/\/twitter.com\/intent\/tweet?text=I+like+https%3A%2F%2Flabestiadeportiva.com%2Flbd%2Fel-circuito-arranco-en-ushuaia%2F&amp;title=El+circuito+arranc%C3%B3+en+Ushuaia\">\n<img src=\"https:\/\/labestiadeportiva.com\/lbd\/wp-content\/plugins\/jw-share-this\/twitter.png\" alt=\"Share this page via Twitter\" \/>\n<\/a>\n<\/div>\n","protected":false},"excerpt":{"rendered":"<p>Viernes, s\u00e1bado y domingo para los j\u00f3venes tenistas de la Patagonia sur. La actividad fue organizada por la escuela de la AEP. Se compiti\u00f3 en las categor\u00edas Sub 10, 12, 14, 16 y 18. Valent\u00edn Garay, Ian Bark, J. Guill\u00e9n, Jorge Rulhe y Leo Sol\u00eds ganaron sus segmentos. 52 participantes en cancha quienes jugaron alrededor &hellip; <a href=\"https:\/\/labestiadeportiva.com\/lbd\/el-circuito-arranco-en-ushuaia\/\" class=\"more-link\">Seguir leyendo <span class=\"screen-reader-text\">El circuito arranc\u00f3 en Ushuaia<\/span> <span class=\"meta-nav\">&rarr;<\/span><\/a><\/p>\n","protected":false},"author":1,"featured_media":10595,"comment_status":"open","ping_status":"open","sticky":false,"template":"","format":"standard","meta":[],"categories":[5,6,1],"tags":[389,1460,1459,34],"_links":{"self":[{"href":"https:\/\/labestiadeportiva.com\/lbd\/wp-json\/wp\/v2\/posts\/10594"}],"collection":[{"href":"https:\/\/labestiadeportiva.com\/lbd\/wp-json\/wp\/v2\/posts"}],"about":[{"href":"https:\/\/labestiadeportiva.com\/lbd\/wp-json\/wp\/v2\/types\/post"}],"author":[{"embeddable":true,"href":"https:\/\/labestiadeportiva.com\/lbd\/wp-json\/wp\/v2\/users\/1"}],"replies":[{"embeddable":true,"href":"https:\/\/labestiadeportiva.com\/lbd\/wp-json\/wp\/v2\/comments?post=10594"}],"version-history":[{"count":1,"href":"https:\/\/labestiadeportiva.com\/lbd\/wp-json\/wp\/v2\/posts\/10594\/revisions"}],"predecessor-version":[{"id":10602,"href":"https:\/\/labestiadeportiva.com\/lbd\/wp-json\/wp\/v2\/posts\/10594\/revisions\/10602"}],"wp:featuredmedia":[{"embeddable":true,"href":"https:\/\/labestiadeportiva.com\/lbd\/wp-json\/wp\/v2\/media\/10595"}],"wp:attachment":[{"href":"https:\/\/labestiadeportiva.com\/lbd\/wp-json\/wp\/v2\/media?parent=10594"}],"wp:term":[{"taxonomy":"category","embeddable":true,"href":"https:\/\/labestiadeportiva.com\/lbd\/wp-json\/wp\/v2\/categories?post=10594"},{"taxonomy":"post_tag","embeddable":true,"href":"https:\/\/labestiadeportiva.com\/lbd\/wp-json\/wp\/v2\/tags?post=10594"}],"curies":[{"name":"wp","href":"https:\/\/api.w.org\/{rel}","templated":true}]}}