{"id":10741,"date":"2014-05-15T02:51:23","date_gmt":"2014-05-15T02:51:23","guid":{"rendered":"http:\/\/labestiadeportiva.com\/lbd\/?p=10741"},"modified":"2014-05-15T15:34:39","modified_gmt":"2014-05-15T15:34:39","slug":"mas-medallas-para-tdf-el-voley-femenino-en-semifinales-fotos-y-videos","status":"publish","type":"post","link":"https:\/\/labestiadeportiva.com\/lbd\/mas-medallas-para-tdf-el-voley-femenino-en-semifinales-fotos-y-videos\/","title":{"rendered":"M\u00e1s medallas para TDF, el v\u00f3ley femenino en semifinales (Fotos y videos)"},"content":{"rendered":"<p><a href=\"http:\/\/labestiadeportiva.com\/lbd\/wp-content\/uploads\/2014\/05\/Voley-femenino-TDF.jpg\"><img loading=\"lazy\" class=\"alignleft size-medium wp-image-10742\" title=\"Voley femenino TDF\" src=\"http:\/\/labestiadeportiva.com\/lbd\/wp-content\/uploads\/2014\/05\/Voley-femenino-TDF-300x204.jpg\" alt=\"\" width=\"300\" height=\"204\" srcset=\"https:\/\/labestiadeportiva.com\/lbd\/wp-content\/uploads\/2014\/05\/Voley-femenino-TDF-300x204.jpg 300w, https:\/\/labestiadeportiva.com\/lbd\/wp-content\/uploads\/2014\/05\/Voley-femenino-TDF.jpg 448w\" sizes=\"(max-width: 300px) 100vw, 300px\" \/><\/a>Contin\u00faa la cosecha de preseas para la delegaci\u00f3n fueguina. Ya son 22, nueve conseguidas durante este mi\u00e9rcoles. Juan G\u00f3mez, Carlos Ludue\u00f1a, Celeste Munutti y Ricardo C\u00e1rcamo fueron oro en salto en largo en discapacidad. Alan Amarilla logr\u00f3 un impecable triunfo en 100 metros mientras que su compa\u00f1era Sol Saucedo fue segunda en los 100 metros con vallas. En judo los hermanos Gustavo y Federico Correa lograron el oro y Ail\u00e9n Villalobos se adjudic\u00f3 la medalla de bronce. El v\u00f3ley femenino finaliz\u00f3 4\u00b0 y jugar\u00e1 semifinales ante las pampeanas quienes marchan invictas.<!--more--><\/p>\n<p><a href=\"http:\/\/labestiadeportiva.com\/lbd\/wp-content\/uploads\/2014\/05\/MG_0871.jpg\"><img loading=\"lazy\" class=\"aligncenter size-medium wp-image-10743\" title=\"_MG_0871\" src=\"http:\/\/labestiadeportiva.com\/lbd\/wp-content\/uploads\/2014\/05\/MG_0871-300x230.jpg\" alt=\"\" width=\"300\" height=\"230\" srcset=\"https:\/\/labestiadeportiva.com\/lbd\/wp-content\/uploads\/2014\/05\/MG_0871-300x230.jpg 300w, https:\/\/labestiadeportiva.com\/lbd\/wp-content\/uploads\/2014\/05\/MG_0871.jpg 437w\" sizes=\"(max-width: 300px) 100vw, 300px\" \/><\/a>Promedia la competencia patag\u00f3nica en la provincia de Chubut. Importante producci\u00f3n fueguina en la pista de sint\u00e9tico comodorense. Por la ma\u00f1ana fue el turno de los atletas con discapacidad quienes descollaron en salto en largo mientras que por la tarde lo mejor lo entregaron el \u201dRayo\u201d Alan Amarilla y Sol Saucedo quienes fueron oro y plata en 100 metros llanos y 100 con vallas.<\/p>\n<p>En la jornada de hoy se culmin\u00f3 la tarea de las pruebas combinadas aunque los resultados oficiales se sabr\u00e1n ma\u00f1ana. Asimismo el jueves se efectuar\u00e1n las pruebas de 200 metros y lanzamiento de disco mientras que el cierre del viernes entregar\u00e1 la prueba pedestre por las calles de la ciudad.<\/p>\n<p>En lo que va de la competencia pudo observarse un constante crecimiento de la disciplina producto del gran trabajo de sus formadores, la cantidad y calidad de los os atletas fueguinos se hace notar donde no solo las medallas son las buenas noticias sino la producci\u00f3n individual de cada atleta que mejora dia a dia su marca personal.<\/p>\n<p><a href=\"http:\/\/labestiadeportiva.com\/lbd\/wp-content\/uploads\/2014\/05\/MG_0887.jpg\"><img loading=\"lazy\" class=\"aligncenter size-medium wp-image-10744\" title=\"_MG_0887\" src=\"http:\/\/labestiadeportiva.com\/lbd\/wp-content\/uploads\/2014\/05\/MG_0887-300x154.jpg\" alt=\"\" width=\"300\" height=\"154\" srcset=\"https:\/\/labestiadeportiva.com\/lbd\/wp-content\/uploads\/2014\/05\/MG_0887-300x154.jpg 300w, https:\/\/labestiadeportiva.com\/lbd\/wp-content\/uploads\/2014\/05\/MG_0887.jpg 448w\" sizes=\"(max-width: 300px) 100vw, 300px\" \/><\/a>Muy cerca de all\u00ed en el gimnasio \u201cIngeniero Huergo\u201d los judocas siguen dando que hablar. Esta ves a trav\u00e9s de los \u201chermanitos\u201d Correa, Gustavo (48) y federico (44) ocuparon lo m\u00e1s alto del podio mientras que Ail\u00e9n Villalobos fue bronce en 44 kilos.<\/p>\n<p>En la pileta lo mejor fue el 4\u00b0 lugar del \u201cTibur\u00f3n\u201d Iv\u00e1n Ere\u00f1\u00fa en 200 metros pecho, el ushuaiense buscar\u00e1 medalla ma\u00f1ana en los 50 pecho. Igualmente se efectuar\u00e1n pruebas de 200 metros mariposa, posta 4 x 100 combinada y 100 metros libres.<\/p>\n<p>En cuando a los deportes de conjunto en la ciudad del petr\u00f3leo el f\u00fatbol cay\u00f3 ante los due\u00f1os de casa por 4 a 1, asimismo desde la cordillera llegaron nuevas derrotas del v\u00f3ley y b\u00e1squet en ambas ramas.<\/p>\n<p><a href=\"http:\/\/labestiadeportiva.com\/lbd\/wp-content\/uploads\/2014\/05\/judo-podio.jpg\"><img loading=\"lazy\" class=\"aligncenter size-medium wp-image-10745\" title=\"judo - podio\" src=\"http:\/\/labestiadeportiva.com\/lbd\/wp-content\/uploads\/2014\/05\/judo-podio-300x204.jpg\" alt=\"\" width=\"300\" height=\"204\" srcset=\"https:\/\/labestiadeportiva.com\/lbd\/wp-content\/uploads\/2014\/05\/judo-podio-300x204.jpg 300w, https:\/\/labestiadeportiva.com\/lbd\/wp-content\/uploads\/2014\/05\/judo-podio.jpg 448w\" sizes=\"(max-width: 300px) 100vw, 300px\" \/><\/a>Sin duda alguna la producci\u00f3n de las \u201cchicas\u201d del v\u00f3ley ha sido lo mejor a pesar de la ajustada ca\u00edda de hoy ante las rionegrinas por 3 a 2. Finalizaron cuartas e ir\u00e1n en semifinales ante las invictas pampeanas este jueves a media ma\u00f1ana.<\/p>\n<p>El f\u00fatbol, v\u00f3ley masculino y b\u00e1squet en sus dos segmentos competir\u00e1n por el 5\u00b0 puesto.<\/p>\n<p><span style=\"color: #0000ff;\">Las 9 medallas del mi\u00e9rcoles<\/span><br \/>\n4 Oros atletismo discapacidad. Juan G\u00f3mez, Carlos Ludue\u00f1a, Celeste Munutti y Ricardo C\u00e1rcamo (Salto en Largo)<br \/>\nOro 100 metros llanos Alan Amarilla Atletismo convencional<br \/>\nPlata 100 metros con vallas Sol saucedo<br \/>\nOro Gustavo (48 kilos) y Federico (44 kilos) Correa, bronce Ail\u00e9n Villalobos\u00a0 (44 kilos) Judo<\/p>\n<p><span style=\"color: #ff0000;\"><a href=\"http:\/\/labestiadeportiva.com\/lbd\/wp-content\/uploads\/2014\/05\/MG_0909.jpg\"><img loading=\"lazy\" class=\"aligncenter size-medium wp-image-10746\" title=\"_MG_0909\" src=\"http:\/\/labestiadeportiva.com\/lbd\/wp-content\/uploads\/2014\/05\/MG_0909-300x159.jpg\" alt=\"\" width=\"300\" height=\"159\" srcset=\"https:\/\/labestiadeportiva.com\/lbd\/wp-content\/uploads\/2014\/05\/MG_0909-300x159.jpg 300w, https:\/\/labestiadeportiva.com\/lbd\/wp-content\/uploads\/2014\/05\/MG_0909.jpg 448w\" sizes=\"(max-width: 300px) 100vw, 300px\" \/><\/a><span style=\"color: #0000ff;\">La cosecha fueguina hasta el momento<\/span><\/span><br \/>\n<span style=\"color: #ff0000;\"> 22 preseas, 13 de oro, 5 de plata y 4 de bronce.<\/span><\/p>\n<p><span style=\"color: #0000ff;\">Resultados (disciplinas de conjunto)<\/span><br \/>\nV\u00f3ley Femenino<br \/>\nTDF 2\u00a0 R\u00edo Negro 3<br \/>\nV\u00f3ley Masculino<br \/>\nTDF 0 La Pampa 3<br \/>\nB\u00e1squet Masculino<br \/>\nTDF 29 La Pampa 96<br \/>\nB\u00e1squet Femenino<br \/>\nTDF 28 R\u00edo Negro 52<br \/>\nF\u00fatbol<br \/>\nTDF 1 Chubut 4<\/p>\n<p><a href=\"http:\/\/labestiadeportiva.com\/lbd\/wp-content\/uploads\/2014\/05\/MG_0905.jpg\"><img loading=\"lazy\" class=\"aligncenter size-medium wp-image-10747\" title=\"_MG_0905\" src=\"http:\/\/labestiadeportiva.com\/lbd\/wp-content\/uploads\/2014\/05\/MG_0905-300x216.jpg\" alt=\"\" width=\"300\" height=\"216\" srcset=\"https:\/\/labestiadeportiva.com\/lbd\/wp-content\/uploads\/2014\/05\/MG_0905-300x216.jpg 300w, https:\/\/labestiadeportiva.com\/lbd\/wp-content\/uploads\/2014\/05\/MG_0905.jpg 448w\" sizes=\"(max-width: 300px) 100vw, 300px\" \/><\/a><span style=\"color: #0000ff;\">Los partidos de ma\u00f1ana (Jueves)<\/span><br \/>\nB\u00e1squet Masculino<br \/>\n16.00 TDF\/Santa Cruz<br \/>\nB\u00e1squet Femenino<br \/>\n16.00 TDF\/Neuqu\u00e9n<br \/>\nV\u00f3ley Femenino<br \/>\n11.15 TDF\/La Pampa<br \/>\nV\u00f3ley Masculino<br \/>\n16.00 TDF\/Santa Cruz<br \/>\nF\u00fatbol<br \/>\n14.30 TDF\/Santa Cruz<\/p>\n<p><a href=\"http:\/\/labestiadeportiva.com\/lbd\/wp-content\/uploads\/2014\/05\/Juan-G+\u00a6mez-y-Carlos-Ludue+\u00a6a.jpg\"><img loading=\"lazy\" class=\"aligncenter size-medium wp-image-10748\" title=\"Juan G+\u00a6mez y Carlos Ludue+\u00a6a\" src=\"http:\/\/labestiadeportiva.com\/lbd\/wp-content\/uploads\/2014\/05\/Juan-G+\u00a6mez-y-Carlos-Ludue+\u00a6a-300x248.jpg\" alt=\"\" width=\"300\" height=\"248\" srcset=\"https:\/\/labestiadeportiva.com\/lbd\/wp-content\/uploads\/2014\/05\/Juan-G+\u00a6mez-y-Carlos-Ludue+\u00a6a-300x248.jpg 300w, https:\/\/labestiadeportiva.com\/lbd\/wp-content\/uploads\/2014\/05\/Juan-G+\u00a6mez-y-Carlos-Ludue+\u00a6a.jpg 405w\" sizes=\"(max-width: 300px) 100vw, 300px\" \/><\/a><\/p>\n<p><iframe loading=\"lazy\" src=\"\/\/www.youtube.com\/embed\/_M9e8JmD3rk\" frameborder=\"0\" width=\"560\" height=\"315\"><\/iframe><\/p>\n<p><iframe loading=\"lazy\" src=\"\/\/www.youtube.com\/embed\/ww05ntZUMc0\" frameborder=\"0\" width=\"560\" height=\"315\"><\/iframe><\/p>\n<div class='epvc-post-count'><span class='epvc-eye'><\/span>  <span class=\"epvc-count\"> 1.294<\/span><span class='epvc-label'> veces le\u00edda<\/span><\/div>\n<div class=\"jwsharethis\">\nShare this: \n<br \/>\n<a href=\"mailto:?subject=M%C3%A1s%20medallas%20para%20TDF%2C%20el%20v%C3%B3ley%20femenino%20en%20semifinales%20%28Fotos%20y%20videos%29&amp;body=https%3A%2F%2Flabestiadeportiva.com%2Flbd%2Fmas-medallas-para-tdf-el-voley-femenino-en-semifinales-fotos-y-videos%2F\">\n<img src=\"https:\/\/labestiadeportiva.com\/lbd\/wp-content\/plugins\/jw-share-this\/email.png\" alt=\"Share this page via Email\" \/>\n<\/a>\n<a target=\"_blank\" href=\"http:\/\/www.stumbleupon.com\/submit?url=https%3A%2F%2Flabestiadeportiva.com%2Flbd%2Fmas-medallas-para-tdf-el-voley-femenino-en-semifinales-fotos-y-videos%2F&amp;title=M%C3%A1s+medallas+para+TDF%2C+el+v%C3%B3ley+femenino+en+semifinales+%28Fotos+y+videos%29\">\n<img src=\"https:\/\/labestiadeportiva.com\/lbd\/wp-content\/plugins\/jw-share-this\/su.png\" alt=\"Share this page via Stumble Upon\" \/>\n<\/a>\n<a target=\"_blank\" href=\"http:\/\/digg.com\/submit?url=https%3A%2F%2Flabestiadeportiva.com%2Flbd%2Fmas-medallas-para-tdf-el-voley-femenino-en-semifinales-fotos-y-videos%2F&amp;title=M%C3%A1s+medallas+para+TDF%2C+el+v%C3%B3ley+femenino+en+semifinales+%28Fotos+y+videos%29\">\n<img src=\"https:\/\/labestiadeportiva.com\/lbd\/wp-content\/plugins\/jw-share-this\/digg.png\" alt=\"Share this page via Digg this\" \/>\n<\/a>\n<a target=\"_blank\" href=\"http:\/\/www.facebook.com\/sharer.php?u=https%3A%2F%2Flabestiadeportiva.com%2Flbd%2Fmas-medallas-para-tdf-el-voley-femenino-en-semifinales-fotos-y-videos%2F&amp;t=M%C3%A1s+medallas+para+TDF%2C+el+v%C3%B3ley+femenino+en+semifinales+%28Fotos+y+videos%29\">\n<img src=\"https:\/\/labestiadeportiva.com\/lbd\/wp-content\/plugins\/jw-share-this\/fb.png\" alt=\"Share this page via Facebook\" \/>\n<\/a>\n<a target=\"_blank\" href=\"http:\/\/twitter.com\/intent\/tweet?text=I+like+https%3A%2F%2Flabestiadeportiva.com%2Flbd%2Fmas-medallas-para-tdf-el-voley-femenino-en-semifinales-fotos-y-videos%2F&amp;title=M%C3%A1s+medallas+para+TDF%2C+el+v%C3%B3ley+femenino+en+semifinales+%28Fotos+y+videos%29\">\n<img src=\"https:\/\/labestiadeportiva.com\/lbd\/wp-content\/plugins\/jw-share-this\/twitter.png\" alt=\"Share this page via Twitter\" \/>\n<\/a>\n<\/div>\n","protected":false},"excerpt":{"rendered":"<p>Contin\u00faa la cosecha de preseas para la delegaci\u00f3n fueguina. Ya son 22, nueve conseguidas durante este mi\u00e9rcoles. Juan G\u00f3mez, Carlos Ludue\u00f1a, Celeste Munutti y Ricardo C\u00e1rcamo fueron oro en salto en largo en discapacidad. Alan Amarilla logr\u00f3 un impecable triunfo en 100 metros mientras que su compa\u00f1era Sol Saucedo fue segunda en los 100 metros &hellip; <a href=\"https:\/\/labestiadeportiva.com\/lbd\/mas-medallas-para-tdf-el-voley-femenino-en-semifinales-fotos-y-videos\/\" class=\"more-link\">Seguir leyendo <span class=\"screen-reader-text\">M\u00e1s medallas para TDF, el v\u00f3ley femenino en semifinales (Fotos y videos)<\/span> <span class=\"meta-nav\">&rarr;<\/span><\/a><\/p>\n","protected":false},"author":1,"featured_media":10742,"comment_status":"open","ping_status":"open","sticky":false,"template":"","format":"standard","meta":[],"categories":[5,6,1],"tags":[1410,562,593],"_links":{"self":[{"href":"https:\/\/labestiadeportiva.com\/lbd\/wp-json\/wp\/v2\/posts\/10741"}],"collection":[{"href":"https:\/\/labestiadeportiva.com\/lbd\/wp-json\/wp\/v2\/posts"}],"about":[{"href":"https:\/\/labestiadeportiva.com\/lbd\/wp-json\/wp\/v2\/types\/post"}],"author":[{"embeddable":true,"href":"https:\/\/labestiadeportiva.com\/lbd\/wp-json\/wp\/v2\/users\/1"}],"replies":[{"embeddable":true,"href":"https:\/\/labestiadeportiva.com\/lbd\/wp-json\/wp\/v2\/comments?post=10741"}],"version-history":[{"count":2,"href":"https:\/\/labestiadeportiva.com\/lbd\/wp-json\/wp\/v2\/posts\/10741\/revisions"}],"predecessor-version":[{"id":10750,"href":"https:\/\/labestiadeportiva.com\/lbd\/wp-json\/wp\/v2\/posts\/10741\/revisions\/10750"}],"wp:featuredmedia":[{"embeddable":true,"href":"https:\/\/labestiadeportiva.com\/lbd\/wp-json\/wp\/v2\/media\/10742"}],"wp:attachment":[{"href":"https:\/\/labestiadeportiva.com\/lbd\/wp-json\/wp\/v2\/media?parent=10741"}],"wp:term":[{"taxonomy":"category","embeddable":true,"href":"https:\/\/labestiadeportiva.com\/lbd\/wp-json\/wp\/v2\/categories?post=10741"},{"taxonomy":"post_tag","embeddable":true,"href":"https:\/\/labestiadeportiva.com\/lbd\/wp-json\/wp\/v2\/tags?post=10741"}],"curies":[{"name":"wp","href":"https:\/\/api.w.org\/{rel}","templated":true}]}}