{"id":10793,"date":"2014-05-21T01:04:08","date_gmt":"2014-05-21T01:04:08","guid":{"rendered":"http:\/\/labestiadeportiva.com\/lbd\/?p=10793"},"modified":"2014-05-21T21:08:15","modified_gmt":"2014-05-21T21:08:15","slug":"la-pampa-por-un-punto-fotos-video-de-cierre","status":"publish","type":"post","link":"https:\/\/labestiadeportiva.com\/lbd\/la-pampa-por-un-punto-fotos-video-de-cierre\/","title":{"rendered":"La Pampa, por un punto (Fotos y video de cierre)"},"content":{"rendered":"<p><a href=\"http:\/\/labestiadeportiva.com\/lbd\/wp-content\/uploads\/2014\/05\/MG_0963.jpg\"><img loading=\"lazy\" class=\"alignleft size-medium wp-image-10794\" title=\"_MG_0963\" src=\"http:\/\/labestiadeportiva.com\/lbd\/wp-content\/uploads\/2014\/05\/MG_0963-300x176.jpg\" alt=\"\" width=\"300\" height=\"176\" srcset=\"https:\/\/labestiadeportiva.com\/lbd\/wp-content\/uploads\/2014\/05\/MG_0963-300x176.jpg 300w, https:\/\/labestiadeportiva.com\/lbd\/wp-content\/uploads\/2014\/05\/MG_0963.jpg 448w\" sizes=\"(max-width: 300px) 100vw, 300px\" \/><\/a>El pasado viernes culmin\u00f3 la IX Edici\u00f3n de los Juegos de la Patagonia versi\u00f3n chubutense. Definici\u00f3n para el infarto entre pampeanos y anfitriones. El tercer escal\u00f3n del podio fue ocupado por la provincia de R\u00edo Negro. Los puntos m\u00e1s altos de TDF fueron el v\u00f3ley femenino, judo, atletismo y nataci\u00f3n. Desde LBD te brindamos las posiciones finales y el video de clausura.<!--more--><\/p>\n<p><span style=\"color: #0000ff;\"><a href=\"http:\/\/labestiadeportiva.com\/lbd\/wp-content\/uploads\/2014\/05\/MG_1002.jpg\"><img loading=\"lazy\" class=\"aligncenter size-medium wp-image-10795\" title=\"_MG_1002\" src=\"http:\/\/labestiadeportiva.com\/lbd\/wp-content\/uploads\/2014\/05\/MG_1002-300x200.jpg\" alt=\"\" width=\"300\" height=\"200\" srcset=\"https:\/\/labestiadeportiva.com\/lbd\/wp-content\/uploads\/2014\/05\/MG_1002-300x200.jpg 300w, https:\/\/labestiadeportiva.com\/lbd\/wp-content\/uploads\/2014\/05\/MG_1002.jpg 448w\" sizes=\"(max-width: 300px) 100vw, 300px\" \/><\/a>Juegos EPADE IX Edici\u00f3n Chubut 2014\u00a0\u00a0<\/span><br \/>\nDelegaciones\u00a0 Pts.<br \/>\n<span style=\"color: #ff0000;\">1\u00b0 La Pampa\u00a0 85<\/span><br \/>\n2\u00b0 Chubut 84<br \/>\n3\u00b0 R\u00edo Negro\u00a0 76<br \/>\n4\u00b0 Neuqu\u00e9n\u00a0 56<br \/>\n5\u00b0 Santa Cruz\u00a0 40<br \/>\n6\u00b0 Tierra del Fuego 29<\/p>\n<p><span style=\"color: #00ff00;\">Lo mejor de los fueguinos<\/span><br \/>\n<span style=\"color: #ff0000;\">El v\u00f3ley femenino<\/span> fue de menor a mayor. Disput\u00f3 7 partidos, perdi\u00f3 4 (La Pampa en dos oportunidades, Neuqu\u00e9n y R\u00edo Negro) y logr\u00f3 tres victorias (Santa Cruz, Neuqu\u00e9n y R\u00edo Negro) la \u00faltima que le permiti\u00f3 lograr la presea de bronce.<\/p>\n<p><span style=\"color: #ff0000;\">El atletismo convencional<\/span>, de gran producci\u00f3n general, entreg\u00f3 las medallas de oro en 100 y 200 metros llanos de Alan el \u201cRayo\u201d Amarilla como as\u00ed tambi\u00e9n la plata en 100 con vallas de Sol Saucedo.<\/p>\n<p><span style=\"color: #ff0000;\">En nataci\u00f3n<\/span> lo mejor fue del \u201cTibur\u00f3n\u201d Iv\u00e1n Ere\u00f1\u00fa que consigui\u00f3 para la provincia las medallas de oro y Plata en 100 y 50 metros pecho como as\u00ed tambi\u00e9n Brian Ghiglione quien obtuvo tiempos que le permitir\u00e1n estar en pr\u00f3ximas citas nacionales.<\/p>\n<p>S\u00f3lida presentaci\u00f3n del joven\u00a0<span style=\"color: #ff0000;\">plantel de judo<\/span>. El segmento masculino logr\u00f3 el primer lugar con amplio m\u00e1rgen sobre su inmediato perseguidor. Se presentaron 10 judocas de ambos sexos logrando 9 medallas, 3 de oro, 3 de plata y 3 de bronce.<\/p>\n<p>Como nos tienen acostumbrados los <span style=\"color: #ff0000;\">deportistas con discapacidad<\/span> volvieron a ser protagonistas, entre nataci\u00f3n y atletismo la delegaci\u00f3n consigui\u00f3 28 medallas de oro, 7 de plata y 4 de bronce. En cuanto a las posiciones finales logr\u00f3 el cuarto lugar en nataci\u00f3n e hist\u00f3rico quinto puesto en atletismo.<\/p>\n<p><a href=\"http:\/\/labestiadeportiva.com\/lbd\/wp-content\/uploads\/2014\/05\/MG_0986.jpg\"><img loading=\"lazy\" class=\"aligncenter size-medium wp-image-10796\" title=\"_MG_0986\" src=\"http:\/\/labestiadeportiva.com\/lbd\/wp-content\/uploads\/2014\/05\/MG_0986-300x183.jpg\" alt=\"\" width=\"300\" height=\"183\" srcset=\"https:\/\/labestiadeportiva.com\/lbd\/wp-content\/uploads\/2014\/05\/MG_0986-300x183.jpg 300w, https:\/\/labestiadeportiva.com\/lbd\/wp-content\/uploads\/2014\/05\/MG_0986.jpg 448w\" sizes=\"(max-width: 300px) 100vw, 300px\" \/><\/a><\/p>\n<p><iframe loading=\"lazy\" src=\"\/\/www.youtube.com\/embed\/w4M54jEXq68\" frameborder=\"0\" width=\"420\" height=\"315\"><\/iframe><\/p>\n<div class='epvc-post-count'><span class='epvc-eye'><\/span>  <span class=\"epvc-count\"> 1.071<\/span><span class='epvc-label'> veces le\u00edda<\/span><\/div>\n<div class=\"jwsharethis\">\nShare this: \n<br \/>\n<a href=\"mailto:?subject=La%20Pampa%2C%20por%20un%20punto%20%28Fotos%20y%20video%20de%20cierre%29&amp;body=https%3A%2F%2Flabestiadeportiva.com%2Flbd%2Fla-pampa-por-un-punto-fotos-video-de-cierre%2F\">\n<img src=\"https:\/\/labestiadeportiva.com\/lbd\/wp-content\/plugins\/jw-share-this\/email.png\" alt=\"Share this page via Email\" \/>\n<\/a>\n<a target=\"_blank\" href=\"http:\/\/www.stumbleupon.com\/submit?url=https%3A%2F%2Flabestiadeportiva.com%2Flbd%2Fla-pampa-por-un-punto-fotos-video-de-cierre%2F&amp;title=La+Pampa%2C+por+un+punto+%28Fotos+y+video+de+cierre%29\">\n<img src=\"https:\/\/labestiadeportiva.com\/lbd\/wp-content\/plugins\/jw-share-this\/su.png\" alt=\"Share this page via Stumble Upon\" \/>\n<\/a>\n<a target=\"_blank\" href=\"http:\/\/digg.com\/submit?url=https%3A%2F%2Flabestiadeportiva.com%2Flbd%2Fla-pampa-por-un-punto-fotos-video-de-cierre%2F&amp;title=La+Pampa%2C+por+un+punto+%28Fotos+y+video+de+cierre%29\">\n<img src=\"https:\/\/labestiadeportiva.com\/lbd\/wp-content\/plugins\/jw-share-this\/digg.png\" alt=\"Share this page via Digg this\" \/>\n<\/a>\n<a target=\"_blank\" href=\"http:\/\/www.facebook.com\/sharer.php?u=https%3A%2F%2Flabestiadeportiva.com%2Flbd%2Fla-pampa-por-un-punto-fotos-video-de-cierre%2F&amp;t=La+Pampa%2C+por+un+punto+%28Fotos+y+video+de+cierre%29\">\n<img src=\"https:\/\/labestiadeportiva.com\/lbd\/wp-content\/plugins\/jw-share-this\/fb.png\" alt=\"Share this page via Facebook\" \/>\n<\/a>\n<a target=\"_blank\" href=\"http:\/\/twitter.com\/intent\/tweet?text=I+like+https%3A%2F%2Flabestiadeportiva.com%2Flbd%2Fla-pampa-por-un-punto-fotos-video-de-cierre%2F&amp;title=La+Pampa%2C+por+un+punto+%28Fotos+y+video+de+cierre%29\">\n<img src=\"https:\/\/labestiadeportiva.com\/lbd\/wp-content\/plugins\/jw-share-this\/twitter.png\" alt=\"Share this page via Twitter\" \/>\n<\/a>\n<\/div>\n","protected":false},"excerpt":{"rendered":"<p>El pasado viernes culmin\u00f3 la IX Edici\u00f3n de los Juegos de la Patagonia versi\u00f3n chubutense. Definici\u00f3n para el infarto entre pampeanos y anfitriones. El tercer escal\u00f3n del podio fue ocupado por la provincia de R\u00edo Negro. Los puntos m\u00e1s altos de TDF fueron el v\u00f3ley femenino, judo, atletismo y nataci\u00f3n. Desde LBD te brindamos las &hellip; <a href=\"https:\/\/labestiadeportiva.com\/lbd\/la-pampa-por-un-punto-fotos-video-de-cierre\/\" class=\"more-link\">Seguir leyendo <span class=\"screen-reader-text\">La Pampa, por un punto (Fotos y video de cierre)<\/span> <span class=\"meta-nav\">&rarr;<\/span><\/a><\/p>\n","protected":false},"author":1,"featured_media":10794,"comment_status":"open","ping_status":"open","sticky":false,"template":"","format":"standard","meta":[],"categories":[5,6,1],"tags":[1410,562,593],"_links":{"self":[{"href":"https:\/\/labestiadeportiva.com\/lbd\/wp-json\/wp\/v2\/posts\/10793"}],"collection":[{"href":"https:\/\/labestiadeportiva.com\/lbd\/wp-json\/wp\/v2\/posts"}],"about":[{"href":"https:\/\/labestiadeportiva.com\/lbd\/wp-json\/wp\/v2\/types\/post"}],"author":[{"embeddable":true,"href":"https:\/\/labestiadeportiva.com\/lbd\/wp-json\/wp\/v2\/users\/1"}],"replies":[{"embeddable":true,"href":"https:\/\/labestiadeportiva.com\/lbd\/wp-json\/wp\/v2\/comments?post=10793"}],"version-history":[{"count":3,"href":"https:\/\/labestiadeportiva.com\/lbd\/wp-json\/wp\/v2\/posts\/10793\/revisions"}],"predecessor-version":[{"id":10830,"href":"https:\/\/labestiadeportiva.com\/lbd\/wp-json\/wp\/v2\/posts\/10793\/revisions\/10830"}],"wp:featuredmedia":[{"embeddable":true,"href":"https:\/\/labestiadeportiva.com\/lbd\/wp-json\/wp\/v2\/media\/10794"}],"wp:attachment":[{"href":"https:\/\/labestiadeportiva.com\/lbd\/wp-json\/wp\/v2\/media?parent=10793"}],"wp:term":[{"taxonomy":"category","embeddable":true,"href":"https:\/\/labestiadeportiva.com\/lbd\/wp-json\/wp\/v2\/categories?post=10793"},{"taxonomy":"post_tag","embeddable":true,"href":"https:\/\/labestiadeportiva.com\/lbd\/wp-json\/wp\/v2\/tags?post=10793"}],"curies":[{"name":"wp","href":"https:\/\/api.w.org\/{rel}","templated":true}]}}