{"id":1080,"date":"2012-10-16T04:09:24","date_gmt":"2012-10-16T04:09:24","guid":{"rendered":"http:\/\/labestiadeportiva.com\/lbd\/?p=1080"},"modified":"2012-10-16T04:09:24","modified_gmt":"2012-10-16T04:09:24","slug":"nuevo-finde-para-los-intermunicipales","status":"publish","type":"post","link":"https:\/\/labestiadeportiva.com\/lbd\/nuevo-finde-para-los-intermunicipales\/","title":{"rendered":"Nuevo \u201cfinde\u201d para los Intermunicipales"},"content":{"rendered":"<p><a href=\"http:\/\/labestiadeportiva.com\/lbd\/wp-content\/uploads\/2012\/10\/Ushuaia-20121013-00053.jpg\"><img loading=\"lazy\" class=\"alignleft size-medium wp-image-1081\" title=\"Ushuaia-20121013-00053\" src=\"http:\/\/labestiadeportiva.com\/lbd\/wp-content\/uploads\/2012\/10\/Ushuaia-20121013-00053-300x141.jpg\" alt=\"\" width=\"300\" height=\"141\" srcset=\"https:\/\/labestiadeportiva.com\/lbd\/wp-content\/uploads\/2012\/10\/Ushuaia-20121013-00053-300x141.jpg 300w, https:\/\/labestiadeportiva.com\/lbd\/wp-content\/uploads\/2012\/10\/Ushuaia-20121013-00053.jpg 640w\" sizes=\"(max-width: 300px) 100vw, 300px\" \/><\/a>El pasado s\u00e1bado le toc\u00f3 el turno al b\u00e1squet present\u00e1ndose en la capital provincial. La actividad se desarroll\u00f3 sobre el parquet de la cancha 4 del \u201cHugo Italo Favale\u201d. El intercambio deportivo fue en los segmentos pre mini y mini. Compartieron la jornada alrededor de 90 ni\u00f1os de ambos sexos comprendidos entre las edades de 8 a 12 a\u00f1os. <!--morePara leer Click Aqu\u00ed--><\/p>\n<p>En el marco de los Juegos Intermunicipales la acci\u00f3n estuvo orientada a los peque\u00f1os basquetbolistas que asisten a las escuelas de iniciaci\u00f3n deportiva de ambas ciudades.<\/p>\n<p>La delegaci\u00f3n riograndense arrib\u00f3 pasadas las 11 de la ma\u00f1ana, con un contingente de ni\u00f1os de entre los 8 y 12 a\u00f1os. Formaron parte del evento deportivo las categor\u00edas mini y pre mini, los segmentos infantiles sumaron m\u00e1s de 90 chicos que compartieron diferentes encuentros amistosos.<\/p>\n<p>Dentro de las actividades que se llevaron adelante en el plano social, junto al b\u00e1squet en cancha, se sumaron acciones que apuntaron a que los chicos compartan momentos fuera del campo de juego. En este marco desde el \u00e1rea de deportes se organiz\u00f3 un almuerzo que fue ofrecido en las instalaciones del CAAD, Centro Actividades Alternativas para Discapacitados.<\/p>\n<p>El pr\u00f3ximo cruce deportivo involucrar\u00e1 a dos nuevas disciplinas, el judo donde los practicantes actuar\u00e1n en la capital provincial mientras que la esgrima se presentar\u00e1 con sus j\u00f3venes practicantes en el norte de la isla.<\/p>\n<div class='epvc-post-count'><span class='epvc-eye'><\/span>  <span class=\"epvc-count\"> 1.070<\/span><span class='epvc-label'> veces le\u00edda<\/span><\/div>\n<div class=\"jwsharethis\">\nShare this: \n<br \/>\n<a href=\"mailto:?subject=Nuevo%20%E2%80%9Cfinde%E2%80%9D%20para%20los%20Intermunicipales&amp;body=https%3A%2F%2Flabestiadeportiva.com%2Flbd%2Fnuevo-finde-para-los-intermunicipales%2F\">\n<img src=\"https:\/\/labestiadeportiva.com\/lbd\/wp-content\/plugins\/jw-share-this\/email.png\" alt=\"Share this page via Email\" \/>\n<\/a>\n<a target=\"_blank\" href=\"http:\/\/www.stumbleupon.com\/submit?url=https%3A%2F%2Flabestiadeportiva.com%2Flbd%2Fnuevo-finde-para-los-intermunicipales%2F&amp;title=Nuevo+%E2%80%9Cfinde%E2%80%9D+para+los+Intermunicipales\">\n<img src=\"https:\/\/labestiadeportiva.com\/lbd\/wp-content\/plugins\/jw-share-this\/su.png\" alt=\"Share this page via Stumble Upon\" \/>\n<\/a>\n<a target=\"_blank\" href=\"http:\/\/digg.com\/submit?url=https%3A%2F%2Flabestiadeportiva.com%2Flbd%2Fnuevo-finde-para-los-intermunicipales%2F&amp;title=Nuevo+%E2%80%9Cfinde%E2%80%9D+para+los+Intermunicipales\">\n<img src=\"https:\/\/labestiadeportiva.com\/lbd\/wp-content\/plugins\/jw-share-this\/digg.png\" alt=\"Share this page via Digg this\" \/>\n<\/a>\n<a target=\"_blank\" href=\"http:\/\/www.facebook.com\/sharer.php?u=https%3A%2F%2Flabestiadeportiva.com%2Flbd%2Fnuevo-finde-para-los-intermunicipales%2F&amp;t=Nuevo+%E2%80%9Cfinde%E2%80%9D+para+los+Intermunicipales\">\n<img src=\"https:\/\/labestiadeportiva.com\/lbd\/wp-content\/plugins\/jw-share-this\/fb.png\" alt=\"Share this page via Facebook\" \/>\n<\/a>\n<a target=\"_blank\" href=\"http:\/\/twitter.com\/intent\/tweet?text=I+like+https%3A%2F%2Flabestiadeportiva.com%2Flbd%2Fnuevo-finde-para-los-intermunicipales%2F&amp;title=Nuevo+%E2%80%9Cfinde%E2%80%9D+para+los+Intermunicipales\">\n<img src=\"https:\/\/labestiadeportiva.com\/lbd\/wp-content\/plugins\/jw-share-this\/twitter.png\" alt=\"Share this page via Twitter\" \/>\n<\/a>\n<\/div>\n","protected":false},"excerpt":{"rendered":"<p>El pasado s\u00e1bado le toc\u00f3 el turno al b\u00e1squet present\u00e1ndose en la capital provincial. La actividad se desarroll\u00f3 sobre el parquet de la cancha 4 del \u201cHugo Italo Favale\u201d. El intercambio deportivo fue en los segmentos pre mini y mini. Compartieron la jornada alrededor de 90 ni\u00f1os de ambos sexos comprendidos entre las edades de &hellip; <a href=\"https:\/\/labestiadeportiva.com\/lbd\/nuevo-finde-para-los-intermunicipales\/\" class=\"more-link\">Seguir leyendo <span class=\"screen-reader-text\">Nuevo \u201cfinde\u201d para los Intermunicipales<\/span> <span class=\"meta-nav\">&rarr;<\/span><\/a><\/p>\n","protected":false},"author":1,"featured_media":1081,"comment_status":"open","ping_status":"open","sticky":false,"template":"","format":"standard","meta":[],"categories":[5,1],"tags":[119],"_links":{"self":[{"href":"https:\/\/labestiadeportiva.com\/lbd\/wp-json\/wp\/v2\/posts\/1080"}],"collection":[{"href":"https:\/\/labestiadeportiva.com\/lbd\/wp-json\/wp\/v2\/posts"}],"about":[{"href":"https:\/\/labestiadeportiva.com\/lbd\/wp-json\/wp\/v2\/types\/post"}],"author":[{"embeddable":true,"href":"https:\/\/labestiadeportiva.com\/lbd\/wp-json\/wp\/v2\/users\/1"}],"replies":[{"embeddable":true,"href":"https:\/\/labestiadeportiva.com\/lbd\/wp-json\/wp\/v2\/comments?post=1080"}],"version-history":[{"count":1,"href":"https:\/\/labestiadeportiva.com\/lbd\/wp-json\/wp\/v2\/posts\/1080\/revisions"}],"predecessor-version":[{"id":1082,"href":"https:\/\/labestiadeportiva.com\/lbd\/wp-json\/wp\/v2\/posts\/1080\/revisions\/1082"}],"wp:featuredmedia":[{"embeddable":true,"href":"https:\/\/labestiadeportiva.com\/lbd\/wp-json\/wp\/v2\/media\/1081"}],"wp:attachment":[{"href":"https:\/\/labestiadeportiva.com\/lbd\/wp-json\/wp\/v2\/media?parent=1080"}],"wp:term":[{"taxonomy":"category","embeddable":true,"href":"https:\/\/labestiadeportiva.com\/lbd\/wp-json\/wp\/v2\/categories?post=1080"},{"taxonomy":"post_tag","embeddable":true,"href":"https:\/\/labestiadeportiva.com\/lbd\/wp-json\/wp\/v2\/tags?post=1080"}],"curies":[{"name":"wp","href":"https:\/\/api.w.org\/{rel}","templated":true}]}}