{"id":1092,"date":"2012-10-18T00:32:47","date_gmt":"2012-10-18T00:32:47","guid":{"rendered":"http:\/\/labestiadeportiva.com\/lbd\/?p=1092"},"modified":"2012-10-18T00:32:47","modified_gmt":"2012-10-18T00:32:47","slug":"empate-en-el-calderon","status":"publish","type":"post","link":"https:\/\/labestiadeportiva.com\/lbd\/empate-en-el-calderon\/","title":{"rendered":"Empate en el Calder\u00f3n"},"content":{"rendered":"<p>Por Daniel Campos (Corresponsal LBD en Palma de Mallorca, Espa\u00f1a)<\/p>\n<p>L<a href=\"http:\/\/labestiadeportiva.com\/lbd\/wp-content\/uploads\/2012\/10\/espana_francia.jpg\"><img loading=\"lazy\" class=\"alignleft size-medium wp-image-1093\" title=\"espana_francia\" src=\"http:\/\/labestiadeportiva.com\/lbd\/wp-content\/uploads\/2012\/10\/espana_francia-300x164.jpg\" alt=\"\" width=\"300\" height=\"164\" srcset=\"https:\/\/labestiadeportiva.com\/lbd\/wp-content\/uploads\/2012\/10\/espana_francia-300x164.jpg 300w, https:\/\/labestiadeportiva.com\/lbd\/wp-content\/uploads\/2012\/10\/espana_francia.jpg 640w\" sizes=\"(max-width: 300px) 100vw, 300px\" \/><\/a>a Espa\u00f1a goleadora\u00a0 no apareci\u00f3 por Madrid, tras su gran partido ante Bielorrusia de la semana pasada, esta vez los hombres del Vicente del Bosque, solo empataron 1 a 1 ante Francia. Foto lavoz.com.ar<\/p>\n<p>La selecci\u00f3n espa\u00f1ola se dej\u00f3 dos puntos en su partido en casa ante los franceses, el tercero de la fase de clasificaci\u00f3n para el Mundial de Brasil.<!--morePara leer Click Aqu\u00ed--><\/p>\n<p>Espa\u00f1a no tuvo problemas para hacerse due\u00f1a del partido a los pocos minutos del inicio. El gol espa\u00f1ol lleg\u00f3 desde un tiro de esquina que remat\u00f3 de cabeza Ramos al palo pero su rechace lo tomo Pedro qui\u00e9n se la cedi\u00f3 para que el jugador del Real Madrid marcara.<\/p>\n<p>A tres minutos del descanso, Espa\u00f1a forz\u00f3 un penal, que fall\u00f3 Cesc. En la segunda parte Francia despert\u00f3\u00a0 y domin\u00f3 el juego por las bandas, tanto insistir la recompensa para el conjunto galo lleg\u00f3 en el tiempo de descuento, minuto 94 Giroud\u00a0 consigui\u00f3 el empate de cabeza. En el conjunto local adem\u00e1s se retiraron lesionados Silva, Arbeloa y Reina.<\/p>\n<div class='epvc-post-count'><span class='epvc-eye'><\/span>  <span class=\"epvc-count\"> 1.527<\/span><span class='epvc-label'> veces le\u00edda<\/span><\/div>\n<div class=\"jwsharethis\">\nShare this: \n<br \/>\n<a href=\"mailto:?subject=Empate%20en%20el%20Calder%C3%B3n&amp;body=https%3A%2F%2Flabestiadeportiva.com%2Flbd%2Fempate-en-el-calderon%2F\">\n<img src=\"https:\/\/labestiadeportiva.com\/lbd\/wp-content\/plugins\/jw-share-this\/email.png\" alt=\"Share this page via Email\" \/>\n<\/a>\n<a target=\"_blank\" href=\"http:\/\/www.stumbleupon.com\/submit?url=https%3A%2F%2Flabestiadeportiva.com%2Flbd%2Fempate-en-el-calderon%2F&amp;title=Empate+en+el+Calder%C3%B3n\">\n<img src=\"https:\/\/labestiadeportiva.com\/lbd\/wp-content\/plugins\/jw-share-this\/su.png\" alt=\"Share this page via Stumble Upon\" \/>\n<\/a>\n<a target=\"_blank\" href=\"http:\/\/digg.com\/submit?url=https%3A%2F%2Flabestiadeportiva.com%2Flbd%2Fempate-en-el-calderon%2F&amp;title=Empate+en+el+Calder%C3%B3n\">\n<img src=\"https:\/\/labestiadeportiva.com\/lbd\/wp-content\/plugins\/jw-share-this\/digg.png\" alt=\"Share this page via Digg this\" \/>\n<\/a>\n<a target=\"_blank\" href=\"http:\/\/www.facebook.com\/sharer.php?u=https%3A%2F%2Flabestiadeportiva.com%2Flbd%2Fempate-en-el-calderon%2F&amp;t=Empate+en+el+Calder%C3%B3n\">\n<img src=\"https:\/\/labestiadeportiva.com\/lbd\/wp-content\/plugins\/jw-share-this\/fb.png\" alt=\"Share this page via Facebook\" \/>\n<\/a>\n<a target=\"_blank\" href=\"http:\/\/twitter.com\/intent\/tweet?text=I+like+https%3A%2F%2Flabestiadeportiva.com%2Flbd%2Fempate-en-el-calderon%2F&amp;title=Empate+en+el+Calder%C3%B3n\">\n<img src=\"https:\/\/labestiadeportiva.com\/lbd\/wp-content\/plugins\/jw-share-this\/twitter.png\" alt=\"Share this page via Twitter\" \/>\n<\/a>\n<\/div>\n","protected":false},"excerpt":{"rendered":"<p>Por Daniel Campos (Corresponsal LBD en Palma de Mallorca, Espa\u00f1a) La Espa\u00f1a goleadora\u00a0 no apareci\u00f3 por Madrid, tras su gran partido ante Bielorrusia de la semana pasada, esta vez los hombres del Vicente del Bosque, solo empataron 1 a 1 ante Francia. Foto lavoz.com.ar La selecci\u00f3n espa\u00f1ola se dej\u00f3 dos puntos en su partido en &hellip; <a href=\"https:\/\/labestiadeportiva.com\/lbd\/empate-en-el-calderon\/\" class=\"more-link\">Seguir leyendo <span class=\"screen-reader-text\">Empate en el Calder\u00f3n<\/span> <span class=\"meta-nav\">&rarr;<\/span><\/a><\/p>\n","protected":false},"author":1,"featured_media":1093,"comment_status":"open","ping_status":"open","sticky":false,"template":"","format":"standard","meta":[],"categories":[4,1],"tags":[4830],"_links":{"self":[{"href":"https:\/\/labestiadeportiva.com\/lbd\/wp-json\/wp\/v2\/posts\/1092"}],"collection":[{"href":"https:\/\/labestiadeportiva.com\/lbd\/wp-json\/wp\/v2\/posts"}],"about":[{"href":"https:\/\/labestiadeportiva.com\/lbd\/wp-json\/wp\/v2\/types\/post"}],"author":[{"embeddable":true,"href":"https:\/\/labestiadeportiva.com\/lbd\/wp-json\/wp\/v2\/users\/1"}],"replies":[{"embeddable":true,"href":"https:\/\/labestiadeportiva.com\/lbd\/wp-json\/wp\/v2\/comments?post=1092"}],"version-history":[{"count":1,"href":"https:\/\/labestiadeportiva.com\/lbd\/wp-json\/wp\/v2\/posts\/1092\/revisions"}],"predecessor-version":[{"id":1094,"href":"https:\/\/labestiadeportiva.com\/lbd\/wp-json\/wp\/v2\/posts\/1092\/revisions\/1094"}],"wp:featuredmedia":[{"embeddable":true,"href":"https:\/\/labestiadeportiva.com\/lbd\/wp-json\/wp\/v2\/media\/1093"}],"wp:attachment":[{"href":"https:\/\/labestiadeportiva.com\/lbd\/wp-json\/wp\/v2\/media?parent=1092"}],"wp:term":[{"taxonomy":"category","embeddable":true,"href":"https:\/\/labestiadeportiva.com\/lbd\/wp-json\/wp\/v2\/categories?post=1092"},{"taxonomy":"post_tag","embeddable":true,"href":"https:\/\/labestiadeportiva.com\/lbd\/wp-json\/wp\/v2\/tags?post=1092"}],"curies":[{"name":"wp","href":"https:\/\/api.w.org\/{rel}","templated":true}]}}