{"id":1101,"date":"2012-10-19T14:12:59","date_gmt":"2012-10-19T14:12:59","guid":{"rendered":"http:\/\/labestiadeportiva.com\/lbd\/?p=1101"},"modified":"2012-10-19T14:15:06","modified_gmt":"2012-10-19T14:15:06","slug":"paleta-y-tomy-becados","status":"publish","type":"post","link":"https:\/\/labestiadeportiva.com\/lbd\/paleta-y-tomy-becados\/","title":{"rendered":"\u201cPaleta\u201d y \u201cTomy\u201d becados"},"content":{"rendered":"<p><a href=\"http:\/\/labestiadeportiva.com\/lbd\/wp-content\/uploads\/2012\/10\/560987_4221995670077_1016960059_n1.jpg\"><img loading=\"lazy\" class=\"alignleft size-medium wp-image-1103\" title=\"560987_4221995670077_1016960059_n\" src=\"http:\/\/labestiadeportiva.com\/lbd\/wp-content\/uploads\/2012\/10\/560987_4221995670077_1016960059_n1-175x300.jpg\" alt=\"\" width=\"175\" height=\"300\" srcset=\"https:\/\/labestiadeportiva.com\/lbd\/wp-content\/uploads\/2012\/10\/560987_4221995670077_1016960059_n1-175x300.jpg 175w, https:\/\/labestiadeportiva.com\/lbd\/wp-content\/uploads\/2012\/10\/560987_4221995670077_1016960059_n1.jpg 222w\" sizes=\"(max-width: 175px) 100vw, 175px\" \/><\/a>Luego de la tradicional reuni\u00f3n evaluativa realizada durante las \u00faltimas horas en la \u201cCasa Beban\u201d fueron confirmados los dos nuevos deportistas beneficiados. Lucas Garro y Tom\u00e1s Castelli quienes se destacan en automovilismo y snowboard acceder\u00e1n al beneficio municipal por los pr\u00f3ximos cuatro meses.<\/p>\n<p>Las carpetas presentadas por el CAU (Club Andino Ushuaia) y APKU 2000 fueron las elegidas, cabe recordar que en el caso de Castelli este invierno se consagr\u00f3 como campe\u00f3n Sudamericano en la modalidad Boardercross accediendo con este logro a pruebas de Copa del Mundo en el caso de Garro fue subcampe\u00f3n por partida doble en la categor\u00eda \u201cCopa Fiat versus Corsa\u201d y en la actualidad es protagonista del Turismo Pista Clase 2.<!--morePara leer Click Aqu\u00ed--><\/p>\n<p>Cada beca es equivalente a un sueldo de un empleado municipal grado 5\u00a0 y en el caso de ambos j\u00f3venes deportistas tendr\u00e1 una duraci\u00f3n de 4 meses.<\/p>\n<p>En el encuentro estuvieron presentes representantes\u00a0 de la Subsecretaria de Educaci\u00f3n y Cultura, el Secretario de Promoci\u00f3n y Desarrollo Social, el subsecretario de Deportes Municipal\u00a0 y representantes de asociaciones deportivas y culturales.<\/p>\n<p>El grupo de evaluadores analiz\u00f3 el material y profundiz\u00f3 cada solicitud en base al reglamento que por ordenanza se encuentra en vigencia. En este proceso se analiz\u00f3 cada caso y se verific\u00f3 que la documentaci\u00f3n entregada sea la correcta.<\/p>\n<p>Es importante recordar que los representantes del municipio tienen voz pero no voto, esto quiere decir que quienes deciden los beneficios son los propios representantes de las entidades culturales y deportivas.<\/p>\n<p><a href=\"http:\/\/labestiadeportiva.com\/lbd\/wp-content\/uploads\/2012\/10\/298791_3803606522869_1858559581_n.jpg\"><img loading=\"lazy\" class=\"aligncenter size-medium wp-image-1104\" title=\"298791_3803606522869_1858559581_n\" src=\"http:\/\/labestiadeportiva.com\/lbd\/wp-content\/uploads\/2012\/10\/298791_3803606522869_1858559581_n-169x300.jpg\" alt=\"\" width=\"169\" height=\"300\" srcset=\"https:\/\/labestiadeportiva.com\/lbd\/wp-content\/uploads\/2012\/10\/298791_3803606522869_1858559581_n-169x300.jpg 169w, https:\/\/labestiadeportiva.com\/lbd\/wp-content\/uploads\/2012\/10\/298791_3803606522869_1858559581_n.jpg 306w\" sizes=\"(max-width: 169px) 100vw, 169px\" \/><\/a><\/p>\n<div class='epvc-post-count'><span class='epvc-eye'><\/span>  <span class=\"epvc-count\"> 2.277<\/span><span class='epvc-label'> veces le\u00edda<\/span><\/div>\n<div class=\"jwsharethis\">\nShare this: \n<br \/>\n<a href=\"mailto:?subject=%E2%80%9CPaleta%E2%80%9D%20y%20%E2%80%9CTomy%E2%80%9D%20becados&amp;body=https%3A%2F%2Flabestiadeportiva.com%2Flbd%2Fpaleta-y-tomy-becados%2F\">\n<img src=\"https:\/\/labestiadeportiva.com\/lbd\/wp-content\/plugins\/jw-share-this\/email.png\" alt=\"Share this page via Email\" \/>\n<\/a>\n<a target=\"_blank\" href=\"http:\/\/www.stumbleupon.com\/submit?url=https%3A%2F%2Flabestiadeportiva.com%2Flbd%2Fpaleta-y-tomy-becados%2F&amp;title=%E2%80%9CPaleta%E2%80%9D+y+%E2%80%9CTomy%E2%80%9D+becados\">\n<img src=\"https:\/\/labestiadeportiva.com\/lbd\/wp-content\/plugins\/jw-share-this\/su.png\" alt=\"Share this page via Stumble Upon\" \/>\n<\/a>\n<a target=\"_blank\" href=\"http:\/\/digg.com\/submit?url=https%3A%2F%2Flabestiadeportiva.com%2Flbd%2Fpaleta-y-tomy-becados%2F&amp;title=%E2%80%9CPaleta%E2%80%9D+y+%E2%80%9CTomy%E2%80%9D+becados\">\n<img src=\"https:\/\/labestiadeportiva.com\/lbd\/wp-content\/plugins\/jw-share-this\/digg.png\" alt=\"Share this page via Digg this\" \/>\n<\/a>\n<a target=\"_blank\" href=\"http:\/\/www.facebook.com\/sharer.php?u=https%3A%2F%2Flabestiadeportiva.com%2Flbd%2Fpaleta-y-tomy-becados%2F&amp;t=%E2%80%9CPaleta%E2%80%9D+y+%E2%80%9CTomy%E2%80%9D+becados\">\n<img src=\"https:\/\/labestiadeportiva.com\/lbd\/wp-content\/plugins\/jw-share-this\/fb.png\" alt=\"Share this page via Facebook\" \/>\n<\/a>\n<a target=\"_blank\" href=\"http:\/\/twitter.com\/intent\/tweet?text=I+like+https%3A%2F%2Flabestiadeportiva.com%2Flbd%2Fpaleta-y-tomy-becados%2F&amp;title=%E2%80%9CPaleta%E2%80%9D+y+%E2%80%9CTomy%E2%80%9D+becados\">\n<img src=\"https:\/\/labestiadeportiva.com\/lbd\/wp-content\/plugins\/jw-share-this\/twitter.png\" alt=\"Share this page via Twitter\" \/>\n<\/a>\n<\/div>\n","protected":false},"excerpt":{"rendered":"<p>Luego de la tradicional reuni\u00f3n evaluativa realizada durante las \u00faltimas horas en la \u201cCasa Beban\u201d fueron confirmados los dos nuevos deportistas beneficiados. Lucas Garro y Tom\u00e1s Castelli quienes se destacan en automovilismo y snowboard acceder\u00e1n al beneficio municipal por los pr\u00f3ximos cuatro meses. Las carpetas presentadas por el CAU (Club Andino Ushuaia) y APKU 2000 &hellip; <a href=\"https:\/\/labestiadeportiva.com\/lbd\/paleta-y-tomy-becados\/\" class=\"more-link\">Seguir leyendo <span class=\"screen-reader-text\">\u201cPaleta\u201d y \u201cTomy\u201d becados<\/span> <span class=\"meta-nav\">&rarr;<\/span><\/a><\/p>\n","protected":false},"author":1,"featured_media":1103,"comment_status":"open","ping_status":"open","sticky":false,"template":"","format":"standard","meta":[],"categories":[5,1],"tags":[178],"_links":{"self":[{"href":"https:\/\/labestiadeportiva.com\/lbd\/wp-json\/wp\/v2\/posts\/1101"}],"collection":[{"href":"https:\/\/labestiadeportiva.com\/lbd\/wp-json\/wp\/v2\/posts"}],"about":[{"href":"https:\/\/labestiadeportiva.com\/lbd\/wp-json\/wp\/v2\/types\/post"}],"author":[{"embeddable":true,"href":"https:\/\/labestiadeportiva.com\/lbd\/wp-json\/wp\/v2\/users\/1"}],"replies":[{"embeddable":true,"href":"https:\/\/labestiadeportiva.com\/lbd\/wp-json\/wp\/v2\/comments?post=1101"}],"version-history":[{"count":2,"href":"https:\/\/labestiadeportiva.com\/lbd\/wp-json\/wp\/v2\/posts\/1101\/revisions"}],"predecessor-version":[{"id":1106,"href":"https:\/\/labestiadeportiva.com\/lbd\/wp-json\/wp\/v2\/posts\/1101\/revisions\/1106"}],"wp:featuredmedia":[{"embeddable":true,"href":"https:\/\/labestiadeportiva.com\/lbd\/wp-json\/wp\/v2\/media\/1103"}],"wp:attachment":[{"href":"https:\/\/labestiadeportiva.com\/lbd\/wp-json\/wp\/v2\/media?parent=1101"}],"wp:term":[{"taxonomy":"category","embeddable":true,"href":"https:\/\/labestiadeportiva.com\/lbd\/wp-json\/wp\/v2\/categories?post=1101"},{"taxonomy":"post_tag","embeddable":true,"href":"https:\/\/labestiadeportiva.com\/lbd\/wp-json\/wp\/v2\/tags?post=1101"}],"curies":[{"name":"wp","href":"https:\/\/api.w.org\/{rel}","templated":true}]}}