{"id":11080,"date":"2014-06-06T12:34:00","date_gmt":"2014-06-06T12:34:00","guid":{"rendered":"http:\/\/labestiadeportiva.com\/lbd\/?p=11080"},"modified":"2014-06-06T12:35:07","modified_gmt":"2014-06-06T12:35:07","slug":"cambio-de-look","status":"publish","type":"post","link":"https:\/\/labestiadeportiva.com\/lbd\/cambio-de-look\/","title":{"rendered":"Cambio de look"},"content":{"rendered":"<p><a href=\"http:\/\/labestiadeportiva.com\/lbd\/wp-content\/uploads\/2014\/06\/Garro-2.jpg\"><img loading=\"lazy\" class=\"alignleft size-medium wp-image-11081\" title=\"Garro 2\" src=\"http:\/\/labestiadeportiva.com\/lbd\/wp-content\/uploads\/2014\/06\/Garro-2-300x166.jpg\" alt=\"\" width=\"300\" height=\"166\" srcset=\"https:\/\/labestiadeportiva.com\/lbd\/wp-content\/uploads\/2014\/06\/Garro-2-300x166.jpg 300w, https:\/\/labestiadeportiva.com\/lbd\/wp-content\/uploads\/2014\/06\/Garro-2.jpg 640w\" sizes=\"(max-width: 300px) 100vw, 300px\" \/><\/a>El ushuaiense Lucas Garro viene de ser cuarto en La Plata, ascendiendo al Top 3 del campeonato y quiere meterle presi\u00f3n a sus predecesores. El coliseo porte\u00f1o recibir\u00e1 al VW Gol con imagen renovada. Fuente y foto Prensa Lucas Garro.<\/p>\n<p>El aut\u00f3dromo \u201cOscar y Juan G\u00e1lvez\u201d de Buenos Aires en su variante n\u00famero 9, de 3345 metros de extensi\u00f3n, albergar\u00e1 la quinta cita de la temporada para el Turismo Pista contando con la participaci\u00f3n del fueguino Lucas Garro al comando del Volkswagen Gol que prepara \u00edntegramente Dacal Racing con una nueva est\u00e9tica gr\u00e1fica, para encarar renovados la segunda mitad de a\u00f1o.<!--more--><\/p>\n<p>Con el n\u00famero 77 en sus laterales, el representante de Tierra del Fuego buscar\u00e1 seguir cosechando unidades importantes para el torneo de la Clase 3, que lo ve ubicarse tercero despu\u00e9s de la enorme cosecha del Mouras.<\/p>\n<p>Seg\u00fan inform\u00f3 el equipo el auto fue controlado por completo y se probaron algunos elementos nuevos para seguir optimizando la performance. Asimismo, se trabaj\u00f3 en la puesta a punto de los amortiguadores delanteros y se acentuaron los trabajos en la planta impulsora para continuar el proceso de optimizaci\u00f3n del rendimiento.<\/p>\n<p>En di\u00e1logo con la prensa, el volante sure\u00f1o expres\u00f3: <span style=\"color: #0000ff;\">\u201cDespu\u00e9s de La Plata seguimos ratificando que el auto tiene ritmo y que podemos estar adelante. Afortunadamente sumamos consecutivamente en las \u00faltimas carreras y eso nos sirvi\u00f3 para arrimarnos un poco a los l\u00edderes\u201d<\/span>.<\/p>\n<p>Y a\u00f1adi\u00f3 para concluir: <span style=\"color: #0000ff;\">\u201cObviamente la idea es continuar por el mismo camino, sabiendo que hay que sumar en todas las carreras para mantenernos en la lucha hasta el final. Ese es el objetivo al que apuntamos\u201d<\/span>.<\/p>\n<p>El cronograma de la divisional mayor comenzar\u00e1 el viernes 6 con tres tandas de ensayos extraoficiales a las 10.15, 12.45 y 15.40 horas. Ya el s\u00e1bado 7 se realizar\u00e1 la clasificaci\u00f3n a las 10.55 mientras que, por la tarde y cuando el reloj se detenga a las 14.05, 14.30 y 14.55 horas dar\u00e1n rienda suelta las series a seis vueltas cada una. Por \u00faltimo, el domingo se llevar\u00e1 a cabo la final desde las 11.45 horas a 17 vueltas o 30 minutos con transmisi\u00f3n en vivo y en directo de Canal 13 a trav\u00e9s del equipo t\u00e9cnico de Carburando.<\/p>\n<p><span style=\"color: #0000ff;\">CAMPEONATO C3<\/span><br \/>\n#1 Mat\u00edas Devoto 84 puntos<br \/>\n#2 Gast\u00f3n Grasso 82 puntos<br \/>\n<span style=\"color: #ff0000;\">#3 Lucas Garro 76 puntos<\/span><br \/>\n#4 Diego Lest\u00f3n 74 puntos<\/p>\n<p>Lucas Garro y equipo agradecen a sus sponsors: Carbess, Cruciani Transporte, Constru Sec, El Diario del Fin del Mundo, Juan Masciotra e Hijos, Municipalidad de Ushuaia, Promat SRL, Rosana Bertone 2015, Sartini Gas, Tekno Isla y Tierra Fueguina SRL. Asimismo, a toda la gente de Tierra del Fuego, familia, amigos y a Dacal Racing por el auto que entrega en pista.<\/p>\n<div class='epvc-post-count'><span class='epvc-eye'><\/span>  <span class=\"epvc-count\"> 1.067<\/span><span class='epvc-label'> veces le\u00edda<\/span><\/div>\n<div class=\"jwsharethis\">\nShare this: \n<br \/>\n<a href=\"mailto:?subject=Cambio%20de%20look&amp;body=https%3A%2F%2Flabestiadeportiva.com%2Flbd%2Fcambio-de-look%2F\">\n<img src=\"https:\/\/labestiadeportiva.com\/lbd\/wp-content\/plugins\/jw-share-this\/email.png\" alt=\"Share this page via Email\" \/>\n<\/a>\n<a target=\"_blank\" href=\"http:\/\/www.stumbleupon.com\/submit?url=https%3A%2F%2Flabestiadeportiva.com%2Flbd%2Fcambio-de-look%2F&amp;title=Cambio+de+look\">\n<img src=\"https:\/\/labestiadeportiva.com\/lbd\/wp-content\/plugins\/jw-share-this\/su.png\" alt=\"Share this page via Stumble Upon\" \/>\n<\/a>\n<a target=\"_blank\" href=\"http:\/\/digg.com\/submit?url=https%3A%2F%2Flabestiadeportiva.com%2Flbd%2Fcambio-de-look%2F&amp;title=Cambio+de+look\">\n<img src=\"https:\/\/labestiadeportiva.com\/lbd\/wp-content\/plugins\/jw-share-this\/digg.png\" alt=\"Share this page via Digg this\" \/>\n<\/a>\n<a target=\"_blank\" href=\"http:\/\/www.facebook.com\/sharer.php?u=https%3A%2F%2Flabestiadeportiva.com%2Flbd%2Fcambio-de-look%2F&amp;t=Cambio+de+look\">\n<img src=\"https:\/\/labestiadeportiva.com\/lbd\/wp-content\/plugins\/jw-share-this\/fb.png\" alt=\"Share this page via Facebook\" \/>\n<\/a>\n<a target=\"_blank\" href=\"http:\/\/twitter.com\/intent\/tweet?text=I+like+https%3A%2F%2Flabestiadeportiva.com%2Flbd%2Fcambio-de-look%2F&amp;title=Cambio+de+look\">\n<img src=\"https:\/\/labestiadeportiva.com\/lbd\/wp-content\/plugins\/jw-share-this\/twitter.png\" alt=\"Share this page via Twitter\" \/>\n<\/a>\n<\/div>\n","protected":false},"excerpt":{"rendered":"<p>El ushuaiense Lucas Garro viene de ser cuarto en La Plata, ascendiendo al Top 3 del campeonato y quiere meterle presi\u00f3n a sus predecesores. El coliseo porte\u00f1o recibir\u00e1 al VW Gol con imagen renovada. Fuente y foto Prensa Lucas Garro. El aut\u00f3dromo \u201cOscar y Juan G\u00e1lvez\u201d de Buenos Aires en su variante n\u00famero 9, de &hellip; <a href=\"https:\/\/labestiadeportiva.com\/lbd\/cambio-de-look\/\" class=\"more-link\">Seguir leyendo <span class=\"screen-reader-text\">Cambio de look<\/span> <span class=\"meta-nav\">&rarr;<\/span><\/a><\/p>\n","protected":false},"author":1,"featured_media":11081,"comment_status":"open","ping_status":"open","sticky":false,"template":"","format":"standard","meta":[],"categories":[5,6,1],"tags":[86,151,808],"_links":{"self":[{"href":"https:\/\/labestiadeportiva.com\/lbd\/wp-json\/wp\/v2\/posts\/11080"}],"collection":[{"href":"https:\/\/labestiadeportiva.com\/lbd\/wp-json\/wp\/v2\/posts"}],"about":[{"href":"https:\/\/labestiadeportiva.com\/lbd\/wp-json\/wp\/v2\/types\/post"}],"author":[{"embeddable":true,"href":"https:\/\/labestiadeportiva.com\/lbd\/wp-json\/wp\/v2\/users\/1"}],"replies":[{"embeddable":true,"href":"https:\/\/labestiadeportiva.com\/lbd\/wp-json\/wp\/v2\/comments?post=11080"}],"version-history":[{"count":2,"href":"https:\/\/labestiadeportiva.com\/lbd\/wp-json\/wp\/v2\/posts\/11080\/revisions"}],"predecessor-version":[{"id":11083,"href":"https:\/\/labestiadeportiva.com\/lbd\/wp-json\/wp\/v2\/posts\/11080\/revisions\/11083"}],"wp:featuredmedia":[{"embeddable":true,"href":"https:\/\/labestiadeportiva.com\/lbd\/wp-json\/wp\/v2\/media\/11081"}],"wp:attachment":[{"href":"https:\/\/labestiadeportiva.com\/lbd\/wp-json\/wp\/v2\/media?parent=11080"}],"wp:term":[{"taxonomy":"category","embeddable":true,"href":"https:\/\/labestiadeportiva.com\/lbd\/wp-json\/wp\/v2\/categories?post=11080"},{"taxonomy":"post_tag","embeddable":true,"href":"https:\/\/labestiadeportiva.com\/lbd\/wp-json\/wp\/v2\/tags?post=11080"}],"curies":[{"name":"wp","href":"https:\/\/api.w.org\/{rel}","templated":true}]}}