{"id":11099,"date":"2014-06-07T02:54:36","date_gmt":"2014-06-07T02:54:36","guid":{"rendered":"http:\/\/labestiadeportiva.com\/lbd\/?p=11099"},"modified":"2014-06-07T02:54:36","modified_gmt":"2014-06-07T02:54:36","slug":"buen-comienzo","status":"publish","type":"post","link":"https:\/\/labestiadeportiva.com\/lbd\/buen-comienzo\/","title":{"rendered":"Buen comienzo"},"content":{"rendered":"<p class=\"MsoNormal\" style=\"margin-bottom: .0001pt;\"><a href=\"http:\/\/labestiadeportiva.com\/lbd\/wp-content\/uploads\/2014\/06\/DSC_5379.jpg\"><img loading=\"lazy\" class=\"alignleft size-medium wp-image-11100\" title=\"DSC_5379\" src=\"http:\/\/labestiadeportiva.com\/lbd\/wp-content\/uploads\/2014\/06\/DSC_5379-300x180.jpg\" alt=\"\" width=\"300\" height=\"180\" srcset=\"https:\/\/labestiadeportiva.com\/lbd\/wp-content\/uploads\/2014\/06\/DSC_5379-300x180.jpg 300w, https:\/\/labestiadeportiva.com\/lbd\/wp-content\/uploads\/2014\/06\/DSC_5379.jpg 640w\" sizes=\"(max-width: 300px) 100vw, 300px\" \/><\/a>El piloto de Ushuaia alcanz\u00f3 el octavo mejor tiempo de la jornada.\u00a0 Excelente primera d\u00eda de trabajo para Lucas Yerobi dentro de la Clase Tres del Turismo Pista, en el Oscar y Juan G\u00e1lvez sobre la Renault Megane del equipo de Ariel Cano, manteni\u00e9ndose como uno de los animadores y, ante todo, logrando mostrar en pista el auto con un rendimiento acorde a lo esperado. Fuente y foto Prensa Lucas Yerobi.<!--more--><\/p>\n<p class=\"MsoNormal\" style=\"margin-bottom: .0001pt;\">La tanda inicial sirvi\u00f3 para comprobar el funcionamiento del auto y las condiciones de pista, cumpli\u00e9ndose con el objetivo trazado al lograr un tiempo de 1\u00b430\u00b4\u00b4511, el cual lo colocaba entre los diez m\u00e1s veloces.<\/p>\n<p class=\"MsoNormal\" style=\"margin-bottom: .0001pt;\">En la segunda salida a pista, ya superado el mediod\u00eda, la rotura del distribuidor impidi\u00f3 que Lucas pueda sacar provecho de la posibilidad de ensayos, dejando pasar la misma sin poder obtener los tiempos de referencia y debiendo dejar todo en condiciones para la \u00faltima tanda del d\u00eda, en donde intentar\u00eda volver a mostrar lo realizado al comienzo y terminar de comprobar el buen funcionamiento de la Renault Megane.<\/p>\n<p class=\"MsoNormal\" style=\"margin-bottom: .0001pt;\">Sobre el final de la tarde lleg\u00f3 el momento de salir a pista para cumplir con la parte final del d\u00eda y una vez m\u00e1s el protagonismo fue la mayor virtud de Lucas, quien pudo poner nuevamente la Megane entre los mejores tiempos, logrando 1\u00b429\u00b4\u00b4981 en su mejor vuelta, siendo esta marca la octava mejor de la jornada, cerrando un positivo primer d\u00eda.<\/p>\n<p class=\"MsoNormal\" style=\"margin-bottom: .0001pt;\"><span style=\"color: #0000ff;\">\u201cEstoy muy contento con este primer d\u00eda de actividad. Pudimos cerrar un gran trabajo y todav\u00eda hay mucho para mejorar sobre la Megane para poder seguir creciendo en el clasificador. Lamentablemente no pudimos aprovechar la segunda tanda por una falla que se hizo presente pero pudimos solucionarlo para la tercera y quedar entre los mejores. Adem\u00e1s, sabemos que todav\u00eda hay mucho por mejorar en cuanto al funcionamiento del auto, queremos ir de a poco porque es todo nuevo para nosotros\u201d<\/span> Manifest\u00f3 Lucas culminada la actividad.<\/p>\n<p class=\"MsoNormal\" style=\"margin-bottom: .0001pt;\">Este s\u00e1bado, la acci\u00f3n seguir\u00e1 desde las 10.55 <span style=\"mso-spacerun: yes;\">\u00a0<\/span>con la tanda clasificatoria, mientras que a partir de las 14.05 est\u00e1n previstas las series que pondr\u00e1n punto final a la actividad.<\/p>\n<p class=\"MsoNormal\" style=\"margin-bottom: .0001pt;\">Lucas Yerobi agradece a las siguientes empresas que lo acompa\u00f1an y hacen posible su participaci\u00f3n en la Clase 3 del Turismo Pista \u201cGr\u00faas Delta, Fiorino Electrotecnia, Sergio Massa mente renovadora, Agua Jony, Hertz, Orange Car Wash, Turi-Car Remises, Seinco Servicios y Log\u00edstica, VM Repuestos, Fan\u00e1ticos, Inmobiliaria SJ Palitto, Municipalidad de Ushuaia, El Diario Del Fin del mundo, Pizza Bely, Wangler Amoblamientos, La 97 Radio Fueguina, Sergio Vascello, Escale Andina y Argentina Publicidad\u201d<\/p>\n<div class='epvc-post-count'><span class='epvc-eye'><\/span>  <span class=\"epvc-count\"> 1.113<\/span><span class='epvc-label'> veces le\u00edda<\/span><\/div>\n<div class=\"jwsharethis\">\nShare this: \n<br \/>\n<a href=\"mailto:?subject=Buen%20comienzo&amp;body=https%3A%2F%2Flabestiadeportiva.com%2Flbd%2Fbuen-comienzo%2F\">\n<img src=\"https:\/\/labestiadeportiva.com\/lbd\/wp-content\/plugins\/jw-share-this\/email.png\" alt=\"Share this page via Email\" \/>\n<\/a>\n<a target=\"_blank\" href=\"http:\/\/www.stumbleupon.com\/submit?url=https%3A%2F%2Flabestiadeportiva.com%2Flbd%2Fbuen-comienzo%2F&amp;title=Buen+comienzo\">\n<img src=\"https:\/\/labestiadeportiva.com\/lbd\/wp-content\/plugins\/jw-share-this\/su.png\" alt=\"Share this page via Stumble Upon\" \/>\n<\/a>\n<a target=\"_blank\" href=\"http:\/\/digg.com\/submit?url=https%3A%2F%2Flabestiadeportiva.com%2Flbd%2Fbuen-comienzo%2F&amp;title=Buen+comienzo\">\n<img src=\"https:\/\/labestiadeportiva.com\/lbd\/wp-content\/plugins\/jw-share-this\/digg.png\" alt=\"Share this page via Digg this\" \/>\n<\/a>\n<a target=\"_blank\" href=\"http:\/\/www.facebook.com\/sharer.php?u=https%3A%2F%2Flabestiadeportiva.com%2Flbd%2Fbuen-comienzo%2F&amp;t=Buen+comienzo\">\n<img src=\"https:\/\/labestiadeportiva.com\/lbd\/wp-content\/plugins\/jw-share-this\/fb.png\" alt=\"Share this page via Facebook\" \/>\n<\/a>\n<a target=\"_blank\" href=\"http:\/\/twitter.com\/intent\/tweet?text=I+like+https%3A%2F%2Flabestiadeportiva.com%2Flbd%2Fbuen-comienzo%2F&amp;title=Buen+comienzo\">\n<img src=\"https:\/\/labestiadeportiva.com\/lbd\/wp-content\/plugins\/jw-share-this\/twitter.png\" alt=\"Share this page via Twitter\" \/>\n<\/a>\n<\/div>\n","protected":false},"excerpt":{"rendered":"<p>El piloto de Ushuaia alcanz\u00f3 el octavo mejor tiempo de la jornada.\u00a0 Excelente primera d\u00eda de trabajo para Lucas Yerobi dentro de la Clase Tres del Turismo Pista, en el Oscar y Juan G\u00e1lvez sobre la Renault Megane del equipo de Ariel Cano, manteni\u00e9ndose como uno de los animadores y, ante todo, logrando mostrar en &hellip; <a href=\"https:\/\/labestiadeportiva.com\/lbd\/buen-comienzo\/\" class=\"more-link\">Seguir leyendo <span class=\"screen-reader-text\">Buen comienzo<\/span> <span class=\"meta-nav\">&rarr;<\/span><\/a><\/p>\n","protected":false},"author":1,"featured_media":11100,"comment_status":"open","ping_status":"open","sticky":false,"template":"","format":"standard","meta":[],"categories":[5,6,1],"tags":[86,152,808],"_links":{"self":[{"href":"https:\/\/labestiadeportiva.com\/lbd\/wp-json\/wp\/v2\/posts\/11099"}],"collection":[{"href":"https:\/\/labestiadeportiva.com\/lbd\/wp-json\/wp\/v2\/posts"}],"about":[{"href":"https:\/\/labestiadeportiva.com\/lbd\/wp-json\/wp\/v2\/types\/post"}],"author":[{"embeddable":true,"href":"https:\/\/labestiadeportiva.com\/lbd\/wp-json\/wp\/v2\/users\/1"}],"replies":[{"embeddable":true,"href":"https:\/\/labestiadeportiva.com\/lbd\/wp-json\/wp\/v2\/comments?post=11099"}],"version-history":[{"count":1,"href":"https:\/\/labestiadeportiva.com\/lbd\/wp-json\/wp\/v2\/posts\/11099\/revisions"}],"predecessor-version":[{"id":11101,"href":"https:\/\/labestiadeportiva.com\/lbd\/wp-json\/wp\/v2\/posts\/11099\/revisions\/11101"}],"wp:featuredmedia":[{"embeddable":true,"href":"https:\/\/labestiadeportiva.com\/lbd\/wp-json\/wp\/v2\/media\/11100"}],"wp:attachment":[{"href":"https:\/\/labestiadeportiva.com\/lbd\/wp-json\/wp\/v2\/media?parent=11099"}],"wp:term":[{"taxonomy":"category","embeddable":true,"href":"https:\/\/labestiadeportiva.com\/lbd\/wp-json\/wp\/v2\/categories?post=11099"},{"taxonomy":"post_tag","embeddable":true,"href":"https:\/\/labestiadeportiva.com\/lbd\/wp-json\/wp\/v2\/tags?post=11099"}],"curies":[{"name":"wp","href":"https:\/\/api.w.org\/{rel}","templated":true}]}}