{"id":11745,"date":"2014-07-18T01:28:00","date_gmt":"2014-07-18T01:28:00","guid":{"rendered":"http:\/\/labestiadeportiva.com\/lbd\/?p=11745"},"modified":"2014-07-18T01:28:00","modified_gmt":"2014-07-18T01:28:00","slug":"torneo-y-encuentro-integracion","status":"publish","type":"post","link":"https:\/\/labestiadeportiva.com\/lbd\/torneo-y-encuentro-integracion\/","title":{"rendered":"Torneo y Encuentro Integraci\u00f3n"},"content":{"rendered":"<p><a href=\"http:\/\/labestiadeportiva.com\/lbd\/wp-content\/uploads\/2014\/07\/MG_1850.jpg\"><img loading=\"lazy\" class=\"alignleft size-medium wp-image-11746\" title=\"_MG_1850\" src=\"http:\/\/labestiadeportiva.com\/lbd\/wp-content\/uploads\/2014\/07\/MG_1850-300x188.jpg\" alt=\"\" width=\"300\" height=\"188\" srcset=\"https:\/\/labestiadeportiva.com\/lbd\/wp-content\/uploads\/2014\/07\/MG_1850-300x188.jpg 300w, https:\/\/labestiadeportiva.com\/lbd\/wp-content\/uploads\/2014\/07\/MG_1850.jpg 640w\" sizes=\"(max-width: 300px) 100vw, 300px\" \/><\/a>De la mano de la escuela Shito Ryu se realiz\u00f3 el evento deportivo el domingo en la cancha 4 del \u201cHugo Italo Fave\u201d. Alrededor de 200 participantes dieron el presente. La actividad recibi\u00f3 la fiscalizaci\u00f3n de la Federaci\u00f3n de Karate Do TDF. Tres horas y quince minutos de esta arte marcial sobre el parqu\u00e9 municipal.<!--more--><\/p>\n<p>Como viene sucediendo en los \u00faltimos a\u00f1os todas las escuelas locales federadas dieron el s\u00ed, ellas fueron la anfitriona Shito Ryu con el sensei Juan Carlos Parodi como m\u00e1ximo referente, Goyu Ryu a cargo de Juan Villafa\u00f1e, Shorin Ryu Kodokan comandada por Marcelo Ch\u00e1vez y Shoto Yuku con los formadores Ledesma y Vel\u00e1zquez.<\/p>\n<p>La acci\u00f3n comenz\u00f3 minutos despu\u00e9s de las diez y media de la ma\u00f1ana finalizando a las dos de la tarde, tres horas y quince minutos de trabajo ininterrumpido donde ni\u00f1os, j\u00f3venes y adultos quienes mostraron sus progresos a una m\u00e1s que importante cantidad de p\u00fablico que colm\u00f3 las gradas del polideportivo.<\/p>\n<p>El grueso de la presentaci\u00f3n de los karatecas const\u00f3 en la realizaci\u00f3n de Katas (formas) individuales y por equipos, el Kumite (combate) qued\u00f3 solo para el segmento cadetes.<\/p>\n<p><a href=\"http:\/\/labestiadeportiva.com\/lbd\/wp-content\/uploads\/2014\/07\/MG_1848.jpg\"><img loading=\"lazy\" class=\"aligncenter size-medium wp-image-11747\" title=\"_MG_1848\" src=\"http:\/\/labestiadeportiva.com\/lbd\/wp-content\/uploads\/2014\/07\/MG_1848-300x200.jpg\" alt=\"\" width=\"300\" height=\"200\" srcset=\"https:\/\/labestiadeportiva.com\/lbd\/wp-content\/uploads\/2014\/07\/MG_1848-300x200.jpg 300w, https:\/\/labestiadeportiva.com\/lbd\/wp-content\/uploads\/2014\/07\/MG_1848.jpg 640w\" sizes=\"(max-width: 300px) 100vw, 300px\" \/><\/a>La estructura de la jornada envi\u00f3 al tatami en primer turno al segmento menor, luego los cadetes y juveniles para finalizar con los practicantes adultos.<\/p>\n<p>Desde LBD contactamos brevemente al Presidente de la Federaci\u00f3n de Karate Do, Sensei Juan Carlos Parodi, quien se mostr\u00f3 muy conforme por la convocatoria, que creci\u00f3 en n\u00famero con respecto al a\u00f1o anterior. Asimismo nos explic\u00f3 que la presencia de los practicantes m\u00e1s j\u00f3venes en formato de encuentros tiene como objetivo principal el introducirlos al karate deportivo.<\/p>\n<p>El karate local goza de buena salud, principalmente porque las diferentes escuelas cuentan con un buen n\u00famero de j\u00f3venes practicantes quienes se encuentran en la etapa inicial del aprendizaje de esta arte marcial. Esto asegurar\u00e1 la continuidad en el tiempo para la disciplina pues la base de la pir\u00e1mide luce con la solidez necesaria para que esto ocurra.<\/p>\n<p><a href=\"http:\/\/labestiadeportiva.com\/lbd\/wp-content\/uploads\/2014\/07\/MG_1843.jpg\"><img loading=\"lazy\" class=\"aligncenter size-medium wp-image-11748\" title=\"_MG_1843\" src=\"http:\/\/labestiadeportiva.com\/lbd\/wp-content\/uploads\/2014\/07\/MG_1843-300x200.jpg\" alt=\"\" width=\"300\" height=\"200\" srcset=\"https:\/\/labestiadeportiva.com\/lbd\/wp-content\/uploads\/2014\/07\/MG_1843-300x200.jpg 300w, https:\/\/labestiadeportiva.com\/lbd\/wp-content\/uploads\/2014\/07\/MG_1843.jpg 640w\" sizes=\"(max-width: 300px) 100vw, 300px\" \/><\/a><\/p>\n<div class='epvc-post-count'><span class='epvc-eye'><\/span>  <span class=\"epvc-count\"> 1.108<\/span><span class='epvc-label'> veces le\u00edda<\/span><\/div>\n<div class=\"jwsharethis\">\nShare this: \n<br \/>\n<a href=\"mailto:?subject=Torneo%20y%20Encuentro%20Integraci%C3%B3n&amp;body=https%3A%2F%2Flabestiadeportiva.com%2Flbd%2Ftorneo-y-encuentro-integracion%2F\">\n<img src=\"https:\/\/labestiadeportiva.com\/lbd\/wp-content\/plugins\/jw-share-this\/email.png\" alt=\"Share this page via Email\" \/>\n<\/a>\n<a target=\"_blank\" href=\"http:\/\/www.stumbleupon.com\/submit?url=https%3A%2F%2Flabestiadeportiva.com%2Flbd%2Ftorneo-y-encuentro-integracion%2F&amp;title=Torneo+y+Encuentro+Integraci%C3%B3n\">\n<img src=\"https:\/\/labestiadeportiva.com\/lbd\/wp-content\/plugins\/jw-share-this\/su.png\" alt=\"Share this page via Stumble Upon\" \/>\n<\/a>\n<a target=\"_blank\" href=\"http:\/\/digg.com\/submit?url=https%3A%2F%2Flabestiadeportiva.com%2Flbd%2Ftorneo-y-encuentro-integracion%2F&amp;title=Torneo+y+Encuentro+Integraci%C3%B3n\">\n<img src=\"https:\/\/labestiadeportiva.com\/lbd\/wp-content\/plugins\/jw-share-this\/digg.png\" alt=\"Share this page via Digg this\" \/>\n<\/a>\n<a target=\"_blank\" href=\"http:\/\/www.facebook.com\/sharer.php?u=https%3A%2F%2Flabestiadeportiva.com%2Flbd%2Ftorneo-y-encuentro-integracion%2F&amp;t=Torneo+y+Encuentro+Integraci%C3%B3n\">\n<img src=\"https:\/\/labestiadeportiva.com\/lbd\/wp-content\/plugins\/jw-share-this\/fb.png\" alt=\"Share this page via Facebook\" \/>\n<\/a>\n<a target=\"_blank\" href=\"http:\/\/twitter.com\/intent\/tweet?text=I+like+https%3A%2F%2Flabestiadeportiva.com%2Flbd%2Ftorneo-y-encuentro-integracion%2F&amp;title=Torneo+y+Encuentro+Integraci%C3%B3n\">\n<img src=\"https:\/\/labestiadeportiva.com\/lbd\/wp-content\/plugins\/jw-share-this\/twitter.png\" alt=\"Share this page via Twitter\" \/>\n<\/a>\n<\/div>\n","protected":false},"excerpt":{"rendered":"<p>De la mano de la escuela Shito Ryu se realiz\u00f3 el evento deportivo el domingo en la cancha 4 del \u201cHugo Italo Fave\u201d. Alrededor de 200 participantes dieron el presente. La actividad recibi\u00f3 la fiscalizaci\u00f3n de la Federaci\u00f3n de Karate Do TDF. Tres horas y quince minutos de esta arte marcial sobre el parqu\u00e9 municipal. &hellip; <a href=\"https:\/\/labestiadeportiva.com\/lbd\/torneo-y-encuentro-integracion\/\" class=\"more-link\">Seguir leyendo <span class=\"screen-reader-text\">Torneo y Encuentro Integraci\u00f3n<\/span> <span class=\"meta-nav\">&rarr;<\/span><\/a><\/p>\n","protected":false},"author":1,"featured_media":11746,"comment_status":"open","ping_status":"open","sticky":false,"template":"","format":"standard","meta":[],"categories":[5,1],"tags":[77,1614,1032,1613],"_links":{"self":[{"href":"https:\/\/labestiadeportiva.com\/lbd\/wp-json\/wp\/v2\/posts\/11745"}],"collection":[{"href":"https:\/\/labestiadeportiva.com\/lbd\/wp-json\/wp\/v2\/posts"}],"about":[{"href":"https:\/\/labestiadeportiva.com\/lbd\/wp-json\/wp\/v2\/types\/post"}],"author":[{"embeddable":true,"href":"https:\/\/labestiadeportiva.com\/lbd\/wp-json\/wp\/v2\/users\/1"}],"replies":[{"embeddable":true,"href":"https:\/\/labestiadeportiva.com\/lbd\/wp-json\/wp\/v2\/comments?post=11745"}],"version-history":[{"count":1,"href":"https:\/\/labestiadeportiva.com\/lbd\/wp-json\/wp\/v2\/posts\/11745\/revisions"}],"predecessor-version":[{"id":11749,"href":"https:\/\/labestiadeportiva.com\/lbd\/wp-json\/wp\/v2\/posts\/11745\/revisions\/11749"}],"wp:featuredmedia":[{"embeddable":true,"href":"https:\/\/labestiadeportiva.com\/lbd\/wp-json\/wp\/v2\/media\/11746"}],"wp:attachment":[{"href":"https:\/\/labestiadeportiva.com\/lbd\/wp-json\/wp\/v2\/media?parent=11745"}],"wp:term":[{"taxonomy":"category","embeddable":true,"href":"https:\/\/labestiadeportiva.com\/lbd\/wp-json\/wp\/v2\/categories?post=11745"},{"taxonomy":"post_tag","embeddable":true,"href":"https:\/\/labestiadeportiva.com\/lbd\/wp-json\/wp\/v2\/tags?post=11745"}],"curies":[{"name":"wp","href":"https:\/\/api.w.org\/{rel}","templated":true}]}}