{"id":11818,"date":"2014-07-22T21:07:26","date_gmt":"2014-07-22T21:07:26","guid":{"rendered":"http:\/\/labestiadeportiva.com\/lbd\/?p=11818"},"modified":"2014-07-22T21:13:23","modified_gmt":"2014-07-22T21:13:23","slug":"me-veras-volver","status":"publish","type":"post","link":"https:\/\/labestiadeportiva.com\/lbd\/me-veras-volver\/","title":{"rendered":"Me ver\u00e1s volver"},"content":{"rendered":"<p><a href=\"http:\/\/labestiadeportiva.com\/lbd\/wp-content\/uploads\/2014\/07\/IMG_389590258890861.jpeg\"><img loading=\"lazy\" class=\"alignleft size-medium wp-image-11819\" title=\"IMG_389590258890861\" src=\"http:\/\/labestiadeportiva.com\/lbd\/wp-content\/uploads\/2014\/07\/IMG_389590258890861-300x198.jpg\" alt=\"\" width=\"300\" height=\"198\" srcset=\"https:\/\/labestiadeportiva.com\/lbd\/wp-content\/uploads\/2014\/07\/IMG_389590258890861-300x198.jpg 300w, https:\/\/labestiadeportiva.com\/lbd\/wp-content\/uploads\/2014\/07\/IMG_389590258890861.jpeg 960w\" sizes=\"(max-width: 300px) 100vw, 300px\" \/><\/a>El domingo por la noche finaliz\u00f3 la \u201cCopa del Fin del Mundo\u201d en el segmento Mayor. Despu\u00e9s de cuatro temporadas el equipo del CAU \u201cA\u201d se coron\u00f3 campe\u00f3n. Super\u00f3 en Over Time al conjunto principal de ACEMHH \u00a0por 4 a 3. Pedro Baeza fue el goleador y figura del juego con cuatro conquistas.<!--more--><\/p>\n<p>La X Edici\u00f3n de la tradicional competencia de hockey sobre hielo que une a los equipos locales y de la Ciudad Aut\u00f3noma de Buenos Aires se puso en marcha el pasado mi\u00e9rcoles en horas de la ma\u00f1ana.<\/p>\n<p>En esta oportunidad cinco conjuntos fueron de la partida, dos del CAU, \u201cA\u201d y \u201cAmarillo\u201d, otros dos de ACEMHH \u201cNaranja\u201d y \u201cNegro\u201d completando el tambi\u00e9n porte\u00f1o Winter.<\/p>\n<p><a href=\"http:\/\/labestiadeportiva.com\/lbd\/wp-content\/uploads\/2014\/07\/MG_1910.jpg\"><img loading=\"lazy\" class=\"aligncenter size-medium wp-image-11820\" title=\"_MG_1910\" src=\"http:\/\/labestiadeportiva.com\/lbd\/wp-content\/uploads\/2014\/07\/MG_1910-300x170.jpg\" alt=\"\" width=\"300\" height=\"170\" srcset=\"https:\/\/labestiadeportiva.com\/lbd\/wp-content\/uploads\/2014\/07\/MG_1910-300x170.jpg 300w, https:\/\/labestiadeportiva.com\/lbd\/wp-content\/uploads\/2014\/07\/MG_1910.jpg 640w\" sizes=\"(max-width: 300px) 100vw, 300px\" \/><\/a>Se jugaron un total 20 encuentros, una ronda clasificatoria donde se enfrentaron todos contra todos la que \u00a0arroj\u00f3 al CAU \u201cA\u201d en primer lugar, ACEMHH naranja segundo, Winter tercero, CAU amarillo en cuarto lugar y ACEMHH Negro en quinto puesto.<\/p>\n<p>En semifinales se enfrentaron primero con cuarto y segundo ante tercero, los ganadores accedieron al encuentro final, CAU \u201cA\u201d y ACEMHH Naranja, quedando el quinto clasificado fuera de competencia.<\/p>\n<p><a href=\"http:\/\/labestiadeportiva.com\/lbd\/wp-content\/uploads\/2014\/07\/10527574_727587037278401_6679764309052581963_n.jpg\"><img loading=\"lazy\" class=\"aligncenter size-medium wp-image-11821\" title=\"10527574_727587037278401_6679764309052581963_n\" src=\"http:\/\/labestiadeportiva.com\/lbd\/wp-content\/uploads\/2014\/07\/10527574_727587037278401_6679764309052581963_n-300x171.jpg\" alt=\"\" width=\"300\" height=\"171\" srcset=\"https:\/\/labestiadeportiva.com\/lbd\/wp-content\/uploads\/2014\/07\/10527574_727587037278401_6679764309052581963_n-300x171.jpg 300w, https:\/\/labestiadeportiva.com\/lbd\/wp-content\/uploads\/2014\/07\/10527574_727587037278401_6679764309052581963_n.jpg 526w\" sizes=\"(max-width: 300px) 100vw, 300px\" \/><\/a>La final fue verdaderamente electrizante, con marcador incierto hasta el final. A pocos minutos del cierre del tiempo reglamentario los bonaerenses marchaban arriba en el marcador por un gol. Los locales consiguieron la igualdad mandando la definici\u00f3n a tiempo extra.<\/p>\n<p>En Over Time, Pedro Baeza se visti\u00f3 de h\u00e9roe al conseguir el tanto del campeonato. El ushuaiense, quien se encuentra estudiando en el norte de la isla, fue factor determinante en la victoria final al marcar los cuatro goles de su equipo.<\/p>\n<p>El lunes se disput\u00f3 el partido por el tercer lugar donde Winter dobleg\u00f3 al CAU \u00a0Amarillo por 2 a 1.<\/p>\n<p><a href=\"http:\/\/labestiadeportiva.com\/lbd\/wp-content\/uploads\/2014\/07\/10551089_10204213209361340_4655681777501691553_n.jpg\"><img loading=\"lazy\" class=\"aligncenter size-medium wp-image-11822\" title=\"10551089_10204213209361340_4655681777501691553_n\" src=\"http:\/\/labestiadeportiva.com\/lbd\/wp-content\/uploads\/2014\/07\/10551089_10204213209361340_4655681777501691553_n-300x166.jpg\" alt=\"\" width=\"300\" height=\"166\" srcset=\"https:\/\/labestiadeportiva.com\/lbd\/wp-content\/uploads\/2014\/07\/10551089_10204213209361340_4655681777501691553_n-300x166.jpg 300w, https:\/\/labestiadeportiva.com\/lbd\/wp-content\/uploads\/2014\/07\/10551089_10204213209361340_4655681777501691553_n.jpg 505w\" sizes=\"(max-width: 300px) 100vw, 300px\" \/><\/a>En cuanto a las damas estuvieron presentes tres conjuntos, CAU, ACEMHH y Ovejas quienes jugaron un total de seis encuentros. Ovejas fue el ganador siendo su escolta ACEMHH mientras que las chicas del CAU ocuparon la tercera ubicaci\u00f3n.<\/p>\n<p>desde este lunes a jueves competir\u00e1 el segmento infanto juvenil, sub 10, sub 12, sub 14 y sub 16 mientras que del 6 al 10 de agosto la competici\u00f3n tomar\u00e1 ribetes internacionales cuando compitan los equipos de Brasil, Chile y Argentina a los que se les podr\u00edan sumar conjuntos de Canad\u00e1 y Estados Unidos.<\/p>\n<p>La \u201cCopa Fin del Mundo\u201d se mantiene en el tiempo con un sostenido crecimiento. Naci\u00f3 a\u00f1os \u00a0atr\u00e1s en la \u201cLaguna del Diablo\u201d para llegar en la actualidad con 150 jugadores presentes en el Carlos \u201cTachuela\u201d Oyarzun, 75 de los cuales son producto de la cantera de nuestra ciudad.<\/p>\n<p><span style=\"color: #0000ff;\"><a href=\"http:\/\/labestiadeportiva.com\/lbd\/wp-content\/uploads\/2014\/07\/MG_1911.jpg\"><img loading=\"lazy\" class=\"aligncenter size-medium wp-image-11823\" title=\"_MG_1911\" src=\"http:\/\/labestiadeportiva.com\/lbd\/wp-content\/uploads\/2014\/07\/MG_1911-300x163.jpg\" alt=\"\" width=\"300\" height=\"163\" srcset=\"https:\/\/labestiadeportiva.com\/lbd\/wp-content\/uploads\/2014\/07\/MG_1911-300x163.jpg 300w, https:\/\/labestiadeportiva.com\/lbd\/wp-content\/uploads\/2014\/07\/MG_1911.jpg 640w\" sizes=\"(max-width: 300px) 100vw, 300px\" \/><\/a>Posiciones Finales &#8211; Mayores<\/span><br \/>\nX Edici\u00f3n \u201cCopa Fin del Mundo\u201d<br \/>\n<span style=\"color: #ff0000;\">1\u00b0 CAU \u201cA\u201d<\/span><br \/>\n2\u00b0 ACEMHH Naranja<br \/>\n3\u00b0 Winter<br \/>\n4\u00b0 CAU Amarillo<\/p>\n<p><span style=\"color: #0000ff;\">Posiciones Finales \u2013 Damas<\/span><br \/>\n<span style=\"color: #ff0000;\">1\u00b0 Ovejas<\/span><br \/>\n2\u00b0 ACEMHH<br \/>\n3\u00b0 CAU<\/p>\n<p><a href=\"http:\/\/labestiadeportiva.com\/lbd\/wp-content\/uploads\/2014\/07\/MG_1912.jpg\"><img loading=\"lazy\" class=\"aligncenter size-medium wp-image-11824\" title=\"_MG_1912\" src=\"http:\/\/labestiadeportiva.com\/lbd\/wp-content\/uploads\/2014\/07\/MG_1912-300x167.jpg\" alt=\"\" width=\"300\" height=\"167\" srcset=\"https:\/\/labestiadeportiva.com\/lbd\/wp-content\/uploads\/2014\/07\/MG_1912-300x167.jpg 300w, https:\/\/labestiadeportiva.com\/lbd\/wp-content\/uploads\/2014\/07\/MG_1912.jpg 640w\" sizes=\"(max-width: 300px) 100vw, 300px\" \/><\/a><\/p>\n<div class='epvc-post-count'><span class='epvc-eye'><\/span>  <span class=\"epvc-count\"> 1.090<\/span><span class='epvc-label'> veces le\u00edda<\/span><\/div>\n<div class=\"jwsharethis\">\nShare this: \n<br \/>\n<a href=\"mailto:?subject=Me%20ver%C3%A1s%20volver&amp;body=https%3A%2F%2Flabestiadeportiva.com%2Flbd%2Fme-veras-volver%2F\">\n<img src=\"https:\/\/labestiadeportiva.com\/lbd\/wp-content\/plugins\/jw-share-this\/email.png\" alt=\"Share this page via Email\" \/>\n<\/a>\n<a target=\"_blank\" href=\"http:\/\/www.stumbleupon.com\/submit?url=https%3A%2F%2Flabestiadeportiva.com%2Flbd%2Fme-veras-volver%2F&amp;title=Me+ver%C3%A1s+volver\">\n<img src=\"https:\/\/labestiadeportiva.com\/lbd\/wp-content\/plugins\/jw-share-this\/su.png\" alt=\"Share this page via Stumble Upon\" \/>\n<\/a>\n<a target=\"_blank\" href=\"http:\/\/digg.com\/submit?url=https%3A%2F%2Flabestiadeportiva.com%2Flbd%2Fme-veras-volver%2F&amp;title=Me+ver%C3%A1s+volver\">\n<img src=\"https:\/\/labestiadeportiva.com\/lbd\/wp-content\/plugins\/jw-share-this\/digg.png\" alt=\"Share this page via Digg this\" \/>\n<\/a>\n<a target=\"_blank\" href=\"http:\/\/www.facebook.com\/sharer.php?u=https%3A%2F%2Flabestiadeportiva.com%2Flbd%2Fme-veras-volver%2F&amp;t=Me+ver%C3%A1s+volver\">\n<img src=\"https:\/\/labestiadeportiva.com\/lbd\/wp-content\/plugins\/jw-share-this\/fb.png\" alt=\"Share this page via Facebook\" \/>\n<\/a>\n<a target=\"_blank\" href=\"http:\/\/twitter.com\/intent\/tweet?text=I+like+https%3A%2F%2Flabestiadeportiva.com%2Flbd%2Fme-veras-volver%2F&amp;title=Me+ver%C3%A1s+volver\">\n<img src=\"https:\/\/labestiadeportiva.com\/lbd\/wp-content\/plugins\/jw-share-this\/twitter.png\" alt=\"Share this page via Twitter\" \/>\n<\/a>\n<\/div>\n","protected":false},"excerpt":{"rendered":"<p>El domingo por la noche finaliz\u00f3 la \u201cCopa del Fin del Mundo\u201d en el segmento Mayor. Despu\u00e9s de cuatro temporadas el equipo del CAU \u201cA\u201d se coron\u00f3 campe\u00f3n. Super\u00f3 en Over Time al conjunto principal de ACEMHH \u00a0por 4 a 3. Pedro Baeza fue el goleador y figura del juego con cuatro conquistas. 1.090 veces &hellip; <a href=\"https:\/\/labestiadeportiva.com\/lbd\/me-veras-volver\/\" class=\"more-link\">Seguir leyendo <span class=\"screen-reader-text\">Me ver\u00e1s volver<\/span> <span class=\"meta-nav\">&rarr;<\/span><\/a><\/p>\n","protected":false},"author":1,"featured_media":11819,"comment_status":"open","ping_status":"open","sticky":false,"template":"","format":"standard","meta":[],"categories":[5,6,41,1],"tags":[760,42,139,1611],"_links":{"self":[{"href":"https:\/\/labestiadeportiva.com\/lbd\/wp-json\/wp\/v2\/posts\/11818"}],"collection":[{"href":"https:\/\/labestiadeportiva.com\/lbd\/wp-json\/wp\/v2\/posts"}],"about":[{"href":"https:\/\/labestiadeportiva.com\/lbd\/wp-json\/wp\/v2\/types\/post"}],"author":[{"embeddable":true,"href":"https:\/\/labestiadeportiva.com\/lbd\/wp-json\/wp\/v2\/users\/1"}],"replies":[{"embeddable":true,"href":"https:\/\/labestiadeportiva.com\/lbd\/wp-json\/wp\/v2\/comments?post=11818"}],"version-history":[{"count":2,"href":"https:\/\/labestiadeportiva.com\/lbd\/wp-json\/wp\/v2\/posts\/11818\/revisions"}],"predecessor-version":[{"id":11826,"href":"https:\/\/labestiadeportiva.com\/lbd\/wp-json\/wp\/v2\/posts\/11818\/revisions\/11826"}],"wp:featuredmedia":[{"embeddable":true,"href":"https:\/\/labestiadeportiva.com\/lbd\/wp-json\/wp\/v2\/media\/11819"}],"wp:attachment":[{"href":"https:\/\/labestiadeportiva.com\/lbd\/wp-json\/wp\/v2\/media?parent=11818"}],"wp:term":[{"taxonomy":"category","embeddable":true,"href":"https:\/\/labestiadeportiva.com\/lbd\/wp-json\/wp\/v2\/categories?post=11818"},{"taxonomy":"post_tag","embeddable":true,"href":"https:\/\/labestiadeportiva.com\/lbd\/wp-json\/wp\/v2\/tags?post=11818"}],"curies":[{"name":"wp","href":"https:\/\/api.w.org\/{rel}","templated":true}]}}