{"id":11864,"date":"2014-07-25T21:15:56","date_gmt":"2014-07-25T21:15:56","guid":{"rendered":"http:\/\/labestiadeportiva.com\/lbd\/?p=11864"},"modified":"2014-07-25T21:15:56","modified_gmt":"2014-07-25T21:15:56","slug":"agenda-deportiva-63","status":"publish","type":"post","link":"https:\/\/labestiadeportiva.com\/lbd\/agenda-deportiva-63\/","title":{"rendered":"Agenda Deportiva"},"content":{"rendered":"<p><a href=\"http:\/\/labestiadeportiva.com\/lbd\/wp-content\/uploads\/2014\/07\/Imagen-15471.jpg\"><img loading=\"lazy\" class=\"alignleft size-medium wp-image-11866\" title=\"Imagen 1547\" src=\"http:\/\/labestiadeportiva.com\/lbd\/wp-content\/uploads\/2014\/07\/Imagen-15471-300x146.jpg\" alt=\"\" width=\"300\" height=\"146\" srcset=\"https:\/\/labestiadeportiva.com\/lbd\/wp-content\/uploads\/2014\/07\/Imagen-15471-300x146.jpg 300w, https:\/\/labestiadeportiva.com\/lbd\/wp-content\/uploads\/2014\/07\/Imagen-15471.jpg 640w\" sizes=\"(max-width: 300px) 100vw, 300px\" \/><\/a>Luego de un par de fines de semana tranquilos la actividad regresa a su volumen normal donde la propuesta crece en cantidad y calidad de disciplinas que entrar\u00e1n en acci\u00f3n. Se destacan la primera fecha del ATV Snow Race de la mano de la AMU, Fiesta de la Nieve con bajada de antorchas incluida, definici\u00f3n de la Copa Edelweiss de hockey pista, futsal AFA, Futsal Federado, segunda fecha del Duatl\u00f3n de Invierno y cl\u00ednica de futsal a cargo de la escuela MB. Desde LBD todos los detalles.<!--more--><\/p>\n<p><span style=\"color: #ff0000;\">Snow Race<\/span><br \/>\nCon la nieve ya consolidada en nuestros valles la Asociaci\u00f3n Motocicl\u00edstica Ushuaia dispuso para este domingo la primera fecha de los cuatriciclos en la nieve. Ser\u00e1 en el Centro Invernal Haruwen el d\u00eda domingo desde las nueve de la ma\u00f1ana. Cada categor\u00eda presente en el circuito correr\u00e1 dos mangas de diez minutos m\u00e1s una vuelta. El s\u00e1bado de 14 a 16 horas se podr\u00e1 recorrer el trazado a pie. Las categor\u00edas presentes ser\u00e1n ATV Limitada Juniors, Mini 110, Pre Mini, Limitada 350, Promocional, Master A y B Pro A y B\u00a0 a las que se sumar\u00e1 el segmento 4 x 4. La actividad concluir\u00e1 alrededor de las cinco de la tarde.<\/p>\n<p><span style=\"color: #0000ff;\"><a href=\"http:\/\/labestiadeportiva.com\/lbd\/wp-content\/uploads\/2014\/07\/MG_3501.jpg\"><img loading=\"lazy\" class=\"aligncenter size-medium wp-image-11869\" title=\"_MG_3501\" src=\"http:\/\/labestiadeportiva.com\/lbd\/wp-content\/uploads\/2014\/07\/MG_3501-300x200.jpg\" alt=\"\" width=\"300\" height=\"200\" srcset=\"https:\/\/labestiadeportiva.com\/lbd\/wp-content\/uploads\/2014\/07\/MG_3501-300x200.jpg 300w, https:\/\/labestiadeportiva.com\/lbd\/wp-content\/uploads\/2014\/07\/MG_3501.jpg 640w\" sizes=\"(max-width: 300px) 100vw, 300px\" \/><\/a>Bajada de antorchas<\/span><br \/>\nEste s\u00e1bado por la tarde se realizar\u00e1 la tradicional actividad que oficializa la temporada en el\u00a0 Cerro Castor. Desde las 15.30 horas los esquiadores de fondo, trineos con perros y motos de nieve se concentrar\u00e1n en Las Cotorras para luego trasladarse por el valle, antorchas en mano, hasta la base del complejo. Una vez all\u00ed le pasar\u00e1n la posta a los esquiadores alpinos quienes realizar\u00e1n la esperada bajada pautada para las seis de la tarde la cual ser\u00e1 coronada con un espect\u00e1culo de fuegos artificiales.<\/p>\n<p><span style=\"color: #ff0000;\">Hockey Pista<\/span><br \/>\nEste s\u00e1bado concluir\u00e1 la competencia organizada por el URC para primera divisi\u00f3n en damas y caballeros. En esta oportunidad la Copa Edelweiss comenz\u00f3 el pasado lunes, continu\u00f3 el mi\u00e9rcoles y se completar\u00e1s este viernes y s\u00e1bado. El primer d\u00eda de juego del fin de semana ser\u00e1 de 19 a 23.30 mientras que la jornada sabatina se iniciar\u00e1 a las 13 concluyendo alrededor de las nueve y media de la noche.<\/p>\n<p><span style=\"color: #0000ff;\">Futsal AFA<\/span><br \/>\nLa Subcomisi\u00f3n de la disciplina dispuso para este fin de semana una nueva fecha de juego con 10 partidos correspondientes a la \u201cCopa Fiat Ushuaia\u201d. La acci\u00f3n comenzar\u00e1 este viernes por la noche, desde las 22, en la cancha 4 del \u201cHugo Italo Favale\u201d. Los partidos continuar\u00e1n el s\u00e1bado en la cancha 1 y 2 del \u201cCochocho\u201d Vargas de 20 a 23.30, cerrando el domingo en los gimnasios de CECU y Campolter, en el complejo mercantil de 14 a 18.30 mientras que en el reducto policial se jugar\u00e1 de 14 a 16.30 horas.<\/p>\n<p><a href=\"http:\/\/labestiadeportiva.com\/lbd\/wp-content\/uploads\/2014\/07\/MG_1936.jpg\"><img loading=\"lazy\" class=\"aligncenter size-medium wp-image-11872\" title=\"_MG_1936\" src=\"http:\/\/labestiadeportiva.com\/lbd\/wp-content\/uploads\/2014\/07\/MG_1936-300x200.jpg\" alt=\"\" width=\"300\" height=\"200\" srcset=\"https:\/\/labestiadeportiva.com\/lbd\/wp-content\/uploads\/2014\/07\/MG_1936-300x200.jpg 300w, https:\/\/labestiadeportiva.com\/lbd\/wp-content\/uploads\/2014\/07\/MG_1936.jpg 640w\" sizes=\"(max-width: 300px) 100vw, 300px\" \/><\/a><span style=\"color: #ff0000;\">Futsal Federado<\/span><br \/>\nLa Federaci\u00f3n Ushuaiense repetir\u00e1 el extenso cronograma de partidos para sus divisionales superiores. Los menores, cadetes, juveniles, femeninos y primera se presentar\u00e1n s\u00e1bado y domingo en los gimnasios \u201cCochocho\u201d Vargas, Cancha 4 y Campolter. Cabe recordar que este ser\u00e1 el segundo y \u00faltimo fin de semana donde los infantiles contin\u00faen disfrutando del receso de vacaciones de invierno.<\/p>\n<p><span style=\"color: #0000ff;\">Duatl\u00f3n de Invierno<\/span><br \/>\nCon la organizaci\u00f3n de la Fundaci\u00f3n Deportiva K\u00b4Mal llegar\u00e1 este domingo la segunda fecha del campeonato combinado de pedestrismo y ciclismo. La concentraci\u00f3n ser\u00e1 a partir de las diez de la ma\u00f1ana en la Pasarela Fique frente al ingreso del club AFASyN. La jornada se iniciar\u00e1 desde las 11, los organizadores informaron que se modificar\u00e1 el recorrido respecto a la fecha inicial debido a la presencia de nieve.<\/p>\n<p><span style=\"color: #ff0000;\">Cl\u00ednica Futsal<\/span><br \/>\nEste viernes de 18 a 21 en instalaciones del gimnasio del Centro H\u00edpico del Fin del Mundo se realizar\u00e1 la capacitaci\u00f3n de futsal organizada por la escuela MB. Estar\u00e1 orientada a formadores de la disciplina e intentar\u00e1 transmitir valores de la formaci\u00f3n para edades tempranas y juveniles. Se efectuar\u00e1 una bater\u00eda de ejercicios con la premisa de resaltar las capacidades que deben entrenarse en el futsal. El curso ser\u00e1 dictado por el entrenador Mart\u00edn Bonvehi.<\/p>\n<p><a href=\"http:\/\/labestiadeportiva.com\/lbd\/wp-content\/uploads\/2014\/07\/MG_1871.jpg\"><img loading=\"lazy\" class=\"aligncenter size-medium wp-image-11873\" title=\"_MG_1871\" src=\"http:\/\/labestiadeportiva.com\/lbd\/wp-content\/uploads\/2014\/07\/MG_1871-300x244.jpg\" alt=\"\" width=\"300\" height=\"244\" srcset=\"https:\/\/labestiadeportiva.com\/lbd\/wp-content\/uploads\/2014\/07\/MG_1871-300x244.jpg 300w, https:\/\/labestiadeportiva.com\/lbd\/wp-content\/uploads\/2014\/07\/MG_1871.jpg 588w\" sizes=\"(max-width: 300px) 100vw, 300px\" \/><\/a><span style=\"color: #00ff00;\">Hockey Pista-\u2013 \u201cCopa Edelweiss\u201d &#8211; 1\u00b0 Damas y Caballeros<\/span><br \/>\nGimnasio URC<br \/>\nVIERNES 25<br \/>\n19:00 DZC TRICOLOR\/SEVEN UP<br \/>\n19:45 DZA ROJO\/NAINOS<br \/>\n20:30 DZB LAS PECADORAS\/CLUB COLEGIO<br \/>\n21:15 DZB NINOS\/LOS \u00d1IRES<br \/>\n22:00 DZC CUERVOS F.D.\/SEVEN UP<br \/>\n22:45 DZC LAS BRUJAS\/ TRICOLOR<br \/>\nSABADO 26<br \/>\n13:00 CAB MI MAMA Q.U.N.\/ SIN VIDET N.M.P.<br \/>\n13:45 CAB URC\/ LOS CUERVOS F.D.<br \/>\n14:30 SEMI 1 DAMAS 1\u00b0 Zona A\u00a0\u00a0 \u00a0\/ 1\u00b0 Zona B<br \/>\n15:15 SEMI 2 DAMAS 1\u00b0 Zona C\u00a0\u00a0 \u00a0\/ 2\u00b0 mejor ZONA A,B o C<br \/>\n16:00 CAB LOS CUERVOS F.D. \/ SIN VIDET N.M.P.<br \/>\n16:45 Estimulo\u00a0\u00a0 \u00a02\u00b0 zona A \/ 3\u00b0 zona B<br \/>\n17:30 Estimulo\u00a0\u00a0 \u00a03\u00b0 zona A \/ 3\u00b0 zona C<br \/>\n19:30 FINAL DAMAS<br \/>\n20:30 FINAL CAB<\/p>\n<p><span style=\"color: #993366;\"><a href=\"http:\/\/labestiadeportiva.com\/lbd\/wp-content\/uploads\/2014\/07\/10561837_10204121961586301_4105781126269103546_n.jpg\"><img loading=\"lazy\" class=\"aligncenter size-medium wp-image-11875\" title=\"10561837_10204121961586301_4105781126269103546_n\" src=\"http:\/\/labestiadeportiva.com\/lbd\/wp-content\/uploads\/2014\/07\/10561837_10204121961586301_4105781126269103546_n-216x300.jpg\" alt=\"\" width=\"216\" height=\"300\" srcset=\"https:\/\/labestiadeportiva.com\/lbd\/wp-content\/uploads\/2014\/07\/10561837_10204121961586301_4105781126269103546_n-216x300.jpg 216w, https:\/\/labestiadeportiva.com\/lbd\/wp-content\/uploads\/2014\/07\/10561837_10204121961586301_4105781126269103546_n.jpg 370w\" sizes=\"(max-width: 216px) 100vw, 216px\" \/><\/a>Futsal AFA \u2013 \u201cCopa Fiat Ushuaia\u201d<\/span><br \/>\nViernes 25<br \/>\nCancha 4 \u201cHugo Italo Favale\u201d<br \/>\n22:00 1\u00b0 B Lago Escondido\/A.A.T.E.D.Y.C.<br \/>\nS\u00e1bado 26<br \/>\nGimnasio \u201cCochocho\u201d Vargas<br \/>\n20:00 1\u00b0 A Los Andes Jrs.\/ Filial Ferro<br \/>\n21:20 1\u00b0 A Centro Galicia\/ Arturo Prat<br \/>\n22:30 1\u00b0 A Fundaci\u00f3n Metal\u00fargica\/Camioneros<br \/>\nDomingo 27<br \/>\nGimnasio CECU<br \/>\n14:00 1\u00b0 B A.A.T.E.D.Y.C.\/Tigre<br \/>\n15:00 1\u00b0 B Lago Escondido\/Lasserre<br \/>\n16:00 1\u00b0 B Ateneo \/ Andes del Sur<br \/>\n17:20 1\u00b0 A Mutual BTF \/ Fundaci\u00f3n Deportiva K\u00b4Mal<br \/>\nDomingo 27<br \/>\nGimnasio CAM.POL.TER<br \/>\n14:00 1\u00b0 A La UOM \/ G\u00fcemes<br \/>\n15:20 1\u00b0 A Campolter\/ El Fort\u00edn<\/p>\n<p><a href=\"http:\/\/labestiadeportiva.com\/lbd\/wp-content\/uploads\/2014\/07\/10527532_335896889896535_7083650525699619728_n.png\"><img loading=\"lazy\" class=\"aligncenter size-medium wp-image-11874\" title=\"10527532_335896889896535_7083650525699619728_n\" src=\"http:\/\/labestiadeportiva.com\/lbd\/wp-content\/uploads\/2014\/07\/10527532_335896889896535_7083650525699619728_n-181x300.png\" alt=\"\" width=\"181\" height=\"300\" srcset=\"https:\/\/labestiadeportiva.com\/lbd\/wp-content\/uploads\/2014\/07\/10527532_335896889896535_7083650525699619728_n-181x300.png 181w, https:\/\/labestiadeportiva.com\/lbd\/wp-content\/uploads\/2014\/07\/10527532_335896889896535_7083650525699619728_n.png 566w\" sizes=\"(max-width: 181px) 100vw, 181px\" \/><\/a><\/p>\n<div class='epvc-post-count'><span class='epvc-eye'><\/span>  <span class=\"epvc-count\"> 1.048<\/span><span class='epvc-label'> veces le\u00edda<\/span><\/div>\n<div class=\"jwsharethis\">\nShare this: \n<br \/>\n<a href=\"mailto:?subject=Agenda%20Deportiva&amp;body=https%3A%2F%2Flabestiadeportiva.com%2Flbd%2Fagenda-deportiva-63%2F\">\n<img src=\"https:\/\/labestiadeportiva.com\/lbd\/wp-content\/plugins\/jw-share-this\/email.png\" alt=\"Share this page via Email\" \/>\n<\/a>\n<a target=\"_blank\" href=\"http:\/\/www.stumbleupon.com\/submit?url=https%3A%2F%2Flabestiadeportiva.com%2Flbd%2Fagenda-deportiva-63%2F&amp;title=Agenda+Deportiva\">\n<img src=\"https:\/\/labestiadeportiva.com\/lbd\/wp-content\/plugins\/jw-share-this\/su.png\" alt=\"Share this page via Stumble Upon\" \/>\n<\/a>\n<a target=\"_blank\" href=\"http:\/\/digg.com\/submit?url=https%3A%2F%2Flabestiadeportiva.com%2Flbd%2Fagenda-deportiva-63%2F&amp;title=Agenda+Deportiva\">\n<img src=\"https:\/\/labestiadeportiva.com\/lbd\/wp-content\/plugins\/jw-share-this\/digg.png\" alt=\"Share this page via Digg this\" \/>\n<\/a>\n<a target=\"_blank\" href=\"http:\/\/www.facebook.com\/sharer.php?u=https%3A%2F%2Flabestiadeportiva.com%2Flbd%2Fagenda-deportiva-63%2F&amp;t=Agenda+Deportiva\">\n<img src=\"https:\/\/labestiadeportiva.com\/lbd\/wp-content\/plugins\/jw-share-this\/fb.png\" alt=\"Share this page via Facebook\" \/>\n<\/a>\n<a target=\"_blank\" href=\"http:\/\/twitter.com\/intent\/tweet?text=I+like+https%3A%2F%2Flabestiadeportiva.com%2Flbd%2Fagenda-deportiva-63%2F&amp;title=Agenda+Deportiva\">\n<img src=\"https:\/\/labestiadeportiva.com\/lbd\/wp-content\/plugins\/jw-share-this\/twitter.png\" alt=\"Share this page via Twitter\" \/>\n<\/a>\n<\/div>\n","protected":false},"excerpt":{"rendered":"<p>Luego de un par de fines de semana tranquilos la actividad regresa a su volumen normal donde la propuesta crece en cantidad y calidad de disciplinas que entrar\u00e1n en acci\u00f3n. Se destacan la primera fecha del ATV Snow Race de la mano de la AMU, Fiesta de la Nieve con bajada de antorchas incluida, definici\u00f3n &hellip; <a href=\"https:\/\/labestiadeportiva.com\/lbd\/agenda-deportiva-63\/\" class=\"more-link\">Seguir leyendo <span class=\"screen-reader-text\">Agenda Deportiva<\/span> <span class=\"meta-nav\">&rarr;<\/span><\/a><\/p>\n","protected":false},"author":1,"featured_media":11866,"comment_status":"open","ping_status":"open","sticky":false,"template":"","format":"standard","meta":[],"categories":[5,1],"tags":[62,83],"_links":{"self":[{"href":"https:\/\/labestiadeportiva.com\/lbd\/wp-json\/wp\/v2\/posts\/11864"}],"collection":[{"href":"https:\/\/labestiadeportiva.com\/lbd\/wp-json\/wp\/v2\/posts"}],"about":[{"href":"https:\/\/labestiadeportiva.com\/lbd\/wp-json\/wp\/v2\/types\/post"}],"author":[{"embeddable":true,"href":"https:\/\/labestiadeportiva.com\/lbd\/wp-json\/wp\/v2\/users\/1"}],"replies":[{"embeddable":true,"href":"https:\/\/labestiadeportiva.com\/lbd\/wp-json\/wp\/v2\/comments?post=11864"}],"version-history":[{"count":1,"href":"https:\/\/labestiadeportiva.com\/lbd\/wp-json\/wp\/v2\/posts\/11864\/revisions"}],"predecessor-version":[{"id":11876,"href":"https:\/\/labestiadeportiva.com\/lbd\/wp-json\/wp\/v2\/posts\/11864\/revisions\/11876"}],"wp:featuredmedia":[{"embeddable":true,"href":"https:\/\/labestiadeportiva.com\/lbd\/wp-json\/wp\/v2\/media\/11866"}],"wp:attachment":[{"href":"https:\/\/labestiadeportiva.com\/lbd\/wp-json\/wp\/v2\/media?parent=11864"}],"wp:term":[{"taxonomy":"category","embeddable":true,"href":"https:\/\/labestiadeportiva.com\/lbd\/wp-json\/wp\/v2\/categories?post=11864"},{"taxonomy":"post_tag","embeddable":true,"href":"https:\/\/labestiadeportiva.com\/lbd\/wp-json\/wp\/v2\/tags?post=11864"}],"curies":[{"name":"wp","href":"https:\/\/api.w.org\/{rel}","templated":true}]}}