{"id":11868,"date":"2014-07-25T21:07:56","date_gmt":"2014-07-25T21:07:56","guid":{"rendered":"http:\/\/labestiadeportiva.com\/lbd\/?p=11868"},"modified":"2014-07-26T03:59:45","modified_gmt":"2014-07-26T03:59:45","slug":"se-da-un-lujo","status":"publish","type":"post","link":"https:\/\/labestiadeportiva.com\/lbd\/se-da-un-lujo\/","title":{"rendered":"Se da un lujo"},"content":{"rendered":"<p>Por <a href=\"http:\/\/www.mzldeportes.com\">MZL Deportes<\/a> (Corresponsal LBD en Buenos Aires)<\/p>\n<p style=\"text-align: center;\"><a href=\"http:\/\/labestiadeportiva.com\/lbd\/wp-content\/uploads\/2014\/07\/MZL1.jpg\"><img loading=\"lazy\" class=\" wp-image-11870 aligncenter\" title=\"MZL\" src=\"http:\/\/labestiadeportiva.com\/lbd\/wp-content\/uploads\/2014\/07\/MZL1.jpg\" alt=\"\" width=\"383\" height=\"250\" srcset=\"https:\/\/labestiadeportiva.com\/lbd\/wp-content\/uploads\/2014\/07\/MZL1.jpg 639w, https:\/\/labestiadeportiva.com\/lbd\/wp-content\/uploads\/2014\/07\/MZL1-300x195.jpg 300w\" sizes=\"(max-width: 383px) 100vw, 383px\" \/><\/a><\/p>\n<p>El rider fueguino Tom\u00e1s Rodr\u00edguez viajar\u00e1 a principios de Agosto hacia los Estados Unidos para debutar en el AMA, m\u00e1ximo campeonato de la especialidad, en el m\u00edtico trazado de Loretta Lynn\u00b4s. En di\u00e1logo con nosotros nos explic\u00f3 c\u00f3mo se dio esta oportunidad.<!--moreLeer nota completa --><\/p>\n<p><span style=\"font-size: 13px;\">El talento de los deportistas fueguinos queda en manifiesto cada vez que saltan a una cancha o a una pista de carreras. En este sentido el joven Tom\u00e1s Rodr\u00edguez, que hizo sus primeras armas en la AMU y consigui\u00f3 debutar en el Enduro del Verano, buscar\u00e1 seguir creciendo dentro de los cuatriciclos.<\/span><\/p>\n<p>Es por eso que tras haber realizado el a\u00f1o pasado una cl\u00ednica de ATV en C\u00f3rdoba junto a Nicol\u00e1s Cavigliasso tiene la chance de trasladarse a suelo estadounidense para participar del cierre de la temporada del AMA ATV National Championship, el torneo m\u00e1s competitivo del mundo.<\/p>\n<p>El extraordinario circuito de Loretta Lynn\u2019s (Tennessee) lo recibir\u00e1 los d\u00edas 8 y 9 de agosto con la idea de sumar experiencia para el crecimiento en la disciplina.<\/p>\n<p><em>\u201c<span style=\"color: #ff0000;\">Como siempre el contacto fue el cordob\u00e9s Nico Cavi que me habla constantemente de c\u00f3mo son las cosas all\u00e1 en USA y hace unos meses arreglamos para ir a correr la \u00faltima fecha del AMA. Durante ese lapso me fue aconsejando sobre que hab\u00eda que preparar para estar en condiciones de correr\u201d<\/span><\/em>, comenz\u00f3 diciendo en contacto exclusivo.<\/p>\n<p>Asimismo detall\u00f3 algunos pormenores de la traves\u00eda hacia Norteam\u00e9rica: <span style=\"color: #ff0000;\"><em>\u201cVamos a alquilar un cuatri all\u00e1 que lo prepara el equipo de Thomas Brown <\/em>(reconocido piloto de la Pro)<em> y esperamos hacer lo mejor posible\u201d<\/em><\/span>.<\/p>\n<p><span style=\"color: #ff0000;\"><em>\u201cUna vez que est\u00e9 all\u00e1 me voy a fijar en que segmento me tocar\u00eda correr. Si no me equivoco deber\u00eda ser la Production C por lo que los niveles ser\u00e1n bastante parejos. El objetivo est\u00e1 centrado en que sea una linda y muy buena experiencia para mi vida y mi futuro\u201d<\/em><\/span>, expres\u00f3 para culminar.<\/p>\n<p>Sin perder el tiempo y apuntando siempre a crecer de manera profesional, Tom\u00e1s Joaqu\u00edn Rodr\u00edguez volar\u00e1 hacia la excelencia en busca de optimizar su rendimiento arriba del cuatri.<\/p>\n<div class='epvc-post-count'><span class='epvc-eye'><\/span>  <span class=\"epvc-count\"> 960<\/span><span class='epvc-label'> veces le\u00edda<\/span><\/div>\n<div class=\"jwsharethis\">\nShare this: \n<br \/>\n<a href=\"mailto:?subject=Se%20da%20un%20lujo&amp;body=https%3A%2F%2Flabestiadeportiva.com%2Flbd%2Fse-da-un-lujo%2F\">\n<img src=\"https:\/\/labestiadeportiva.com\/lbd\/wp-content\/plugins\/jw-share-this\/email.png\" alt=\"Share this page via Email\" \/>\n<\/a>\n<a target=\"_blank\" href=\"http:\/\/www.stumbleupon.com\/submit?url=https%3A%2F%2Flabestiadeportiva.com%2Flbd%2Fse-da-un-lujo%2F&amp;title=Se+da+un+lujo\">\n<img src=\"https:\/\/labestiadeportiva.com\/lbd\/wp-content\/plugins\/jw-share-this\/su.png\" alt=\"Share this page via Stumble Upon\" \/>\n<\/a>\n<a target=\"_blank\" href=\"http:\/\/digg.com\/submit?url=https%3A%2F%2Flabestiadeportiva.com%2Flbd%2Fse-da-un-lujo%2F&amp;title=Se+da+un+lujo\">\n<img src=\"https:\/\/labestiadeportiva.com\/lbd\/wp-content\/plugins\/jw-share-this\/digg.png\" alt=\"Share this page via Digg this\" \/>\n<\/a>\n<a target=\"_blank\" href=\"http:\/\/www.facebook.com\/sharer.php?u=https%3A%2F%2Flabestiadeportiva.com%2Flbd%2Fse-da-un-lujo%2F&amp;t=Se+da+un+lujo\">\n<img src=\"https:\/\/labestiadeportiva.com\/lbd\/wp-content\/plugins\/jw-share-this\/fb.png\" alt=\"Share this page via Facebook\" \/>\n<\/a>\n<a target=\"_blank\" href=\"http:\/\/twitter.com\/intent\/tweet?text=I+like+https%3A%2F%2Flabestiadeportiva.com%2Flbd%2Fse-da-un-lujo%2F&amp;title=Se+da+un+lujo\">\n<img src=\"https:\/\/labestiadeportiva.com\/lbd\/wp-content\/plugins\/jw-share-this\/twitter.png\" alt=\"Share this page via Twitter\" \/>\n<\/a>\n<\/div>\n","protected":false},"excerpt":{"rendered":"<p>Por MZL Deportes (Corresponsal LBD en Buenos Aires) El rider fueguino Tom\u00e1s Rodr\u00edguez viajar\u00e1 a principios de Agosto hacia los Estados Unidos para debutar en el AMA, m\u00e1ximo campeonato de la especialidad, en el m\u00edtico trazado de Loretta Lynn\u00b4s. En di\u00e1logo con nosotros nos explic\u00f3 c\u00f3mo se dio esta oportunidad. 960 veces le\u00edda Share this:<\/p>\n","protected":false},"author":1,"featured_media":11870,"comment_status":"open","ping_status":"open","sticky":false,"template":"","format":"standard","meta":[],"categories":[5,4,1],"tags":[71,1633],"_links":{"self":[{"href":"https:\/\/labestiadeportiva.com\/lbd\/wp-json\/wp\/v2\/posts\/11868"}],"collection":[{"href":"https:\/\/labestiadeportiva.com\/lbd\/wp-json\/wp\/v2\/posts"}],"about":[{"href":"https:\/\/labestiadeportiva.com\/lbd\/wp-json\/wp\/v2\/types\/post"}],"author":[{"embeddable":true,"href":"https:\/\/labestiadeportiva.com\/lbd\/wp-json\/wp\/v2\/users\/1"}],"replies":[{"embeddable":true,"href":"https:\/\/labestiadeportiva.com\/lbd\/wp-json\/wp\/v2\/comments?post=11868"}],"version-history":[{"count":3,"href":"https:\/\/labestiadeportiva.com\/lbd\/wp-json\/wp\/v2\/posts\/11868\/revisions"}],"predecessor-version":[{"id":11880,"href":"https:\/\/labestiadeportiva.com\/lbd\/wp-json\/wp\/v2\/posts\/11868\/revisions\/11880"}],"wp:featuredmedia":[{"embeddable":true,"href":"https:\/\/labestiadeportiva.com\/lbd\/wp-json\/wp\/v2\/media\/11870"}],"wp:attachment":[{"href":"https:\/\/labestiadeportiva.com\/lbd\/wp-json\/wp\/v2\/media?parent=11868"}],"wp:term":[{"taxonomy":"category","embeddable":true,"href":"https:\/\/labestiadeportiva.com\/lbd\/wp-json\/wp\/v2\/categories?post=11868"},{"taxonomy":"post_tag","embeddable":true,"href":"https:\/\/labestiadeportiva.com\/lbd\/wp-json\/wp\/v2\/tags?post=11868"}],"curies":[{"name":"wp","href":"https:\/\/api.w.org\/{rel}","templated":true}]}}