{"id":12158,"date":"2014-08-12T20:51:45","date_gmt":"2014-08-12T20:51:45","guid":{"rendered":"http:\/\/labestiadeportiva.com\/lbd\/?p=12158"},"modified":"2014-08-12T20:51:45","modified_gmt":"2014-08-12T20:51:45","slug":"dura-edicion","status":"publish","type":"post","link":"https:\/\/labestiadeportiva.com\/lbd\/dura-edicion\/","title":{"rendered":"Dura edici\u00f3n"},"content":{"rendered":"<p><a href=\"http:\/\/labestiadeportiva.com\/lbd\/wp-content\/uploads\/2014\/08\/Ul-Start.jpg\"><img loading=\"lazy\" class=\"alignleft size-medium wp-image-12159\" title=\"Ul Start\" src=\"http:\/\/labestiadeportiva.com\/lbd\/wp-content\/uploads\/2014\/08\/Ul-Start-300x152.jpg\" alt=\"\" width=\"300\" height=\"152\" srcset=\"https:\/\/labestiadeportiva.com\/lbd\/wp-content\/uploads\/2014\/08\/Ul-Start-300x152.jpg 300w, https:\/\/labestiadeportiva.com\/lbd\/wp-content\/uploads\/2014\/08\/Ul-Start.jpg 800w\" sizes=\"(max-width: 300px) 100vw, 300px\" \/><\/a>El domingo a media ma\u00f1ana se disput\u00f3 la 4\u00b0 versi\u00f3n del Ushuaia Loppet. Se realizaron 42 y 21 k. 45 esquiadores en l\u00ednea de largada. Gran parte de la jornada se realiz\u00f3 bajo una tormenta de viento y nieve. Federico Cichero y Carlos Lannes ingresaron juntos a la meta. Constanza \u201cCocha\u201d Via\u00f1a logr\u00f3 el primer lugar en mujeres mientras que la prueba alternativa qued\u00f3 en manos de Juan Pablo Torres. Las fotos son gentileza Ushuaia Loppet.<!--more--><\/p>\n<p>Las actividades comenzaron el pasado viernes en instalaciones del Centro Invernal Tierra Mayor donde las autoridades del CAU brindaron una reuni\u00f3n de bienvenida a los esquiadores.<\/p>\n<p>All\u00ed se inform\u00f3 la determinaci\u00f3n tomada, posponer la competencia por 24 horas debido al alerta meteorol\u00f3gico pronosticado en la regi\u00f3n, los fuertes vientos y la lluvia modificaron las condiciones de la nieve en el recorrido del circuito.<\/p>\n<p><a href=\"http:\/\/labestiadeportiva.com\/lbd\/wp-content\/uploads\/2014\/08\/10537899_689339064454759_2024764375954072977_n.jpg\"><img loading=\"lazy\" class=\"aligncenter size-medium wp-image-12160\" title=\"10537899_689339064454759_2024764375954072977_n\" src=\"http:\/\/labestiadeportiva.com\/lbd\/wp-content\/uploads\/2014\/08\/10537899_689339064454759_2024764375954072977_n-300x199.jpg\" alt=\"\" width=\"300\" height=\"199\" srcset=\"https:\/\/labestiadeportiva.com\/lbd\/wp-content\/uploads\/2014\/08\/10537899_689339064454759_2024764375954072977_n-300x199.jpg 300w, https:\/\/labestiadeportiva.com\/lbd\/wp-content\/uploads\/2014\/08\/10537899_689339064454759_2024764375954072977_n.jpg 960w\" sizes=\"(max-width: 300px) 100vw, 300px\" \/><\/a>Cuando el reloj marcaba las 10. 22 de la ma\u00f1ana del domingo se puso en marcha la competencia que en la previa contaba con un n\u00famero de inscriptos de algo m\u00e1s de 50 esquiadores de los cuales 45 estuvieron en l\u00ednea de largada.<\/p>\n<p>Bajo una intensa nevada los deportistas comenzaron a desandar la primera parte del circuito enclavado en la pista PIPEF, como era de esperar Cichero y Lannes marcaban el camino.<\/p>\n<p>En un segundo pelot\u00f3n se encontraba Acu\u00f1a, Bianchi y Zuloaga dejando en claro que tambi\u00e9n ser\u00edan protagonistas.<\/p>\n<p><a href=\"http:\/\/labestiadeportiva.com\/lbd\/wp-content\/uploads\/2014\/08\/MG_2425.jpg\"><img loading=\"lazy\" class=\"aligncenter size-medium wp-image-12161\" title=\"_MG_2425\" src=\"http:\/\/labestiadeportiva.com\/lbd\/wp-content\/uploads\/2014\/08\/MG_2425-300x200.jpg\" alt=\"\" width=\"300\" height=\"200\" srcset=\"https:\/\/labestiadeportiva.com\/lbd\/wp-content\/uploads\/2014\/08\/MG_2425-300x200.jpg 300w, https:\/\/labestiadeportiva.com\/lbd\/wp-content\/uploads\/2014\/08\/MG_2425.jpg 800w\" sizes=\"(max-width: 300px) 100vw, 300px\" \/><\/a>Por el lado de las damas Constanza Via\u00f1a ser\u00eda la mejor meti\u00e9ndose ente los quince primeros de la clasificaci\u00f3n general en 42 k.<\/p>\n<p>Dentro de los presentes 34 atletas formaron parte de la prueba m\u00e1s exigente mientras que 11 optaron por el recorrido alternativo.<\/p>\n<p>La dureza de la edici\u00f3n finalmente produjo varias deserciones, 26 esquiadores culminaron los 42 k mientras que 8 concluyeron el recorrido alternativo de 21 kil\u00f3metros.<\/p>\n<p>El pesado estado del circuito producto de la tormenta de nieve sumadas al viento y lluvia de los d\u00edas anteriores generaron una f\u00f3rmula sumamente desgastante para los participantes.<\/p>\n<p><a href=\"http:\/\/labestiadeportiva.com\/lbd\/wp-content\/uploads\/2014\/08\/10605548_676378212446784_614896438_o.jpg\"><img loading=\"lazy\" class=\"aligncenter size-medium wp-image-12162\" title=\"10605548_676378212446784_614896438_o\" src=\"http:\/\/labestiadeportiva.com\/lbd\/wp-content\/uploads\/2014\/08\/10605548_676378212446784_614896438_o-300x195.jpg\" alt=\"\" width=\"300\" height=\"195\" srcset=\"https:\/\/labestiadeportiva.com\/lbd\/wp-content\/uploads\/2014\/08\/10605548_676378212446784_614896438_o-300x195.jpg 300w, https:\/\/labestiadeportiva.com\/lbd\/wp-content\/uploads\/2014\/08\/10605548_676378212446784_614896438_o-1024x667.jpg 1024w, https:\/\/labestiadeportiva.com\/lbd\/wp-content\/uploads\/2014\/08\/10605548_676378212446784_614896438_o.jpg 1714w\" sizes=\"(max-width: 300px) 100vw, 300px\" \/><\/a>El claro ejemplo fueron los tiempos finales, claramente superiores a los de las ediciones anteriores.<\/p>\n<p>A la hora del final Cichero y Lannes superaban el arco inflable de \u201cSalomon\u201d en forma conjunta, Acu\u00f1a se adelantaba sobre Bianchi y Zuluaga quienes completaban los puestos de privilegio.<\/p>\n<p>El primero en completar la vuelta a la pista PIPEF, (21 k) fue Juan Pablo Torres un asiduo participante en Marchablanca en a\u00f1os anteriores registrando un tiempo de 1 hora 44\u00b456\u00b4\u00b4.<\/p>\n<p><a href=\"http:\/\/labestiadeportiva.com\/lbd\/wp-content\/uploads\/2014\/08\/publisher_53e98bc61c61b.jpg\"><img loading=\"lazy\" class=\"aligncenter size-medium wp-image-12163\" title=\"publisher_53e98bc61c61b\" src=\"http:\/\/labestiadeportiva.com\/lbd\/wp-content\/uploads\/2014\/08\/publisher_53e98bc61c61b-300x225.jpg\" alt=\"\" width=\"300\" height=\"225\" srcset=\"https:\/\/labestiadeportiva.com\/lbd\/wp-content\/uploads\/2014\/08\/publisher_53e98bc61c61b-300x225.jpg 300w, https:\/\/labestiadeportiva.com\/lbd\/wp-content\/uploads\/2014\/08\/publisher_53e98bc61c61b.jpg 800w\" sizes=\"(max-width: 300px) 100vw, 300px\" \/><\/a>Gran trabajo de todos los actores del evento, organizadores, voluntarios y esquiadores participantes quienes tuvieron que batallar durante m\u00e1s de tres horas\u00a0 con las adversas condiciones del tiempo, fuertes vientos y nevadas que complicaron a\u00fan m\u00e1s la jornada<\/p>\n<p>Diez pa\u00edses presentes en la competencia, a los nacionales se sumaron representantes de Brasil, Espa\u00f1a, Israel, Noruega, Suiza, Italia, Rep\u00fablica Checa, Estados Unidos y Francia.<\/p>\n<p>Asimismo en esta oportunidad se cont\u00f3 con la notable participaci\u00f3n de Hannes Larsson una eminencia en la materia quien le dio un toque de distinci\u00f3n a la presente edici\u00f3n.<\/p>\n<p><a href=\"http:\/\/labestiadeportiva.com\/lbd\/wp-content\/uploads\/2014\/08\/10481149_689336734454992_630279139074365542_n.jpg\"><img loading=\"lazy\" class=\"aligncenter size-medium wp-image-12164\" title=\"10481149_689336734454992_630279139074365542_n\" src=\"http:\/\/labestiadeportiva.com\/lbd\/wp-content\/uploads\/2014\/08\/10481149_689336734454992_630279139074365542_n-300x199.jpg\" alt=\"\" width=\"300\" height=\"199\" srcset=\"https:\/\/labestiadeportiva.com\/lbd\/wp-content\/uploads\/2014\/08\/10481149_689336734454992_630279139074365542_n-300x199.jpg 300w, https:\/\/labestiadeportiva.com\/lbd\/wp-content\/uploads\/2014\/08\/10481149_689336734454992_630279139074365542_n.jpg 960w\" sizes=\"(max-width: 300px) 100vw, 300px\" \/><\/a>El programa del Mes Internacional del esqu\u00ed de fondo continuar\u00e1 el pr\u00f3ximo domingo 17 en el Centro Invernal Tierra Mayor a donde llegar\u00e1 la 28\u00b0 edici\u00f3n de la Marchablanca la cual se realizar\u00e1 en t\u00e9cnica cl\u00e1sica.<\/p>\n<p>El campanazo de largada est\u00e1 programado para las 11.15 horas, se esperan alrededor de 600 esquiadores quienes participaran en las pruebas de 21, 10 y 3 k.<\/p>\n<p>Las inscripciones para participar del evento se pueden realizar en www.marchablanca.com o en la sede del CAU, Fadul 50.<\/p>\n<p><span style=\"color: #0000ff;\">Las principales posiciones<\/span><br \/>\n42 k<br \/>\nCaballeros<br \/>\n<span style=\"color: #ff0000;\">Federico Cichero 2 hs. 30\u00b404\u00b4\u00b4<\/span><br \/>\n<span style=\"color: #ff0000;\"> Carlos Lannes 2 hs. 30\u00b404\u00b4\u00b4<\/span><br \/>\nWalter Acu\u00f1a 2 hs. 39\u00b404\u00b4\u00b4<br \/>\nMart\u00edn Bianchi 2 hs. 42\u00b448\u00b4\u00b4<br \/>\nMat\u00edas Zuloaga 2 hs. 43\u00b405\u00b4\u00b4<\/p>\n<p><a href=\"http:\/\/labestiadeportiva.com\/lbd\/wp-content\/uploads\/2014\/08\/1623196_689269111128421_1614028258110981873_n.jpg\"><img loading=\"lazy\" class=\"aligncenter size-medium wp-image-12167\" title=\"1623196_689269111128421_1614028258110981873_n\" src=\"http:\/\/labestiadeportiva.com\/lbd\/wp-content\/uploads\/2014\/08\/1623196_689269111128421_1614028258110981873_n-300x199.jpg\" alt=\"\" width=\"300\" height=\"199\" srcset=\"https:\/\/labestiadeportiva.com\/lbd\/wp-content\/uploads\/2014\/08\/1623196_689269111128421_1614028258110981873_n-300x199.jpg 300w, https:\/\/labestiadeportiva.com\/lbd\/wp-content\/uploads\/2014\/08\/1623196_689269111128421_1614028258110981873_n.jpg 960w\" sizes=\"(max-width: 300px) 100vw, 300px\" \/><\/a>Damas<br \/>\n<span style=\"color: #ff0000;\">Constanza Via\u00f1a 3 hs. 30\u00b404\u00b4\u00b4<\/span><br \/>\nLaura Baldoni 4 hs. 39\u00b416\u00b4\u00b4<br \/>\nMerete Selnes 4 hs 42\u00b437\u00b4\u00b4<\/p>\n<p>21 k<br \/>\n<span style=\"color: #0000ff;\">Juan Pablo Torres 1 hs. 44\u00b456\u00b4\u00b4<\/span><br \/>\nCarlos Zampatti 1 hs 54\u00b406\u00b4\u00b4<br \/>\nSantiago Echaz\u00fa 1 hs 55\u00b443\u00b4\u00b4<\/p>\n<p><a href=\"http:\/\/labestiadeportiva.com\/lbd\/wp-content\/uploads\/2014\/08\/MG_2439.jpg\"><img loading=\"lazy\" class=\"aligncenter size-medium wp-image-12166\" title=\"_MG_2439\" src=\"http:\/\/labestiadeportiva.com\/lbd\/wp-content\/uploads\/2014\/08\/MG_2439-300x200.jpg\" alt=\"\" width=\"300\" height=\"200\" srcset=\"https:\/\/labestiadeportiva.com\/lbd\/wp-content\/uploads\/2014\/08\/MG_2439-300x200.jpg 300w, https:\/\/labestiadeportiva.com\/lbd\/wp-content\/uploads\/2014\/08\/MG_2439.jpg 800w\" sizes=\"(max-width: 300px) 100vw, 300px\" \/><\/a><\/p>\n<p>&nbsp;<\/p>\n<div class='epvc-post-count'><span class='epvc-eye'><\/span>  <span class=\"epvc-count\"> 1.143<\/span><span class='epvc-label'> veces le\u00edda<\/span><\/div>\n<div class=\"jwsharethis\">\nShare this: \n<br \/>\n<a href=\"mailto:?subject=Dura%20edici%C3%B3n&amp;body=https%3A%2F%2Flabestiadeportiva.com%2Flbd%2Fdura-edicion%2F\">\n<img src=\"https:\/\/labestiadeportiva.com\/lbd\/wp-content\/plugins\/jw-share-this\/email.png\" alt=\"Share this page via Email\" \/>\n<\/a>\n<a target=\"_blank\" href=\"http:\/\/www.stumbleupon.com\/submit?url=https%3A%2F%2Flabestiadeportiva.com%2Flbd%2Fdura-edicion%2F&amp;title=Dura+edici%C3%B3n\">\n<img src=\"https:\/\/labestiadeportiva.com\/lbd\/wp-content\/plugins\/jw-share-this\/su.png\" alt=\"Share this page via Stumble Upon\" \/>\n<\/a>\n<a target=\"_blank\" href=\"http:\/\/digg.com\/submit?url=https%3A%2F%2Flabestiadeportiva.com%2Flbd%2Fdura-edicion%2F&amp;title=Dura+edici%C3%B3n\">\n<img src=\"https:\/\/labestiadeportiva.com\/lbd\/wp-content\/plugins\/jw-share-this\/digg.png\" alt=\"Share this page via Digg this\" \/>\n<\/a>\n<a target=\"_blank\" href=\"http:\/\/www.facebook.com\/sharer.php?u=https%3A%2F%2Flabestiadeportiva.com%2Flbd%2Fdura-edicion%2F&amp;t=Dura+edici%C3%B3n\">\n<img src=\"https:\/\/labestiadeportiva.com\/lbd\/wp-content\/plugins\/jw-share-this\/fb.png\" alt=\"Share this page via Facebook\" \/>\n<\/a>\n<a target=\"_blank\" href=\"http:\/\/twitter.com\/intent\/tweet?text=I+like+https%3A%2F%2Flabestiadeportiva.com%2Flbd%2Fdura-edicion%2F&amp;title=Dura+edici%C3%B3n\">\n<img src=\"https:\/\/labestiadeportiva.com\/lbd\/wp-content\/plugins\/jw-share-this\/twitter.png\" alt=\"Share this page via Twitter\" \/>\n<\/a>\n<\/div>\n","protected":false},"excerpt":{"rendered":"<p>El domingo a media ma\u00f1ana se disput\u00f3 la 4\u00b0 versi\u00f3n del Ushuaia Loppet. Se realizaron 42 y 21 k. 45 esquiadores en l\u00ednea de largada. Gran parte de la jornada se realiz\u00f3 bajo una tormenta de viento y nieve. Federico Cichero y Carlos Lannes ingresaron juntos a la meta. Constanza \u201cCocha\u201d Via\u00f1a logr\u00f3 el primer &hellip; <a href=\"https:\/\/labestiadeportiva.com\/lbd\/dura-edicion\/\" class=\"more-link\">Seguir leyendo <span class=\"screen-reader-text\">Dura edici\u00f3n<\/span> <span class=\"meta-nav\">&rarr;<\/span><\/a><\/p>\n","protected":false},"author":1,"featured_media":12159,"comment_status":"open","ping_status":"open","sticky":false,"template":"","format":"standard","meta":[],"categories":[5,4,6,41,29,1],"tags":[893,863,42,4832],"_links":{"self":[{"href":"https:\/\/labestiadeportiva.com\/lbd\/wp-json\/wp\/v2\/posts\/12158"}],"collection":[{"href":"https:\/\/labestiadeportiva.com\/lbd\/wp-json\/wp\/v2\/posts"}],"about":[{"href":"https:\/\/labestiadeportiva.com\/lbd\/wp-json\/wp\/v2\/types\/post"}],"author":[{"embeddable":true,"href":"https:\/\/labestiadeportiva.com\/lbd\/wp-json\/wp\/v2\/users\/1"}],"replies":[{"embeddable":true,"href":"https:\/\/labestiadeportiva.com\/lbd\/wp-json\/wp\/v2\/comments?post=12158"}],"version-history":[{"count":1,"href":"https:\/\/labestiadeportiva.com\/lbd\/wp-json\/wp\/v2\/posts\/12158\/revisions"}],"predecessor-version":[{"id":12168,"href":"https:\/\/labestiadeportiva.com\/lbd\/wp-json\/wp\/v2\/posts\/12158\/revisions\/12168"}],"wp:featuredmedia":[{"embeddable":true,"href":"https:\/\/labestiadeportiva.com\/lbd\/wp-json\/wp\/v2\/media\/12159"}],"wp:attachment":[{"href":"https:\/\/labestiadeportiva.com\/lbd\/wp-json\/wp\/v2\/media?parent=12158"}],"wp:term":[{"taxonomy":"category","embeddable":true,"href":"https:\/\/labestiadeportiva.com\/lbd\/wp-json\/wp\/v2\/categories?post=12158"},{"taxonomy":"post_tag","embeddable":true,"href":"https:\/\/labestiadeportiva.com\/lbd\/wp-json\/wp\/v2\/tags?post=12158"}],"curies":[{"name":"wp","href":"https:\/\/api.w.org\/{rel}","templated":true}]}}