{"id":12176,"date":"2014-08-13T00:07:51","date_gmt":"2014-08-13T00:07:51","guid":{"rendered":"http:\/\/labestiadeportiva.com\/lbd\/?p=12176"},"modified":"2014-08-13T03:17:07","modified_gmt":"2014-08-13T03:17:07","slug":"se-dio-el-gusto","status":"publish","type":"post","link":"https:\/\/labestiadeportiva.com\/lbd\/se-dio-el-gusto\/","title":{"rendered":"Se dio el gusto"},"content":{"rendered":"<p>Por <a href=\"www.mzldeportes.com\">MZL Deportes<\/a> (Corresponsal LBD en Buenos Aires)<\/p>\n<p style=\"text-align: center;\"><a href=\"http:\/\/labestiadeportiva.com\/lbd\/wp-content\/uploads\/2014\/08\/Rodri.jpg\"><img loading=\"lazy\" class=\"aligncenter  wp-image-12177\" title=\"Rodri\" src=\"http:\/\/labestiadeportiva.com\/lbd\/wp-content\/uploads\/2014\/08\/Rodri.jpg\" alt=\"\" width=\"432\" height=\"356\" srcset=\"https:\/\/labestiadeportiva.com\/lbd\/wp-content\/uploads\/2014\/08\/Rodri.jpg 900w, https:\/\/labestiadeportiva.com\/lbd\/wp-content\/uploads\/2014\/08\/Rodri-300x247.jpg 300w\" sizes=\"(max-width: 432px) 100vw, 432px\" \/><\/a><\/p>\n<p>Este fin de semana en suelo estadounidense un joven piloto nacido en Ushuaia hizo historia para el motociclismo provincial. Tom\u00e1s Rodriguez se convirti\u00f3 en el primer fueguino en ser de la partida dentro de una fecha del AMA ATV Nationals y, nada m\u00e1s y nada menos que en el m\u00edtico Loretta Lynn&#8217;s, cita cierre de la temporada 2014.<!--more Leer nota completa--><\/p>\n<p>Lejos de amedentrarse por el desaf\u00edo, el representante de Tierra del Fuego vol\u00f3 hacia tierras norteamericanas con la ilusi\u00f3n de cumplir el sue\u00f1o de todo aquel que se sube a un cuatriciclo: competir en el m\u00e1ximo certamen a nivel mundial. En los Estados Unidos fue recibido por el cordob\u00e9s Nicol\u00e1s Cavigliasso y el local Thomas Brown, quienes lo asesoraron y colaboraron con el contacto para el alquiler del quad.<\/p>\n<p><span style=\"color: #ff0000;\">\u00abEl s\u00e1bado ven\u00eda tercero dentro de la Production C, se moj\u00f3 la compu del cuatri por lo que se par\u00f3 el ATV y lamentablemente no pudimos continuar. Los mec\u00e1nicos de Yamaha trabajaron para solucionar el inconveniente y poder estar en la largada el domingo. Nos encontramos con un circuito muy lindo al principio pero despu\u00e9s los pozos que se hac\u00edan eran matadores. Las mesetas que hab\u00eda eran incre\u00edbles aunque con el barro y lluvia se fue complicando\u00bb<\/span>, comenz\u00f3 diciendo en di\u00e1logo con nosotros.<\/p>\n<p>Ya el domingo le toc\u00f3 formar parte del repechaje en Production C donde consigui\u00f3 meterse sexto aunque no le alcanz\u00f3 para clasificar a la competencia final mientras que en la Open C finaliz\u00f3 quinto dentro de la serie repechaje luego de no haber podido ser de la partida el s\u00e1bado en la Moto 1.<\/p>\n<p>A modo de balance tras volver a suelo argentino, el ushuaiense expres\u00f3: <span style=\"color: #ff0000;\">\u00abAl comienzo me cost\u00f3 mucho adaptarme. No es f\u00e1cil porque nadie te regala ni una curva y la verdad es que fue una linda experiencia. Me gust\u00f3 mucho, la disfrut\u00e9 y aprend\u00ed. Ahora espero que todo esto lo pueda usar en Ushuaia. La diferencia que hay en los circuitos es mucha y estar\u00eda bueno ir avanzando eso en la provincia para ir acostumbr\u00e1ndose a cosas m\u00e1s dif\u00edciles\u00bb<\/span>.<\/p>\n<p>Y culmin\u00f3 agradeciendo a <span style=\"color: #ff0000;\">\u00abNico Cavi porque se porta de diez conmigo, me ayud\u00f3 en toda esta experiencia, es un genio y cada d\u00eda aprendo mas de sus consejos al igual que a mi padre que me trajo hasta ac\u00e1 y siempre me ayuda, apoya y tambi\u00e9n a mi familia que me hace el aguante en todo momento\u00bb<\/span>.<\/p>\n<p>Pas\u00f3 la experiencia. Tomy hizo historia.<\/p>\n<p>&nbsp;<\/p>\n<div class='epvc-post-count'><span class='epvc-eye'><\/span>  <span class=\"epvc-count\"> 1.019<\/span><span class='epvc-label'> veces le\u00edda<\/span><\/div>\n<div class=\"jwsharethis\">\nShare this: \n<br \/>\n<a href=\"mailto:?subject=Se%20dio%20el%20gusto&amp;body=https%3A%2F%2Flabestiadeportiva.com%2Flbd%2Fse-dio-el-gusto%2F\">\n<img src=\"https:\/\/labestiadeportiva.com\/lbd\/wp-content\/plugins\/jw-share-this\/email.png\" alt=\"Share this page via Email\" \/>\n<\/a>\n<a target=\"_blank\" href=\"http:\/\/www.stumbleupon.com\/submit?url=https%3A%2F%2Flabestiadeportiva.com%2Flbd%2Fse-dio-el-gusto%2F&amp;title=Se+dio+el+gusto\">\n<img src=\"https:\/\/labestiadeportiva.com\/lbd\/wp-content\/plugins\/jw-share-this\/su.png\" alt=\"Share this page via Stumble Upon\" \/>\n<\/a>\n<a target=\"_blank\" href=\"http:\/\/digg.com\/submit?url=https%3A%2F%2Flabestiadeportiva.com%2Flbd%2Fse-dio-el-gusto%2F&amp;title=Se+dio+el+gusto\">\n<img src=\"https:\/\/labestiadeportiva.com\/lbd\/wp-content\/plugins\/jw-share-this\/digg.png\" alt=\"Share this page via Digg this\" \/>\n<\/a>\n<a target=\"_blank\" href=\"http:\/\/www.facebook.com\/sharer.php?u=https%3A%2F%2Flabestiadeportiva.com%2Flbd%2Fse-dio-el-gusto%2F&amp;t=Se+dio+el+gusto\">\n<img src=\"https:\/\/labestiadeportiva.com\/lbd\/wp-content\/plugins\/jw-share-this\/fb.png\" alt=\"Share this page via Facebook\" \/>\n<\/a>\n<a target=\"_blank\" href=\"http:\/\/twitter.com\/intent\/tweet?text=I+like+https%3A%2F%2Flabestiadeportiva.com%2Flbd%2Fse-dio-el-gusto%2F&amp;title=Se+dio+el+gusto\">\n<img src=\"https:\/\/labestiadeportiva.com\/lbd\/wp-content\/plugins\/jw-share-this\/twitter.png\" alt=\"Share this page via Twitter\" \/>\n<\/a>\n<\/div>\n","protected":false},"excerpt":{"rendered":"<p>Por MZL Deportes (Corresponsal LBD en Buenos Aires) Este fin de semana en suelo estadounidense un joven piloto nacido en Ushuaia hizo historia para el motociclismo provincial. Tom\u00e1s Rodriguez se convirti\u00f3 en el primer fueguino en ser de la partida dentro de una fecha del AMA ATV Nationals y, nada m\u00e1s y nada menos que &hellip; <a href=\"https:\/\/labestiadeportiva.com\/lbd\/se-dio-el-gusto\/\" class=\"more-link\">Seguir leyendo <span class=\"screen-reader-text\">Se dio el gusto<\/span> <span class=\"meta-nav\">&rarr;<\/span><\/a><\/p>\n","protected":false},"author":1,"featured_media":12177,"comment_status":"open","ping_status":"open","sticky":false,"template":"","format":"standard","meta":[],"categories":[5,4,1],"tags":[71,83,1633],"_links":{"self":[{"href":"https:\/\/labestiadeportiva.com\/lbd\/wp-json\/wp\/v2\/posts\/12176"}],"collection":[{"href":"https:\/\/labestiadeportiva.com\/lbd\/wp-json\/wp\/v2\/posts"}],"about":[{"href":"https:\/\/labestiadeportiva.com\/lbd\/wp-json\/wp\/v2\/types\/post"}],"author":[{"embeddable":true,"href":"https:\/\/labestiadeportiva.com\/lbd\/wp-json\/wp\/v2\/users\/1"}],"replies":[{"embeddable":true,"href":"https:\/\/labestiadeportiva.com\/lbd\/wp-json\/wp\/v2\/comments?post=12176"}],"version-history":[{"count":3,"href":"https:\/\/labestiadeportiva.com\/lbd\/wp-json\/wp\/v2\/posts\/12176\/revisions"}],"predecessor-version":[{"id":12186,"href":"https:\/\/labestiadeportiva.com\/lbd\/wp-json\/wp\/v2\/posts\/12176\/revisions\/12186"}],"wp:featuredmedia":[{"embeddable":true,"href":"https:\/\/labestiadeportiva.com\/lbd\/wp-json\/wp\/v2\/media\/12177"}],"wp:attachment":[{"href":"https:\/\/labestiadeportiva.com\/lbd\/wp-json\/wp\/v2\/media?parent=12176"}],"wp:term":[{"taxonomy":"category","embeddable":true,"href":"https:\/\/labestiadeportiva.com\/lbd\/wp-json\/wp\/v2\/categories?post=12176"},{"taxonomy":"post_tag","embeddable":true,"href":"https:\/\/labestiadeportiva.com\/lbd\/wp-json\/wp\/v2\/tags?post=12176"}],"curies":[{"name":"wp","href":"https:\/\/api.w.org\/{rel}","templated":true}]}}