{"id":12203,"date":"2014-08-13T14:18:14","date_gmt":"2014-08-13T14:18:14","guid":{"rendered":"http:\/\/labestiadeportiva.com\/lbd\/?p=12203"},"modified":"2014-08-13T14:18:14","modified_gmt":"2014-08-13T14:18:14","slug":"cr7-y-el-madrid-estan-de-vuelta","status":"publish","type":"post","link":"https:\/\/labestiadeportiva.com\/lbd\/cr7-y-el-madrid-estan-de-vuelta\/","title":{"rendered":"CR7 y el Madrid est\u00e1n de vuelta"},"content":{"rendered":"<p>Por Daniel Campos (Corresponsal LBD en Palma de Mallorca, Espa\u00f1a)<\/p>\n<p><a href=\"http:\/\/labestiadeportiva.com\/lbd\/wp-content\/uploads\/2014\/08\/supercup14.jpg\"><img loading=\"lazy\" class=\"alignleft size-medium wp-image-12204\" title=\"supercup14\" src=\"http:\/\/labestiadeportiva.com\/lbd\/wp-content\/uploads\/2014\/08\/supercup14-300x199.jpg\" alt=\"\" width=\"300\" height=\"199\" srcset=\"https:\/\/labestiadeportiva.com\/lbd\/wp-content\/uploads\/2014\/08\/supercup14-300x199.jpg 300w, https:\/\/labestiadeportiva.com\/lbd\/wp-content\/uploads\/2014\/08\/supercup14.jpg 980w\" sizes=\"(max-width: 300px) 100vw, 300px\" \/><\/a>El Real Madrid vence por 2 a 0 al Sevilla en Cardiff y logra la Supercopa de Europa, la segunda en su historia. Con dos goles del portugu\u00e9s Cristiano Ronaldo, el conjunto que conduce Carlo Ancelotti gan\u00f3 c\u00f3modamente al Sevilla.<\/p>\n<p>En el Real Madrid debutaron el alem\u00e1n Tony Kroos y el colombiano James Rodr\u00edguez. La foto es gentileza de la agencia AFP.<!--more--><\/p>\n<p>El equipo andaluz si bien plant\u00f3 cara\u00a0 al equipo de la capital de Espa\u00f1a, \u00a0no pudo hacer nada ante un inspirado Cristiano Ronaldo que regres\u00f3 muy bien f\u00edsicamente tras sus problemas en la rodilla.<\/p>\n<p>Los goles\u00a0 del atacante luso llegaron uno en cada per\u00edodo de juego. El primero tras un largo pase de de Gareth Bale, cuyo \u00a0disparo no pudo ser detenido por el portero Beto.<\/p>\n<p>Pero el Sevilla no bajo los brazos y busc\u00f3 el arco contrario, la posibilidad lleg\u00f3 con un \u00a0fuerte remate de Carrizo que Iker Casillas neutraliz\u00f3.<\/p>\n<p>Ya en la segunda mitad sigui\u00f3 la presi\u00f3n blanca y en el minuto 49, un tiro cruzado de Cristiano puso cifras definitivas al encuentro. De esta manera el Real Madrid suma su primer t\u00edtulo de la temporada 2014-2015.<\/p>\n<div class='epvc-post-count'><span class='epvc-eye'><\/span>  <span class=\"epvc-count\"> 1.227<\/span><span class='epvc-label'> veces le\u00edda<\/span><\/div>\n<div class=\"jwsharethis\">\nShare this: \n<br \/>\n<a href=\"mailto:?subject=CR7%20y%20el%20Madrid%20est%C3%A1n%20de%20vuelta&amp;body=https%3A%2F%2Flabestiadeportiva.com%2Flbd%2Fcr7-y-el-madrid-estan-de-vuelta%2F\">\n<img src=\"https:\/\/labestiadeportiva.com\/lbd\/wp-content\/plugins\/jw-share-this\/email.png\" alt=\"Share this page via Email\" \/>\n<\/a>\n<a target=\"_blank\" href=\"http:\/\/www.stumbleupon.com\/submit?url=https%3A%2F%2Flabestiadeportiva.com%2Flbd%2Fcr7-y-el-madrid-estan-de-vuelta%2F&amp;title=CR7+y+el+Madrid+est%C3%A1n+de+vuelta\">\n<img src=\"https:\/\/labestiadeportiva.com\/lbd\/wp-content\/plugins\/jw-share-this\/su.png\" alt=\"Share this page via Stumble Upon\" \/>\n<\/a>\n<a target=\"_blank\" href=\"http:\/\/digg.com\/submit?url=https%3A%2F%2Flabestiadeportiva.com%2Flbd%2Fcr7-y-el-madrid-estan-de-vuelta%2F&amp;title=CR7+y+el+Madrid+est%C3%A1n+de+vuelta\">\n<img src=\"https:\/\/labestiadeportiva.com\/lbd\/wp-content\/plugins\/jw-share-this\/digg.png\" alt=\"Share this page via Digg this\" \/>\n<\/a>\n<a target=\"_blank\" href=\"http:\/\/www.facebook.com\/sharer.php?u=https%3A%2F%2Flabestiadeportiva.com%2Flbd%2Fcr7-y-el-madrid-estan-de-vuelta%2F&amp;t=CR7+y+el+Madrid+est%C3%A1n+de+vuelta\">\n<img src=\"https:\/\/labestiadeportiva.com\/lbd\/wp-content\/plugins\/jw-share-this\/fb.png\" alt=\"Share this page via Facebook\" \/>\n<\/a>\n<a target=\"_blank\" href=\"http:\/\/twitter.com\/intent\/tweet?text=I+like+https%3A%2F%2Flabestiadeportiva.com%2Flbd%2Fcr7-y-el-madrid-estan-de-vuelta%2F&amp;title=CR7+y+el+Madrid+est%C3%A1n+de+vuelta\">\n<img src=\"https:\/\/labestiadeportiva.com\/lbd\/wp-content\/plugins\/jw-share-this\/twitter.png\" alt=\"Share this page via Twitter\" \/>\n<\/a>\n<\/div>\n","protected":false},"excerpt":{"rendered":"<p>Por Daniel Campos (Corresponsal LBD en Palma de Mallorca, Espa\u00f1a) El Real Madrid vence por 2 a 0 al Sevilla en Cardiff y logra la Supercopa de Europa, la segunda en su historia. Con dos goles del portugu\u00e9s Cristiano Ronaldo, el conjunto que conduce Carlo Ancelotti gan\u00f3 c\u00f3modamente al Sevilla. En el Real Madrid debutaron &hellip; <a href=\"https:\/\/labestiadeportiva.com\/lbd\/cr7-y-el-madrid-estan-de-vuelta\/\" class=\"more-link\">Seguir leyendo <span class=\"screen-reader-text\">CR7 y el Madrid est\u00e1n de vuelta<\/span> <span class=\"meta-nav\">&rarr;<\/span><\/a><\/p>\n","protected":false},"author":1,"featured_media":12204,"comment_status":"open","ping_status":"open","sticky":false,"template":"","format":"standard","meta":[],"categories":[4,14,1],"tags":[4830,83,1682],"_links":{"self":[{"href":"https:\/\/labestiadeportiva.com\/lbd\/wp-json\/wp\/v2\/posts\/12203"}],"collection":[{"href":"https:\/\/labestiadeportiva.com\/lbd\/wp-json\/wp\/v2\/posts"}],"about":[{"href":"https:\/\/labestiadeportiva.com\/lbd\/wp-json\/wp\/v2\/types\/post"}],"author":[{"embeddable":true,"href":"https:\/\/labestiadeportiva.com\/lbd\/wp-json\/wp\/v2\/users\/1"}],"replies":[{"embeddable":true,"href":"https:\/\/labestiadeportiva.com\/lbd\/wp-json\/wp\/v2\/comments?post=12203"}],"version-history":[{"count":1,"href":"https:\/\/labestiadeportiva.com\/lbd\/wp-json\/wp\/v2\/posts\/12203\/revisions"}],"predecessor-version":[{"id":12205,"href":"https:\/\/labestiadeportiva.com\/lbd\/wp-json\/wp\/v2\/posts\/12203\/revisions\/12205"}],"wp:featuredmedia":[{"embeddable":true,"href":"https:\/\/labestiadeportiva.com\/lbd\/wp-json\/wp\/v2\/media\/12204"}],"wp:attachment":[{"href":"https:\/\/labestiadeportiva.com\/lbd\/wp-json\/wp\/v2\/media?parent=12203"}],"wp:term":[{"taxonomy":"category","embeddable":true,"href":"https:\/\/labestiadeportiva.com\/lbd\/wp-json\/wp\/v2\/categories?post=12203"},{"taxonomy":"post_tag","embeddable":true,"href":"https:\/\/labestiadeportiva.com\/lbd\/wp-json\/wp\/v2\/tags?post=12203"}],"curies":[{"name":"wp","href":"https:\/\/api.w.org\/{rel}","templated":true}]}}