{"id":123,"date":"2012-09-03T15:47:29","date_gmt":"2012-09-03T15:47:29","guid":{"rendered":"http:\/\/labestiadeportiva.com\/lbd\/?p=123"},"modified":"2012-09-03T19:12:56","modified_gmt":"2012-09-03T19:12:56","slug":"el-barca-con-lo-justo-y-nada-mas","status":"publish","type":"post","link":"https:\/\/labestiadeportiva.com\/lbd\/el-barca-con-lo-justo-y-nada-mas\/","title":{"rendered":"El Bar\u00e7a con lo justo y  nada m\u00e1s"},"content":{"rendered":"<p>Por Daniel Campos (Corresponsal LBD en Palma de Mallorca, Espa\u00f1a)<\/p>\n<p><a href=\"http:\/\/labestiadeportiva.com\/lbd\/wp-content\/uploads\/2012\/09\/adriano1.jpg\"><img loading=\"lazy\" class=\"alignleft size-thumbnail wp-image-127\" title=\"adriano\" src=\"http:\/\/labestiadeportiva.com\/lbd\/wp-content\/uploads\/2012\/09\/adriano1-150x150.jpg\" alt=\"\" width=\"150\" height=\"150\" \/><\/a>El Barcelona sigue al frente en la tabla tras ganar al Valencia en el Cam Nou, pero debe sufrir para hacerse con los partidos, la grada a\u00f1ora a Pep y se nota. La\u00a0 tercera jornada del f\u00fatbol en la pen\u00ednsula comenz\u00f3 con cuatro encuentros.<!--morePara leer Click Aqu\u00ed--> En Riazor, el Deportivo de la Coru\u00f1a y el Getafe firmaron un empate 1 a 1 en el duelo que enfrent\u00f3 a ambos, se vio un interesante encuentro donde buscaron siempre el arco contrario, aunque los goles llegaron en la primera mitad.<\/p>\n<p>Los dos equipos se marcharon contentos manteniendo su buena racha, los gallegos sin conocer la derrota y los madrile\u00f1os muy confiados tras derrotar al Madrid en la fecha pasada. En la Romareda, un inspirado M\u00e1laga, tras su clasificaci\u00f3n en la previa de la Champions,\u00a0 se impuso por 1 a 0, al Zaragoza con un solitario gol de Camacho.<\/p>\n<p>Por otro lado, el Celta de\u00a0 Vigo, el reci\u00e9n ascendido, pudo cerrar un buen partido tras batir por 2 a 0 al Osasuna, sumando as\u00ed sus primeros tres puntos en lo que va del torneo. En el turno noche de la jornada sabatina, el Mallorca se fue adormir como l\u00edder provisional de la Liga, tras vencer por 1 a 0,\u00a0 a la Real Sociedad.<\/p>\n<p><a href=\"http:\/\/labestiadeportiva.com\/lbd\/wp-content\/uploads\/2012\/09\/madgra.jpg\"><img loading=\"lazy\" class=\"aligncenter size-medium wp-image-125\" title=\"madgra\" src=\"http:\/\/labestiadeportiva.com\/lbd\/wp-content\/uploads\/2012\/09\/madgra-300x234.jpg\" alt=\"\" width=\"300\" height=\"234\" srcset=\"https:\/\/labestiadeportiva.com\/lbd\/wp-content\/uploads\/2012\/09\/madgra-300x234.jpg 300w, https:\/\/labestiadeportiva.com\/lbd\/wp-content\/uploads\/2012\/09\/madgra.jpg 305w\" sizes=\"(max-width: 300px) 100vw, 300px\" \/><\/a>El equipo balear que conduce Joaqu\u00edn Caparros, sigue invicto en el campeonato local, aunque no convence a su afici\u00f3n, por la\u00a0 forma de plantear los encuentros, como se suele decir, no gusta pero gana. El domingo, en el sur de Madrid, el Rayo Vallecano y el Sevilla, midieron fuerzas y todo quedo en un empate 0 a 0.<\/p>\n<p>Los andaluces se volvieron con las manos vac\u00edas, tras fallar dos penales, uno por medio de Negredo y otro por cuenta de Rakitic. A pesar de tener un hombre m\u00e1s en el campo de juego, por la expulsi\u00f3n del arquero local, Martin\u00e9z, no pudieron llevarse los tres puntos, dominaron las acciones pero no fue suficiente.<\/p>\n<p>Por otro lado, el Athletic de Bilbao se apunt\u00f3 sus primeros puntos en la Liga, al vencer por 2 a 0 al Valladolid. El equipo que dirige el argentino Marcelo Bielsa, se hizo con el control del encuentro con facilidad y le dio una alegr\u00eda a su gente en San Mam\u00e9s.<\/p>\n<p>En el Ciutat de Valencia, el Levante gan\u00f3 al Espanyol, por 3 a 2, otra vez el conjunto de Pochettino no encontr\u00f3 la llave del partido y volvi\u00f3 a sumar una nueva decepci\u00f3n. En Madrid, el Bernabe\u00fa, presenci\u00f3 el primer triunfo del equipo de Mourinho, 3 a 0 ante el Granada.<\/p>\n<p>Gran trabajo de Cristiano Ronaldo que marc\u00f3 dos de los tres goles de la victoria blanca, antes de retirarse lesionado. El otro gol madridista lo marc\u00f3 Higua\u00edn. En el norte, la atenci\u00f3n se centr\u00f3 en la ciudad condal, el Barcelona\u00a0 en su estadio, gan\u00f3 por 1 a 0 al Valencia, un solitario gol marcado por Adriano, mientras Tito Vilanova, sancionado, observaba a sus dirigidos desde la grada.<\/p>\n<p>Poco f\u00fatbol, pero efectivo para mantenerse en la parte alta de la clasificaci\u00f3n. Completar\u00e1n la tercera fecha de la Liga, este lunes el Betis y el Atl\u00e9tico de Madrid.<\/p>\n<div class='epvc-post-count'><span class='epvc-eye'><\/span>  <span class=\"epvc-count\"> 1.388<\/span><span class='epvc-label'> veces le\u00edda<\/span><\/div>\n<div class=\"jwsharethis\">\nShare this: \n<br \/>\n<a href=\"mailto:?subject=El%20Bar%C3%A7a%20con%20lo%20justo%20y%20%20nada%20m%C3%A1s&amp;body=https%3A%2F%2Flabestiadeportiva.com%2Flbd%2Fel-barca-con-lo-justo-y-nada-mas%2F\">\n<img src=\"https:\/\/labestiadeportiva.com\/lbd\/wp-content\/plugins\/jw-share-this\/email.png\" alt=\"Share this page via Email\" \/>\n<\/a>\n<a target=\"_blank\" href=\"http:\/\/www.stumbleupon.com\/submit?url=https%3A%2F%2Flabestiadeportiva.com%2Flbd%2Fel-barca-con-lo-justo-y-nada-mas%2F&amp;title=El+Bar%C3%A7a+con+lo+justo+y++nada+m%C3%A1s\">\n<img src=\"https:\/\/labestiadeportiva.com\/lbd\/wp-content\/plugins\/jw-share-this\/su.png\" alt=\"Share this page via Stumble Upon\" \/>\n<\/a>\n<a target=\"_blank\" href=\"http:\/\/digg.com\/submit?url=https%3A%2F%2Flabestiadeportiva.com%2Flbd%2Fel-barca-con-lo-justo-y-nada-mas%2F&amp;title=El+Bar%C3%A7a+con+lo+justo+y++nada+m%C3%A1s\">\n<img src=\"https:\/\/labestiadeportiva.com\/lbd\/wp-content\/plugins\/jw-share-this\/digg.png\" alt=\"Share this page via Digg this\" \/>\n<\/a>\n<a target=\"_blank\" href=\"http:\/\/www.facebook.com\/sharer.php?u=https%3A%2F%2Flabestiadeportiva.com%2Flbd%2Fel-barca-con-lo-justo-y-nada-mas%2F&amp;t=El+Bar%C3%A7a+con+lo+justo+y++nada+m%C3%A1s\">\n<img src=\"https:\/\/labestiadeportiva.com\/lbd\/wp-content\/plugins\/jw-share-this\/fb.png\" alt=\"Share this page via Facebook\" \/>\n<\/a>\n<a target=\"_blank\" href=\"http:\/\/twitter.com\/intent\/tweet?text=I+like+https%3A%2F%2Flabestiadeportiva.com%2Flbd%2Fel-barca-con-lo-justo-y-nada-mas%2F&amp;title=El+Bar%C3%A7a+con+lo+justo+y++nada+m%C3%A1s\">\n<img src=\"https:\/\/labestiadeportiva.com\/lbd\/wp-content\/plugins\/jw-share-this\/twitter.png\" alt=\"Share this page via Twitter\" \/>\n<\/a>\n<\/div>\n","protected":false},"excerpt":{"rendered":"<p>Por Daniel Campos (Corresponsal LBD en Palma de Mallorca, Espa\u00f1a) El Barcelona sigue al frente en la tabla tras ganar al Valencia en el Cam Nou, pero debe sufrir para hacerse con los partidos, la grada a\u00f1ora a Pep y se nota. La\u00a0 tercera jornada del f\u00fatbol en la pen\u00ednsula comenz\u00f3 con cuatro encuentros. 1.388 &hellip; <a href=\"https:\/\/labestiadeportiva.com\/lbd\/el-barca-con-lo-justo-y-nada-mas\/\" class=\"more-link\">Seguir leyendo <span class=\"screen-reader-text\">El Bar\u00e7a con lo justo y  nada m\u00e1s<\/span> <span class=\"meta-nav\">&rarr;<\/span><\/a><\/p>\n","protected":false},"author":1,"featured_media":127,"comment_status":"open","ping_status":"open","sticky":false,"template":"","format":"standard","meta":[],"categories":[4,1],"tags":[35],"_links":{"self":[{"href":"https:\/\/labestiadeportiva.com\/lbd\/wp-json\/wp\/v2\/posts\/123"}],"collection":[{"href":"https:\/\/labestiadeportiva.com\/lbd\/wp-json\/wp\/v2\/posts"}],"about":[{"href":"https:\/\/labestiadeportiva.com\/lbd\/wp-json\/wp\/v2\/types\/post"}],"author":[{"embeddable":true,"href":"https:\/\/labestiadeportiva.com\/lbd\/wp-json\/wp\/v2\/users\/1"}],"replies":[{"embeddable":true,"href":"https:\/\/labestiadeportiva.com\/lbd\/wp-json\/wp\/v2\/comments?post=123"}],"version-history":[{"count":7,"href":"https:\/\/labestiadeportiva.com\/lbd\/wp-json\/wp\/v2\/posts\/123\/revisions"}],"predecessor-version":[{"id":134,"href":"https:\/\/labestiadeportiva.com\/lbd\/wp-json\/wp\/v2\/posts\/123\/revisions\/134"}],"wp:featuredmedia":[{"embeddable":true,"href":"https:\/\/labestiadeportiva.com\/lbd\/wp-json\/wp\/v2\/media\/127"}],"wp:attachment":[{"href":"https:\/\/labestiadeportiva.com\/lbd\/wp-json\/wp\/v2\/media?parent=123"}],"wp:term":[{"taxonomy":"category","embeddable":true,"href":"https:\/\/labestiadeportiva.com\/lbd\/wp-json\/wp\/v2\/categories?post=123"},{"taxonomy":"post_tag","embeddable":true,"href":"https:\/\/labestiadeportiva.com\/lbd\/wp-json\/wp\/v2\/tags?post=123"}],"curies":[{"name":"wp","href":"https:\/\/api.w.org\/{rel}","templated":true}]}}