{"id":12571,"date":"2014-09-03T20:34:30","date_gmt":"2014-09-03T20:34:30","guid":{"rendered":"http:\/\/labestiadeportiva.com\/lbd\/?p=12571"},"modified":"2014-09-03T20:38:09","modified_gmt":"2014-09-03T20:38:09","slug":"la-importancia-de-sumar","status":"publish","type":"post","link":"https:\/\/labestiadeportiva.com\/lbd\/la-importancia-de-sumar\/","title":{"rendered":"La importancia de sumar"},"content":{"rendered":"<p><a href=\"http:\/\/labestiadeportiva.com\/lbd\/wp-content\/uploads\/2014\/09\/Garro-0.jpg\"><img loading=\"lazy\" class=\"alignleft size-medium wp-image-12572\" title=\"Garro 0\" src=\"http:\/\/labestiadeportiva.com\/lbd\/wp-content\/uploads\/2014\/09\/Garro-0-300x187.jpg\" alt=\"\" width=\"300\" height=\"187\" srcset=\"https:\/\/labestiadeportiva.com\/lbd\/wp-content\/uploads\/2014\/09\/Garro-0-300x187.jpg 300w, https:\/\/labestiadeportiva.com\/lbd\/wp-content\/uploads\/2014\/09\/Garro-0.jpg 800w\" sizes=\"(max-width: 300px) 100vw, 300px\" \/><\/a>El ushuaiense Lucas Garro no tuvo un fin de semana deseado en Concordia, pero a pesar de los inconvenientes consigui\u00f3 mantenerse dentro del Top 5 en el campeonato sumando puntos valiosos. De esta forma enfrenta las \u00faltimas fechas con posibilidades de t\u00edtulo. Fuente y foto prensa Lucas Garro.<\/p>\n<p>El renovado trazado de Concordia, en la provincia de Entre R\u00edos, fue la sede de la s\u00e9ptima fecha de la temporada del Turismo Pista con la presencia del fueguino Lucas Garro al comando del Volkswagen Gol que prepara \u00edntegramente Dacal Racing tras la cita de invitados en La Plata, donde la suerte no acompa\u00f1\u00f3 demasiado.<!--more--><\/p>\n<p>Con el n\u00famero 77 en sus laterales, el representante de Tierra del Fuego inici\u00f3 la actividad con los entrenamientos del viernes donde la caja de cambios present\u00f3 inconvenientes de entrada, sin permitir la puesta a punto ideal de la unidad. Asimismo, por precauci\u00f3n se decidi\u00f3 destapar el motor y llevar adelante esa acci\u00f3n cost\u00f3 cargar con 15 kilos de lastre extras.<\/p>\n<p>El s\u00e1bado no hab\u00eda tiempo para chequear y en la clasificaci\u00f3n la caja volvi\u00f3 a echar por tierra la chance de meterse adelante, dejando muy relegado al ushuaiense que estaba obligado a sumar para no perder el tren en la tabla.<\/p>\n<p>En la serie sabatina se pudo reemplazar la pieza que presentaba problemas y el rendimiento mejor\u00f3, consiguiendo un tercer puesto en pista pero un cuarto definitivo luego de un peque\u00f1o recargo.<\/p>\n<p>Desde el und\u00e9cimo caj\u00f3n de la grilla el domingo indicaba que hab\u00eda que aspirar a la remontada para ampliar la cosecha en el mayor porcentaje posible y, si bien se ubicaba s\u00e9ptimo en el giro inicial, un toque de otro competidor lo releg\u00f3 hasta el puesto 17 y en las vueltas finales consigui\u00f3 adelantar varios lugares para cruzar la llegada en la 11\u00ba posici\u00f3n.<\/p>\n<p>Ya con la cabeza puesta en Buenos Aires, el representante de Tierra del Fuego sostuvo: \u201cFue un fin de semana complicado. Desde los ensayos comenzamos con algunos inconvenientes en la caja y reci\u00e9n pudimos solucionarlos en la serie. Avanzamos bastante para conseguir largar cerca de los diez en la final y producto de la elevada temperatura de los frenos fuimos remontando con cuidado tras un toque que nos hizo perder muchos lugares para sumar puntos importantes\u201d.<\/p>\n<p>La pr\u00f3xima fecha (8\u00ba) se desarrollar\u00e1 en el aut\u00f3dromo de Buenos Aires entre el 19 y 21 de Septiembre.<\/p>\n<p><span style=\"color: #0000ff;\">Campeonato Turismo Pista Clase 3<\/span><br \/>\n7 de 11 fechas disputadas<br \/>\n<span style=\"color: #ff0000;\">#1 Pablo Collazo (h) (Volkswagen) 129,5 puntos<\/span><br \/>\n#2 Pablo Vuyovich (Renault) 124 puntos<br \/>\n#3 Gast\u00f3n Grasso (Renault) 123 puntos<br \/>\n#4 Emanuel Bibiloni (Volkswagen) 118 puntos<br \/>\n#5 Lucas Garro (Volkswagen) 111 puntos<\/p>\n<div class='epvc-post-count'><span class='epvc-eye'><\/span>  <span class=\"epvc-count\"> 1.125<\/span><span class='epvc-label'> veces le\u00edda<\/span><\/div>\n<div class=\"jwsharethis\">\nShare this: \n<br \/>\n<a href=\"mailto:?subject=La%20importancia%20de%20sumar&amp;body=https%3A%2F%2Flabestiadeportiva.com%2Flbd%2Fla-importancia-de-sumar%2F\">\n<img src=\"https:\/\/labestiadeportiva.com\/lbd\/wp-content\/plugins\/jw-share-this\/email.png\" alt=\"Share this page via Email\" \/>\n<\/a>\n<a target=\"_blank\" href=\"http:\/\/www.stumbleupon.com\/submit?url=https%3A%2F%2Flabestiadeportiva.com%2Flbd%2Fla-importancia-de-sumar%2F&amp;title=La+importancia+de+sumar\">\n<img src=\"https:\/\/labestiadeportiva.com\/lbd\/wp-content\/plugins\/jw-share-this\/su.png\" alt=\"Share this page via Stumble Upon\" \/>\n<\/a>\n<a target=\"_blank\" href=\"http:\/\/digg.com\/submit?url=https%3A%2F%2Flabestiadeportiva.com%2Flbd%2Fla-importancia-de-sumar%2F&amp;title=La+importancia+de+sumar\">\n<img src=\"https:\/\/labestiadeportiva.com\/lbd\/wp-content\/plugins\/jw-share-this\/digg.png\" alt=\"Share this page via Digg this\" \/>\n<\/a>\n<a target=\"_blank\" href=\"http:\/\/www.facebook.com\/sharer.php?u=https%3A%2F%2Flabestiadeportiva.com%2Flbd%2Fla-importancia-de-sumar%2F&amp;t=La+importancia+de+sumar\">\n<img src=\"https:\/\/labestiadeportiva.com\/lbd\/wp-content\/plugins\/jw-share-this\/fb.png\" alt=\"Share this page via Facebook\" \/>\n<\/a>\n<a target=\"_blank\" href=\"http:\/\/twitter.com\/intent\/tweet?text=I+like+https%3A%2F%2Flabestiadeportiva.com%2Flbd%2Fla-importancia-de-sumar%2F&amp;title=La+importancia+de+sumar\">\n<img src=\"https:\/\/labestiadeportiva.com\/lbd\/wp-content\/plugins\/jw-share-this\/twitter.png\" alt=\"Share this page via Twitter\" \/>\n<\/a>\n<\/div>\n","protected":false},"excerpt":{"rendered":"<p>El ushuaiense Lucas Garro no tuvo un fin de semana deseado en Concordia, pero a pesar de los inconvenientes consigui\u00f3 mantenerse dentro del Top 5 en el campeonato sumando puntos valiosos. De esta forma enfrenta las \u00faltimas fechas con posibilidades de t\u00edtulo. Fuente y foto prensa Lucas Garro. El renovado trazado de Concordia, en la &hellip; <a href=\"https:\/\/labestiadeportiva.com\/lbd\/la-importancia-de-sumar\/\" class=\"more-link\">Seguir leyendo <span class=\"screen-reader-text\">La importancia de sumar<\/span> <span class=\"meta-nav\">&rarr;<\/span><\/a><\/p>\n","protected":false},"author":1,"featured_media":12572,"comment_status":"open","ping_status":"open","sticky":false,"template":"","format":"standard","meta":[],"categories":[5,6,1],"tags":[86,151,1715],"_links":{"self":[{"href":"https:\/\/labestiadeportiva.com\/lbd\/wp-json\/wp\/v2\/posts\/12571"}],"collection":[{"href":"https:\/\/labestiadeportiva.com\/lbd\/wp-json\/wp\/v2\/posts"}],"about":[{"href":"https:\/\/labestiadeportiva.com\/lbd\/wp-json\/wp\/v2\/types\/post"}],"author":[{"embeddable":true,"href":"https:\/\/labestiadeportiva.com\/lbd\/wp-json\/wp\/v2\/users\/1"}],"replies":[{"embeddable":true,"href":"https:\/\/labestiadeportiva.com\/lbd\/wp-json\/wp\/v2\/comments?post=12571"}],"version-history":[{"count":2,"href":"https:\/\/labestiadeportiva.com\/lbd\/wp-json\/wp\/v2\/posts\/12571\/revisions"}],"predecessor-version":[{"id":12575,"href":"https:\/\/labestiadeportiva.com\/lbd\/wp-json\/wp\/v2\/posts\/12571\/revisions\/12575"}],"wp:featuredmedia":[{"embeddable":true,"href":"https:\/\/labestiadeportiva.com\/lbd\/wp-json\/wp\/v2\/media\/12572"}],"wp:attachment":[{"href":"https:\/\/labestiadeportiva.com\/lbd\/wp-json\/wp\/v2\/media?parent=12571"}],"wp:term":[{"taxonomy":"category","embeddable":true,"href":"https:\/\/labestiadeportiva.com\/lbd\/wp-json\/wp\/v2\/categories?post=12571"},{"taxonomy":"post_tag","embeddable":true,"href":"https:\/\/labestiadeportiva.com\/lbd\/wp-json\/wp\/v2\/tags?post=12571"}],"curies":[{"name":"wp","href":"https:\/\/api.w.org\/{rel}","templated":true}]}}