{"id":129,"date":"2012-09-03T15:55:28","date_gmt":"2012-09-03T15:55:28","guid":{"rendered":"http:\/\/labestiadeportiva.com\/lbd\/?p=129"},"modified":"2012-09-03T19:07:02","modified_gmt":"2012-09-03T19:07:02","slug":"grosjean-suspendido","status":"publish","type":"post","link":"https:\/\/labestiadeportiva.com\/lbd\/grosjean-suspendido\/","title":{"rendered":"Grosjean suspendido"},"content":{"rendered":"<p>Por Daniel Campos (Corresponsal LBD en Palma de Mallorca, Espa\u00f1a)<\/p>\n<p><a href=\"http:\/\/labestiadeportiva.com\/lbd\/wp-content\/uploads\/2012\/09\/gros1.jpg\"><img loading=\"lazy\" class=\"alignleft size-thumbnail wp-image-132\" title=\"gros\" src=\"http:\/\/labestiadeportiva.com\/lbd\/wp-content\/uploads\/2012\/09\/gros1-150x150.jpg\" alt=\"\" width=\"150\" height=\"150\" srcset=\"https:\/\/labestiadeportiva.com\/lbd\/wp-content\/uploads\/2012\/09\/gros1-150x150.jpg 150w, https:\/\/labestiadeportiva.com\/lbd\/wp-content\/uploads\/2012\/09\/gros1.jpg 160w\" sizes=\"(max-width: 150px) 100vw, 150px\" \/><\/a>El piloto franc\u00e9s Romain Grosjean, de la escuder\u00eda Lotus, ha sido sancionado con una carrera de suspensi\u00f3n, seg\u00fan lo informado por las autoridades\u00a0 del Gran Premio de B\u00e9lgica.<br \/>\nLa FIA comunic\u00f3 la sanci\u00f3n al piloto galo, tras llamarlo a declarar a \u00e9l y al Lewis Hamilton, que tan tambi\u00e9n se vio involucrado.<!--morePara leer Click Aqu\u00ed--><\/p>\n<p>De esta manera no participar\u00e1 de la pr\u00f3xima competencia la semana que viene en el circuito de Monza.<\/p>\n<p>Adem\u00e1s de la penalizaci\u00f3n, hay que sumarle una multa de 50000 euros. En tanto la escuder\u00eda Lotus, se ha puesto en campa\u00f1a para ubicar un piloto de reemplazo y el que m\u00e1s suena es el del belga, Jerome d Ambrosio, piloto reserva de Renault.<\/p>\n<p>Pero en este accidentado Gran Premio de B\u00e9lgica, los comisarios de pista tambi\u00e9n han sancionado al venezolano Pastor Maldonado de Williams, por la salida en falso en la largada de Spa. Para la pr\u00f3xima carrera perder\u00e1 diez posiciones en la jornada de clasificaci\u00f3n del d\u00eda s\u00e1bado.<\/p>\n<div class='epvc-post-count'><span class='epvc-eye'><\/span>  <span class=\"epvc-count\"> 1.137<\/span><span class='epvc-label'> veces le\u00edda<\/span><\/div>\n<div class=\"jwsharethis\">\nShare this: \n<br \/>\n<a href=\"mailto:?subject=Grosjean%20suspendido&amp;body=https%3A%2F%2Flabestiadeportiva.com%2Flbd%2Fgrosjean-suspendido%2F\">\n<img src=\"https:\/\/labestiadeportiva.com\/lbd\/wp-content\/plugins\/jw-share-this\/email.png\" alt=\"Share this page via Email\" \/>\n<\/a>\n<a target=\"_blank\" href=\"http:\/\/www.stumbleupon.com\/submit?url=https%3A%2F%2Flabestiadeportiva.com%2Flbd%2Fgrosjean-suspendido%2F&amp;title=Grosjean+suspendido\">\n<img src=\"https:\/\/labestiadeportiva.com\/lbd\/wp-content\/plugins\/jw-share-this\/su.png\" alt=\"Share this page via Stumble Upon\" \/>\n<\/a>\n<a target=\"_blank\" href=\"http:\/\/digg.com\/submit?url=https%3A%2F%2Flabestiadeportiva.com%2Flbd%2Fgrosjean-suspendido%2F&amp;title=Grosjean+suspendido\">\n<img src=\"https:\/\/labestiadeportiva.com\/lbd\/wp-content\/plugins\/jw-share-this\/digg.png\" alt=\"Share this page via Digg this\" \/>\n<\/a>\n<a target=\"_blank\" href=\"http:\/\/www.facebook.com\/sharer.php?u=https%3A%2F%2Flabestiadeportiva.com%2Flbd%2Fgrosjean-suspendido%2F&amp;t=Grosjean+suspendido\">\n<img src=\"https:\/\/labestiadeportiva.com\/lbd\/wp-content\/plugins\/jw-share-this\/fb.png\" alt=\"Share this page via Facebook\" \/>\n<\/a>\n<a target=\"_blank\" href=\"http:\/\/twitter.com\/intent\/tweet?text=I+like+https%3A%2F%2Flabestiadeportiva.com%2Flbd%2Fgrosjean-suspendido%2F&amp;title=Grosjean+suspendido\">\n<img src=\"https:\/\/labestiadeportiva.com\/lbd\/wp-content\/plugins\/jw-share-this\/twitter.png\" alt=\"Share this page via Twitter\" \/>\n<\/a>\n<\/div>\n","protected":false},"excerpt":{"rendered":"<p>Por Daniel Campos (Corresponsal LBD en Palma de Mallorca, Espa\u00f1a) El piloto franc\u00e9s Romain Grosjean, de la escuder\u00eda Lotus, ha sido sancionado con una carrera de suspensi\u00f3n, seg\u00fan lo informado por las autoridades\u00a0 del Gran Premio de B\u00e9lgica. La FIA comunic\u00f3 la sanci\u00f3n al piloto galo, tras llamarlo a declarar a \u00e9l y al Lewis &hellip; <a href=\"https:\/\/labestiadeportiva.com\/lbd\/grosjean-suspendido\/\" class=\"more-link\">Seguir leyendo <span class=\"screen-reader-text\">Grosjean suspendido<\/span> <span class=\"meta-nav\">&rarr;<\/span><\/a><\/p>\n","protected":false},"author":1,"featured_media":132,"comment_status":"open","ping_status":"open","sticky":false,"template":"","format":"standard","meta":[],"categories":[4,33,1],"tags":[4834],"_links":{"self":[{"href":"https:\/\/labestiadeportiva.com\/lbd\/wp-json\/wp\/v2\/posts\/129"}],"collection":[{"href":"https:\/\/labestiadeportiva.com\/lbd\/wp-json\/wp\/v2\/posts"}],"about":[{"href":"https:\/\/labestiadeportiva.com\/lbd\/wp-json\/wp\/v2\/types\/post"}],"author":[{"embeddable":true,"href":"https:\/\/labestiadeportiva.com\/lbd\/wp-json\/wp\/v2\/users\/1"}],"replies":[{"embeddable":true,"href":"https:\/\/labestiadeportiva.com\/lbd\/wp-json\/wp\/v2\/comments?post=129"}],"version-history":[{"count":4,"href":"https:\/\/labestiadeportiva.com\/lbd\/wp-json\/wp\/v2\/posts\/129\/revisions"}],"predecessor-version":[{"id":145,"href":"https:\/\/labestiadeportiva.com\/lbd\/wp-json\/wp\/v2\/posts\/129\/revisions\/145"}],"wp:featuredmedia":[{"embeddable":true,"href":"https:\/\/labestiadeportiva.com\/lbd\/wp-json\/wp\/v2\/media\/132"}],"wp:attachment":[{"href":"https:\/\/labestiadeportiva.com\/lbd\/wp-json\/wp\/v2\/media?parent=129"}],"wp:term":[{"taxonomy":"category","embeddable":true,"href":"https:\/\/labestiadeportiva.com\/lbd\/wp-json\/wp\/v2\/categories?post=129"},{"taxonomy":"post_tag","embeddable":true,"href":"https:\/\/labestiadeportiva.com\/lbd\/wp-json\/wp\/v2\/tags?post=129"}],"curies":[{"name":"wp","href":"https:\/\/api.w.org\/{rel}","templated":true}]}}